{"id":5421,"date":"2026-04-03T12:56:15","date_gmt":"2026-04-03T12:56:15","guid":{"rendered":"https:\/\/projets-solidaires.la-guilde.org\/?p=5421"},"modified":"2026-04-03T13:03:31","modified_gmt":"2026-04-03T13:03:31","slug":"formation-cycle-de-projet-thematique-agr-guilde","status":"publish","type":"post","link":"https:\/\/projets-solidaires.la-guilde.org\/en\/formation-cycle-de-projet-thematique-agr-guilde\/","title":{"rendered":"Cycle de formation 2026 &#8211; Lancez la pr\u00e9paration de votre projet avec les formations de La Guilde :"},"content":{"rendered":"<div data-elementor-type=\"wp-post\" data-elementor-id=\"5421\" class=\"elementor elementor-5421\" data-elementor-post-type=\"post\">\n\t\t\t\t<div class=\"elementor-element elementor-element-b04be7b e-flex e-con-boxed e-con e-parent\" data-id=\"b04be7b\" data-element_type=\"container\" data-e-type=\"container\">\n\t\t\t\t\t<div class=\"e-con-inner\">\n\t\t\t\t<div class=\"elementor-element elementor-element-fcecf12 elementor-widget elementor-widget-heading\" data-id=\"fcecf12\" data-element_type=\"widget\" data-e-type=\"widget\" data-widget_type=\"heading.default\">\n\t\t\t\t<div class=\"elementor-widget-container\">\n\t\t\t\t\t<h2 class=\"elementor-heading-title elementor-size-default\">Lancez la pr\u00e9paration de votre projet avec les formations de La Guilde : <\/h2>\t\t\t\t<\/div>\n\t\t\t\t<\/div>\n\t\t\t\t\t<\/div>\n\t\t\t\t<\/div>\n\t\t<div class=\"elementor-element elementor-element-1310955 e-flex e-con-boxed e-con e-parent\" data-id=\"1310955\" data-element_type=\"container\" data-e-type=\"container\">\n\t\t\t\t\t<div class=\"e-con-inner\">\n\t\t\t\t<div class=\"elementor-element elementor-element-8a50e85 elementor-widget elementor-widget-text-editor\" data-id=\"8a50e85\" data-element_type=\"widget\" data-e-type=\"widget\" data-widget_type=\"text-editor.default\">\n\t\t\t\t<div class=\"elementor-widget-container\">\n\t\t\t\t\t\t\t\t\t<p>Envie de <strong>structurer vos id\u00e9es<\/strong> and of <strong>donner vie \u00e0 vos projets solidaires<\/strong> ? En ce d\u00e9but d\u2019ann\u00e9e, <strong>La Guilde<\/strong> vous propose un nouveau <strong>cycle de formations<\/strong> pour vous accompagner sur chaque \u00e9tape de vos microprojets.<\/p><p>\u00c0 travers<strong> le P\u00f4le Microprojet<\/strong>, La Guilde soutient les associations en leur <strong>donnant les cl\u00e9s pour concevoir, piloter et d\u00e9velopper<\/strong> des projets de solidarit\u00e9 internationale. Ces formations sont pens\u00e9es pour vous aider \u00e0 <strong>monter en comp\u00e9tences<\/strong>, gagner en <strong>m\u00e9thodologie<\/strong>, apprendre \u00e0 <strong>ma\u00eetriser des outils de gestion de projets<\/strong> And <strong>s\u00e9curiser<\/strong> vos d\u00e9marches.<\/p><p><strong>Rendez-vous en<\/strong> <strong>mai<\/strong> pour le d\u00e9but de ce cycle de formations, compos\u00e9 de <strong>6 modules en pr\u00e9sentiel<\/strong>, \u00e0 destination prioritaire des associations d\u2019\u00cele-de-France :<\/p>\t\t\t\t\t\t\t\t<\/div>\n\t\t\t\t<\/div>\n\t\t\t\t\t<\/div>\n\t\t\t\t<\/div>\n\t\t<div class=\"elementor-element elementor-element-90f6ce7 e-flex e-con-boxed e-con e-parent\" data-id=\"90f6ce7\" data-element_type=\"container\" data-e-type=\"container\">\n\t\t\t\t\t<div class=\"e-con-inner\">\n\t\t\t\t<div class=\"elementor-element elementor-element-46c110c elementor-widget elementor-widget-text-editor\" data-id=\"46c110c\" data-element_type=\"widget\" data-e-type=\"widget\" data-widget_type=\"text-editor.default\">\n\t\t\t\t<div class=\"elementor-widget-container\">\n\t\t\t\t\t\t\t\t\t<ul><li><strong>Agro\u00e9cologie\u00a0: mardi 12 mai 2026<\/strong><\/li><li><strong>Diagnostic et conception<\/strong> d\u2019un microprojet de d\u00e9veloppement\u00a0: <strong>vendredi 5 juin 2026<\/strong><\/li><li><strong>Planning and Implementation<\/strong> d\u2019un microprojet de d\u00e9veloppement : <strong>vendredi 12 juin 2026<\/strong><\/li><li><strong>\u00c9laboration d\u2019un budget et recherche de financements<\/strong> pour un microprojet de d\u00e9veloppement\u00a0: <strong>vendredi 19 juin 2026<\/strong><\/li><li><strong>Monitoring and evaluation<\/strong> d\u2019un microprojet de d\u00e9veloppement\u00a0: <strong>vendredi 26 juin 2026<\/strong><\/li><li><strong>Activit\u00e9s G\u00e9n\u00e9ratrices de Revenus\u00a0: vendredi 3 juillet 2026<\/strong><\/li><\/ul>\t\t\t\t\t\t\t\t<\/div>\n\t\t\t\t<\/div>\n\t\t\t\t\t<\/div>\n\t\t\t\t<\/div>\n\t\t<div class=\"elementor-element elementor-element-6ade1ca e-flex e-con-boxed e-con e-parent\" data-id=\"6ade1ca\" data-element_type=\"container\" data-e-type=\"container\">\n\t\t\t\t\t<div class=\"e-con-inner\">\n\t\t\t\t<div class=\"elementor-element elementor-element-77fafd4 elementor-widget elementor-widget-text-editor\" data-id=\"77fafd4\" data-element_type=\"widget\" data-e-type=\"widget\" data-widget_type=\"text-editor.default\">\n\t\t\t\t<div class=\"elementor-widget-container\">\n\t\t\t\t\t\t\t\t\t<p>Chaque module vous permet de <strong>mieux comprendre les \u00e9tapes cl\u00e9s du cycle de projet<\/strong>, de ma\u00eetriser les outils essentiels et d\u2019acqu\u00e9rir des r\u00e9flexes concrets pour mener \u00e0 bien vos actions. C\u2019est aussi l\u2019occasion id\u00e9ale de <strong>vous pr\u00e9parer efficacement aux appels \u00e0 projets<\/strong>, qu\u2019ils soient port\u00e9s par La Guilde ou par d\u2019autres acteurs.<\/p><p>Les formations se d\u00e9roulent<strong> en pr\u00e9sentiel, sur une journ\u00e9e compl\u00e8te (9h30 \u2013 17h)<\/strong>. L\u2019adresse vous sera communiqu\u00e9e apr\u00e8s inscription. <strong>Tarif : 40 \u20ac par module. <\/strong>Inscrivez-vous d\u00e8s maintenant<strong> via le Portail Solidaire\u00a0<\/strong><\/p><p><strong>Le paiement en ligne est disponible directement sur la plateforme.<\/strong> En cas de besoin, vous pouvez \u00e9galement <strong>contacter l\u2019\u00e9quipe<\/strong> pour envisager une autre modalit\u00e9 d\u2019inscription.<\/p>\t\t\t\t\t\t\t\t<\/div>\n\t\t\t\t<\/div>\n\t\t\t\t\t<\/div>\n\t\t\t\t<\/div>\n\t\t<div class=\"elementor-element elementor-element-a079550 e-flex e-con-boxed e-con e-parent\" data-id=\"a079550\" data-element_type=\"container\" data-e-type=\"container\">\n\t\t\t\t\t<div class=\"e-con-inner\">\n\t\t<div class=\"elementor-element elementor-element-fdcf7f1 e-grid e-con-full e-con e-child\" data-id=\"fdcf7f1\" data-element_type=\"container\" data-e-type=\"container\">\n\t\t\t\t<div class=\"elementor-element elementor-element-58dc4b7 elementor-align-center elementor-widget elementor-widget-button\" data-id=\"58dc4b7\" data-element_type=\"widget\" data-e-type=\"widget\" data-widget_type=\"button.default\">\n\t\t\t\t<div class=\"elementor-widget-container\">\n\t\t\t\t\t\t\t\t\t<div class=\"elementor-button-wrapper\">\n\t\t\t\t\t<a class=\"elementor-button elementor-button-link elementor-size-sm\" href=\"https:\/\/projets-solidaires.la-guilde.org\/en\/training-courses\/\">\n\t\t\t\t\t\t<span class=\"elementor-button-content-wrapper\">\n\t\t\t\t\t\t\t\t\t<span class=\"elementor-button-text\">Inscrivez vous aux formations<\/span>\n\t\t\t\t\t<\/span>\n\t\t\t\t\t<\/a>\n\t\t\t\t<\/div>\n\t\t\t\t\t\t\t\t<\/div>\n\t\t\t\t<\/div>\n\t\t\t\t<div class=\"elementor-element elementor-element-85062cb elementor-align-center elementor-widget elementor-widget-button\" data-id=\"85062cb\" data-element_type=\"widget\" data-e-type=\"widget\" data-widget_type=\"button.default\">\n\t\t\t\t<div class=\"elementor-widget-container\">\n\t\t\t\t\t\t\t\t\t<div class=\"elementor-button-wrapper\">\n\t\t\t\t\t<a class=\"elementor-button elementor-button-link elementor-size-sm\" href=\"https:\/\/projets-solidaires.la-guilde.org\/wp-content\/uploads\/2026\/04\/MP-Programme-de-formations-2026-1-1.pdf\">\n\t\t\t\t\t\t<span class=\"elementor-button-content-wrapper\">\n\t\t\t\t\t\t\t\t\t<span class=\"elementor-button-text\">D\u00e9couvrez le programme de formation<\/span>\n\t\t\t\t\t<\/span>\n\t\t\t\t\t<\/a>\n\t\t\t\t<\/div>\n\t\t\t\t\t\t\t\t<\/div>\n\t\t\t\t<\/div>\n\t\t\t\t<\/div>\n\t\t\t\t<div class=\"elementor-element elementor-element-f41b6e2 elementor-widget elementor-widget-image\" data-id=\"f41b6e2\" data-element_type=\"widget\" data-e-type=\"widget\" data-widget_type=\"image.default\">\n\t\t\t\t<div class=\"elementor-widget-container\">\n\t\t\t\t\t\t\t\t\t\t\t\t\t\t\t<img decoding=\"async\" src=\"https:\/\/projets-solidaires.la-guilde.org\/wp-content\/uploads\/2026\/04\/image-11-1.jpg\" title=\"image (11)\" alt=\"image (11)\" loading=\"lazy\" \/>\t\t\t\t\t\t\t\t\t\t\t\t\t\t\t<\/div>\n\t\t\t\t<\/div>\n\t\t\t\t\t<\/div>\n\t\t\t\t<\/div>\n\t\t<div class=\"elementor-element elementor-element-1d86db5 e-flex e-con-boxed e-con e-parent\" data-id=\"1d86db5\" data-element_type=\"container\" data-e-type=\"container\">\n\t\t\t\t\t<div class=\"e-con-inner\">\n\t\t\t\t<div class=\"elementor-element elementor-element-cf84025 elementor-widget elementor-widget-spacer\" data-id=\"cf84025\" data-element_type=\"widget\" data-e-type=\"widget\" data-widget_type=\"spacer.default\">\n\t\t\t\t<div class=\"elementor-widget-container\">\n\t\t\t\t\t\t\t<div class=\"elementor-spacer\">\n\t\t\t<div class=\"elementor-spacer-inner\"><\/div>\n\t\t<\/div>\n\t\t\t\t\t\t<\/div>\n\t\t\t\t<\/div>\n\t\t\t\t\t<\/div>\n\t\t\t\t<\/div>\n\t\t<div class=\"elementor-element elementor-element-b4779a1 e-flex e-con-boxed e-con e-parent\" data-id=\"b4779a1\" data-element_type=\"container\" data-e-type=\"container\">\n\t\t\t\t\t<div class=\"e-con-inner\">\n\t\t\t\t<div class=\"elementor-element elementor-element-ddab74d elementor-widget elementor-widget-image\" data-id=\"ddab74d\" data-element_type=\"widget\" data-e-type=\"widget\" data-widget_type=\"image.default\">\n\t\t\t\t<div class=\"elementor-widget-container\">\n\t\t\t\t\t\t\t\t\t\t\t\t\t\t\t<img decoding=\"async\" src=\"https:\/\/projets-solidaires.la-guilde.org\/wp-content\/uploads\/2026\/04\/MP-Programme-de-formations-2026-1.pdf\" title=\"\" alt=\"\" loading=\"lazy\" \/>\t\t\t\t\t\t\t\t\t\t\t\t\t\t\t<\/div>\n\t\t\t\t<\/div>\n\t\t\t\t\t<\/div>\n\t\t\t\t<\/div>\n\t\t\t\t<\/div>","protected":false},"excerpt":{"rendered":"<p>Lancez la pr\u00e9paration de votre projet avec les formations de La Guilde : Envie de structurer vos id\u00e9es et de donner vie \u00e0 vos projets solidaires ? En ce d\u00e9but d\u2019ann\u00e9e, La Guilde vous propose un nouveau cycle de formations pour vous accompagner sur chaque \u00e9tape de vos microprojets. \u00c0 travers le P\u00f4le Microprojet, La [&hellip;]<\/p>\n","protected":false},"author":8,"featured_media":5412,"comment_status":"open","ping_status":"open","sticky":false,"template":"","format":"standard","meta":{"inline_featured_image":false,"footnotes":""},"categories":[299],"tags":[300,1012],"class_list":["post-5421","post","type-post","status-publish","format-standard","has-post-thumbnail","hentry","category-formation","tag-formation","tag-microprojets"],"yoast_head":"<!-- This site is optimized with the Yoast SEO plugin v27.3 - https:\/\/yoast.com\/product\/yoast-seo-wordpress\/ -->\n<title>Cycle de formation 2026 - Lancez la pr\u00e9paration de votre projet avec les formations de La Guilde : - Microprojet La Guilde<\/title>\n<meta name=\"description\" content=\"Venez vous former aupr\u00e8s de La Guilde : AGR, agro\u00e9cologie, cycle et m\u00e9thodologie de projet, ... D\u00e9couvrez le programme de formations 2026.\" \/>\n<meta name=\"robots\" content=\"index, follow, max-snippet:-1, max-image-preview:large, max-video-preview:-1\" \/>\n<link rel=\"canonical\" href=\"https:\/\/projets-solidaires.la-guilde.org\/en\/formation-cycle-de-projet-thematique-agr-guilde\/\" \/>\n<script type=\"application\/ld+json\" class=\"yoast-schema-graph\">{\"@context\":\"https:\\\/\\\/schema.org\",\"@graph\":[{\"@type\":\"Article\",\"@id\":\"https:\\\/\\\/projets-solidaires.la-guilde.org\\\/formation-cycle-de-projet-thematique-agr-guilde\\\/#article\",\"isPartOf\":{\"@id\":\"https:\\\/\\\/projets-solidaires.la-guilde.org\\\/formation-cycle-de-projet-thematique-agr-guilde\\\/\"},\"author\":{\"name\":\"Antonin Helias\",\"@id\":\"https:\\\/\\\/projets-solidaires.la-guilde.org\\\/#\\\/schema\\\/person\\\/b7882ba22c21841c9cc1950cf46fb40e\"},\"headline\":\"Cycle de formation 2026 &#8211; Lancez la pr\u00e9paration de votre projet avec les formations de La Guilde :\",\"datePublished\":\"2026-04-03T12:56:15+00:00\",\"dateModified\":\"2026-04-03T13:03:31+00:00\",\"mainEntityOfPage\":{\"@id\":\"https:\\\/\\\/projets-solidaires.la-guilde.org\\\/formation-cycle-de-projet-thematique-agr-guilde\\\/\"},\"wordCount\":349,\"commentCount\":0,\"publisher\":{\"@id\":\"https:\\\/\\\/projets-solidaires.la-guilde.org\\\/#organization\"},\"image\":{\"@id\":\"https:\\\/\\\/projets-solidaires.la-guilde.org\\\/formation-cycle-de-projet-thematique-agr-guilde\\\/#primaryimage\"},\"thumbnailUrl\":\"https:\\\/\\\/projets-solidaires.la-guilde.org\\\/wp-content\\\/uploads\\\/2026\\\/04\\\/image-11-1.jpg\",\"keywords\":[\"Formation\",\"Microprojets\"],\"articleSection\":[\"Formation\"],\"inLanguage\":\"en-GB\",\"potentialAction\":[{\"@type\":\"CommentAction\",\"name\":\"Comment\",\"target\":[\"https:\\\/\\\/projets-solidaires.la-guilde.org\\\/formation-cycle-de-projet-thematique-agr-guilde\\\/#respond\"]}]},{\"@type\":\"WebPage\",\"@id\":\"https:\\\/\\\/projets-solidaires.la-guilde.org\\\/formation-cycle-de-projet-thematique-agr-guilde\\\/\",\"url\":\"https:\\\/\\\/projets-solidaires.la-guilde.org\\\/formation-cycle-de-projet-thematique-agr-guilde\\\/\",\"name\":\"Cycle de formation 2026 - Lancez la pr\u00e9paration de votre projet avec les formations de La Guilde : - Microprojet La Guilde\",\"isPartOf\":{\"@id\":\"https:\\\/\\\/projets-solidaires.la-guilde.org\\\/#website\"},\"primaryImageOfPage\":{\"@id\":\"https:\\\/\\\/projets-solidaires.la-guilde.org\\\/formation-cycle-de-projet-thematique-agr-guilde\\\/#primaryimage\"},\"image\":{\"@id\":\"https:\\\/\\\/projets-solidaires.la-guilde.org\\\/formation-cycle-de-projet-thematique-agr-guilde\\\/#primaryimage\"},\"thumbnailUrl\":\"https:\\\/\\\/projets-solidaires.la-guilde.org\\\/wp-content\\\/uploads\\\/2026\\\/04\\\/image-11-1.jpg\",\"datePublished\":\"2026-04-03T12:56:15+00:00\",\"dateModified\":\"2026-04-03T13:03:31+00:00\",\"description\":\"Venez vous former aupr\u00e8s de La Guilde : AGR, agro\u00e9cologie, cycle et m\u00e9thodologie de projet, ... D\u00e9couvrez le programme de formations 2026.\",\"breadcrumb\":{\"@id\":\"https:\\\/\\\/projets-solidaires.la-guilde.org\\\/formation-cycle-de-projet-thematique-agr-guilde\\\/#breadcrumb\"},\"inLanguage\":\"en-GB\",\"potentialAction\":[{\"@type\":\"ReadAction\",\"target\":[\"https:\\\/\\\/projets-solidaires.la-guilde.org\\\/formation-cycle-de-projet-thematique-agr-guilde\\\/\"]}]},{\"@type\":\"ImageObject\",\"inLanguage\":\"en-GB\",\"@id\":\"https:\\\/\\\/projets-solidaires.la-guilde.org\\\/formation-cycle-de-projet-thematique-agr-guilde\\\/#primaryimage\",\"url\":\"https:\\\/\\\/projets-solidaires.la-guilde.org\\\/wp-content\\\/uploads\\\/2026\\\/04\\\/image-11-1.jpg\",\"contentUrl\":\"https:\\\/\\\/projets-solidaires.la-guilde.org\\\/wp-content\\\/uploads\\\/2026\\\/04\\\/image-11-1.jpg\",\"width\":1920,\"height\":1116},{\"@type\":\"BreadcrumbList\",\"@id\":\"https:\\\/\\\/projets-solidaires.la-guilde.org\\\/formation-cycle-de-projet-thematique-agr-guilde\\\/#breadcrumb\",\"itemListElement\":[{\"@type\":\"ListItem\",\"position\":1,\"name\":\"Accueil\",\"item\":\"https:\\\/\\\/projets-solidaires.la-guilde.org\\\/\"},{\"@type\":\"ListItem\",\"position\":2,\"name\":\"Cycle de formation 2026 &#8211; Lancez la pr\u00e9paration de votre projet avec les formations de La Guilde :\"}]},{\"@type\":\"WebSite\",\"@id\":\"https:\\\/\\\/projets-solidaires.la-guilde.org\\\/#website\",\"url\":\"https:\\\/\\\/projets-solidaires.la-guilde.org\\\/\",\"name\":\"Microprojet La Guilde\",\"description\":\"\",\"publisher\":{\"@id\":\"https:\\\/\\\/projets-solidaires.la-guilde.org\\\/#organization\"},\"potentialAction\":[{\"@type\":\"SearchAction\",\"target\":{\"@type\":\"EntryPoint\",\"urlTemplate\":\"https:\\\/\\\/projets-solidaires.la-guilde.org\\\/?s={search_term_string}\"},\"query-input\":{\"@type\":\"PropertyValueSpecification\",\"valueRequired\":true,\"valueName\":\"search_term_string\"}}],\"inLanguage\":\"en-GB\"},{\"@type\":\"Organization\",\"@id\":\"https:\\\/\\\/projets-solidaires.la-guilde.org\\\/#organization\",\"name\":\"Microprojet La Guilde\",\"url\":\"https:\\\/\\\/projets-solidaires.la-guilde.org\\\/\",\"logo\":{\"@type\":\"ImageObject\",\"inLanguage\":\"en-GB\",\"@id\":\"https:\\\/\\\/projets-solidaires.la-guilde.org\\\/#\\\/schema\\\/logo\\\/image\\\/\",\"url\":\"https:\\\/\\\/projets-solidaires.la-guilde.org\\\/wp-content\\\/uploads\\\/2025\\\/05\\\/logo-la-guilde-projets-solidaires.png\",\"contentUrl\":\"https:\\\/\\\/projets-solidaires.la-guilde.org\\\/wp-content\\\/uploads\\\/2025\\\/05\\\/logo-la-guilde-projets-solidaires.png\",\"width\":396,\"height\":201,\"caption\":\"Microprojet La Guilde\"},\"image\":{\"@id\":\"https:\\\/\\\/projets-solidaires.la-guilde.org\\\/#\\\/schema\\\/logo\\\/image\\\/\"}},{\"@type\":\"Person\",\"@id\":\"https:\\\/\\\/projets-solidaires.la-guilde.org\\\/#\\\/schema\\\/person\\\/b7882ba22c21841c9cc1950cf46fb40e\",\"name\":\"Antonin Helias\",\"image\":{\"@type\":\"ImageObject\",\"inLanguage\":\"en-GB\",\"@id\":\"https:\\\/\\\/secure.gravatar.com\\\/avatar\\\/a166a3ce9971667f7507b2a67a55c78808f58e17079d9aae3b1375c7f3606098?s=96&d=mm&r=g\",\"url\":\"https:\\\/\\\/secure.gravatar.com\\\/avatar\\\/a166a3ce9971667f7507b2a67a55c78808f58e17079d9aae3b1375c7f3606098?s=96&d=mm&r=g\",\"contentUrl\":\"https:\\\/\\\/secure.gravatar.com\\\/avatar\\\/a166a3ce9971667f7507b2a67a55c78808f58e17079d9aae3b1375c7f3606098?s=96&d=mm&r=g\",\"caption\":\"Antonin Helias\"}}]}<\/script>\n<!-- \/ Yoast SEO plugin. -->","yoast_head_json":{"title":"Cycle de formation 2026 - Lancez la pr\u00e9paration de votre projet avec les formations de La Guilde : - Microprojet La Guilde","description":"Venez vous former aupr\u00e8s de La Guilde : AGR, agro\u00e9cologie, cycle et m\u00e9thodologie de projet, ... D\u00e9couvrez le programme de formations 2026.","robots":{"index":"index","follow":"follow","max-snippet":"max-snippet:-1","max-image-preview":"max-image-preview:large","max-video-preview":"max-video-preview:-1"},"canonical":"https:\/\/projets-solidaires.la-guilde.org\/en\/formation-cycle-de-projet-thematique-agr-guilde\/","schema":{"@context":"https:\/\/schema.org","@graph":[{"@type":"Article","@id":"https:\/\/projets-solidaires.la-guilde.org\/formation-cycle-de-projet-thematique-agr-guilde\/#article","isPartOf":{"@id":"https:\/\/projets-solidaires.la-guilde.org\/formation-cycle-de-projet-thematique-agr-guilde\/"},"author":{"name":"Antonin Helias","@id":"https:\/\/projets-solidaires.la-guilde.org\/#\/schema\/person\/b7882ba22c21841c9cc1950cf46fb40e"},"headline":"Cycle de formation 2026 &#8211; Lancez la pr\u00e9paration de votre projet avec les formations de La Guilde :","datePublished":"2026-04-03T12:56:15+00:00","dateModified":"2026-04-03T13:03:31+00:00","mainEntityOfPage":{"@id":"https:\/\/projets-solidaires.la-guilde.org\/formation-cycle-de-projet-thematique-agr-guilde\/"},"wordCount":349,"commentCount":0,"publisher":{"@id":"https:\/\/projets-solidaires.la-guilde.org\/#organization"},"image":{"@id":"https:\/\/projets-solidaires.la-guilde.org\/formation-cycle-de-projet-thematique-agr-guilde\/#primaryimage"},"thumbnailUrl":"https:\/\/projets-solidaires.la-guilde.org\/wp-content\/uploads\/2026\/04\/image-11-1.jpg","keywords":["Formation","Microprojets"],"articleSection":["Formation"],"inLanguage":"en-GB","potentialAction":[{"@type":"CommentAction","name":"Comment","target":["https:\/\/projets-solidaires.la-guilde.org\/formation-cycle-de-projet-thematique-agr-guilde\/#respond"]}]},{"@type":"WebPage","@id":"https:\/\/projets-solidaires.la-guilde.org\/formation-cycle-de-projet-thematique-agr-guilde\/","url":"https:\/\/projets-solidaires.la-guilde.org\/formation-cycle-de-projet-thematique-agr-guilde\/","name":"Cycle de formation 2026 - Lancez la pr\u00e9paration de votre projet avec les formations de La Guilde : - Microprojet La Guilde","isPartOf":{"@id":"https:\/\/projets-solidaires.la-guilde.org\/#website"},"primaryImageOfPage":{"@id":"https:\/\/projets-solidaires.la-guilde.org\/formation-cycle-de-projet-thematique-agr-guilde\/#primaryimage"},"image":{"@id":"https:\/\/projets-solidaires.la-guilde.org\/formation-cycle-de-projet-thematique-agr-guilde\/#primaryimage"},"thumbnailUrl":"https:\/\/projets-solidaires.la-guilde.org\/wp-content\/uploads\/2026\/04\/image-11-1.jpg","datePublished":"2026-04-03T12:56:15+00:00","dateModified":"2026-04-03T13:03:31+00:00","description":"Venez vous former aupr\u00e8s de La Guilde : AGR, agro\u00e9cologie, cycle et m\u00e9thodologie de projet, ... D\u00e9couvrez le programme de formations 2026.","breadcrumb":{"@id":"https:\/\/projets-solidaires.la-guilde.org\/formation-cycle-de-projet-thematique-agr-guilde\/#breadcrumb"},"inLanguage":"en-GB","potentialAction":[{"@type":"ReadAction","target":["https:\/\/projets-solidaires.la-guilde.org\/formation-cycle-de-projet-thematique-agr-guilde\/"]}]},{"@type":"ImageObject","inLanguage":"en-GB","@id":"https:\/\/projets-solidaires.la-guilde.org\/formation-cycle-de-projet-thematique-agr-guilde\/#primaryimage","url":"https:\/\/projets-solidaires.la-guilde.org\/wp-content\/uploads\/2026\/04\/image-11-1.jpg","contentUrl":"https:\/\/projets-solidaires.la-guilde.org\/wp-content\/uploads\/2026\/04\/image-11-1.jpg","width":1920,"height":1116},{"@type":"BreadcrumbList","@id":"https:\/\/projets-solidaires.la-guilde.org\/formation-cycle-de-projet-thematique-agr-guilde\/#breadcrumb","itemListElement":[{"@type":"ListItem","position":1,"name":"Accueil","item":"https:\/\/projets-solidaires.la-guilde.org\/"},{"@type":"ListItem","position":2,"name":"Cycle de formation 2026 &#8211; Lancez la pr\u00e9paration de votre projet avec les formations de La Guilde :"}]},{"@type":"WebSite","@id":"https:\/\/projets-solidaires.la-guilde.org\/#website","url":"https:\/\/projets-solidaires.la-guilde.org\/","name":"La Guilde Microproject","description":"","publisher":{"@id":"https:\/\/projets-solidaires.la-guilde.org\/#organization"},"potentialAction":[{"@type":"SearchAction","target":{"@type":"EntryPoint","urlTemplate":"https:\/\/projets-solidaires.la-guilde.org\/?s={search_term_string}"},"query-input":{"@type":"PropertyValueSpecification","valueRequired":true,"valueName":"search_term_string"}}],"inLanguage":"en-GB"},{"@type":"Organization","@id":"https:\/\/projets-solidaires.la-guilde.org\/#organization","name":"La Guilde Microproject","url":"https:\/\/projets-solidaires.la-guilde.org\/","logo":{"@type":"ImageObject","inLanguage":"en-GB","@id":"https:\/\/projets-solidaires.la-guilde.org\/#\/schema\/logo\/image\/","url":"https:\/\/projets-solidaires.la-guilde.org\/wp-content\/uploads\/2025\/05\/logo-la-guilde-projets-solidaires.png","contentUrl":"https:\/\/projets-solidaires.la-guilde.org\/wp-content\/uploads\/2025\/05\/logo-la-guilde-projets-solidaires.png","width":396,"height":201,"caption":"Microprojet La Guilde"},"image":{"@id":"https:\/\/projets-solidaires.la-guilde.org\/#\/schema\/logo\/image\/"}},{"@type":"Person","@id":"https:\/\/projets-solidaires.la-guilde.org\/#\/schema\/person\/b7882ba22c21841c9cc1950cf46fb40e","name":"Antonin Helias","image":{"@type":"ImageObject","inLanguage":"en-GB","@id":"https:\/\/secure.gravatar.com\/avatar\/a166a3ce9971667f7507b2a67a55c78808f58e17079d9aae3b1375c7f3606098?s=96&d=mm&r=g","url":"https:\/\/secure.gravatar.com\/avatar\/a166a3ce9971667f7507b2a67a55c78808f58e17079d9aae3b1375c7f3606098?s=96&d=mm&r=g","contentUrl":"https:\/\/secure.gravatar.com\/avatar\/a166a3ce9971667f7507b2a67a55c78808f58e17079d9aae3b1375c7f3606098?s=96&d=mm&r=g","caption":"Antonin Helias"}}]}},"publishpress_future_action":{"enabled":false,"date":"2026-05-06 11:16:44","action":"change-status","newStatus":"draft","terms":[],"taxonomy":"category","extraData":[]},"publishpress_future_workflow_manual_trigger":{"enabledWorkflows":[]},"_links":{"self":[{"href":"https:\/\/projets-solidaires.la-guilde.org\/en\/wp-json\/wp\/v2\/posts\/5421","targetHints":{"allow":["GET"]}}],"collection":[{"href":"https:\/\/projets-solidaires.la-guilde.org\/en\/wp-json\/wp\/v2\/posts"}],"about":[{"href":"https:\/\/projets-solidaires.la-guilde.org\/en\/wp-json\/wp\/v2\/types\/post"}],"author":[{"embeddable":true,"href":"https:\/\/projets-solidaires.la-guilde.org\/en\/wp-json\/wp\/v2\/users\/8"}],"replies":[{"embeddable":true,"href":"https:\/\/projets-solidaires.la-guilde.org\/en\/wp-json\/wp\/v2\/comments?post=5421"}],"version-history":[{"count":0,"href":"https:\/\/projets-solidaires.la-guilde.org\/en\/wp-json\/wp\/v2\/posts\/5421\/revisions"}],"wp:featuredmedia":[{"embeddable":true,"href":"https:\/\/projets-solidaires.la-guilde.org\/en\/wp-json\/wp\/v2\/media\/5412"}],"wp:attachment":[{"href":"https:\/\/projets-solidaires.la-guilde.org\/en\/wp-json\/wp\/v2\/media?parent=5421"}],"wp:term":[{"taxonomy":"category","embeddable":true,"href":"https:\/\/projets-solidaires.la-guilde.org\/en\/wp-json\/wp\/v2\/categories?post=5421"},{"taxonomy":"post_tag","embeddable":true,"href":"https:\/\/projets-solidaires.la-guilde.org\/en\/wp-json\/wp\/v2\/tags?post=5421"}],"curies":[{"name":"wp","href":"https:\/\/api.w.org\/{rel}","templated":true}]}}