{"id":5396,"date":"2026-04-15T09:32:18","date_gmt":"2026-04-15T09:32:18","guid":{"rendered":"https:\/\/projets-solidaires.la-guilde.org\/?p=5396"},"modified":"2026-04-15T09:33:08","modified_gmt":"2026-04-15T09:33:08","slug":"re-decouvrir-les-initiatives-de-solidarite-internationale","status":"publish","type":"post","link":"https:\/\/projets-solidaires.la-guilde.org\/en\/re-decouvrir-les-initiatives-de-solidarite-internationale\/","title":{"rendered":"(Re)d\u00e9couvrir les initiatives de solidarit\u00e9 internationale"},"content":{"rendered":"<div data-elementor-type=\"wp-post\" data-elementor-id=\"5396\" class=\"elementor elementor-5396\" data-elementor-post-type=\"post\">\n\t\t\t\t<div class=\"elementor-element elementor-element-9cea018 e-flex e-con-boxed e-con e-parent\" data-id=\"9cea018\" data-element_type=\"container\" data-e-type=\"container\">\n\t\t\t\t\t<div class=\"e-con-inner\">\n\t\t\t\t<div class=\"elementor-element elementor-element-b9c41d8 elementor-widget elementor-widget-heading\" data-id=\"b9c41d8\" data-element_type=\"widget\" data-e-type=\"widget\" data-widget_type=\"heading.default\">\n\t\t\t\t<div class=\"elementor-widget-container\">\n\t\t\t\t\t<h2 class=\"elementor-heading-title elementor-size-default\">(Re)d\u00e9couvrir les initiatives de solidarit\u00e9 internationale<\/h2>\t\t\t\t<\/div>\n\t\t\t\t<\/div>\n\t\t\t\t\t<\/div>\n\t\t\t\t<\/div>\n\t\t<div class=\"elementor-element elementor-element-dcc4345 e-flex e-con-boxed e-con e-parent\" data-id=\"dcc4345\" data-element_type=\"container\" data-e-type=\"container\">\n\t\t\t\t\t<div class=\"e-con-inner\">\n\t\t<div class=\"elementor-element elementor-element-a86b39b e-con-full e-flex e-con e-child\" data-id=\"a86b39b\" data-element_type=\"container\" data-e-type=\"container\">\n\t\t\t\t<div class=\"elementor-element elementor-element-f7c6c6e elementor-widget elementor-widget-text-editor\" data-id=\"f7c6c6e\" data-element_type=\"widget\" data-e-type=\"widget\" data-widget_type=\"text-editor.default\">\n\t\t\t\t<div class=\"elementor-widget-container\">\n\t\t\t\t\t\t\t\t\t<p><b style=\"color: #2f4c66; font-family: Arial, Helvetica, sans-serif, serif, EmojiFont; font-size: 15px; text-align: justify;\" data-olk-copy-source=\"MessageBody\">La Guilde<\/b><span style=\"color: #2f4c66; font-family: Arial, Helvetica, sans-serif, serif, EmojiFont; font-size: 15px; text-align: justify;\">\u00a0a le plaisir de vous convier\u00a0<\/span><b style=\"color: #2f4c66; font-family: Arial, Helvetica, sans-serif, serif, EmojiFont; font-size: 15px; text-align: justify;\">le mardi 21 avril de 19h \u00e0 22h<\/b><span style=\"color: #2f4c66; font-family: Arial, Helvetica, sans-serif, serif, EmojiFont; font-size: 15px; text-align: justify;\">\u00a0au 7\u00e8me \u00e9tage du\u00a0<\/span><a style=\"border: 0px; font-variant-numeric: inherit; font-variant-east-asian: inherit; font-variant-alternates: inherit; font-variant-position: inherit; font-variant-emoji: inherit; font-stretch: inherit; font-size: 15px; line-height: inherit; font-family: Arial, Helvetica, sans-serif, serif, EmojiFont; font-optical-sizing: inherit; font-size-adjust: inherit; font-kerning: inherit; font-feature-settings: inherit; font-variation-settings: inherit; font-language-override: inherit; margin: 0px; padding: 0px; vertical-align: baseline; text-align: justify; background-color: #f5ebd8; color: #2f4c66 !important;\" title=\"http:\/\/x744t.mjt.lu\/lnk\/AWsAAJd2eskAAc5YIFgAAM9LaNIAAAAAeAsAoNf7ABc2owBp3m4tOVvpycsOSXuAJKIKzIPRIwAWyvk\/4\/5cgR5an8wT6I54epkrZrJQ\/aHR0cHM6Ly9tYXBzLmFwcC5nb28uZ2wvZzN6UHdVZk01SmlDbVYxUTY\" href=\"http:\/\/x744t.mjt.lu\/lnk\/AWsAAJd2eskAAc5YIFgAAM9LaNIAAAAAeAsAoNf7ABc2owBp3m4tOVvpycsOSXuAJKIKzIPRIwAWyvk\/4\/5cgR5an8wT6I54epkrZrJQ\/aHR0cHM6Ly9tYXBzLmFwcC5nb28uZ2wvZzN6UHdVZk01SmlDbVYxUTY\" data-auth=\"NotApplicable\" data-linkindex=\"20\"><b><u>mus\u00e9e de la Poste<\/u><\/b><\/a><span style=\"color: #2f4c66; font-family: Arial, Helvetica, sans-serif, serif, EmojiFont; font-size: 15px; text-align: justify;\">, au pied de la Tour Montparnasse (<\/span><a style=\"border: 0px; font-variant-numeric: inherit; font-variant-east-asian: inherit; font-variant-alternates: inherit; font-variant-position: inherit; font-variant-emoji: inherit; font-stretch: inherit; font-size: 15px; line-height: inherit; font-family: Arial, Helvetica, sans-serif, serif, EmojiFont; font-optical-sizing: inherit; font-size-adjust: inherit; font-kerning: inherit; font-feature-settings: inherit; font-variation-settings: inherit; font-language-override: inherit; margin: 0px; padding: 0px; vertical-align: baseline; text-align: justify; background-color: #f5ebd8; color: #2f4c66 !important;\" title=\"http:\/\/x744t.mjt.lu\/lnk\/AWsAAJd2eskAAc5YIFgAAM9LaNIAAAAAeAsAoNf7ABc2owBp3m4tOVvpycsOSXuAJKIKzIPRIwAWyvk\/5\/7VOaE8qVUljUeYPSi_9Fqg\/aHR0cHM6Ly9tYXBzLmFwcC5nb28uZ2wvZzN6UHdVZk01SmlDbVYxUTY\" href=\"http:\/\/x744t.mjt.lu\/lnk\/AWsAAJd2eskAAc5YIFgAAM9LaNIAAAAAeAsAoNf7ABc2owBp3m4tOVvpycsOSXuAJKIKzIPRIwAWyvk\/5\/7VOaE8qVUljUeYPSi_9Fqg\/aHR0cHM6Ly9tYXBzLmFwcC5nb28uZ2wvZzN6UHdVZk01SmlDbVYxUTY\" data-auth=\"NotApplicable\" data-linkindex=\"21\"><u>34 boulevard de Vaugirard, 75015 Paris<\/u><\/a><span style=\"color: #2f4c66; font-family: Arial, Helvetica, sans-serif, serif, EmojiFont; font-size: 15px; text-align: justify;\">) \u00e0 son \u00e9v\u00e8nement d\u00e9di\u00e9 aux \u00ab microprojets \u00bb.<\/span><\/p><p>\u00a0<\/p><p><span style=\"font-family: Arial, Helvetica, sans-serif, serif, EmojiFont; font-size: 15px; color: #2f4c66;\" data-olk-copy-source=\"MessageBody\">Pourquoi venir ?<\/span><!--EndFragment--><\/p><p><span style=\"font-family: Arial, Helvetica, sans-serif, serif, EmojiFont; font-size: 15px; color: #2f4c66;\" data-olk-copy-source=\"MessageBody\"><span style=\"text-align: justify;\">Pour\u00a0<\/span><b style=\"text-align: justify;\">d\u00e9couvrir des initiatives concr\u00e8tes<\/b><span style=\"text-align: justify;\">, r<\/span><b style=\"text-align: justify;\">encontrer des acteurs engag\u00e9s<\/b><span style=\"text-align: justify;\">\u00a0And\u00a0<\/span><b style=\"text-align: justify;\">mieux comprendre comment des projets \u00e0 petite \u00e9chelle participent \u00e0 des enjeux globaux<\/b><span style=\"text-align: justify;\">.<\/span><\/span><\/p><p>\u00a0<\/p><p><span style=\"font-family: Arial, Helvetica, sans-serif, serif, EmojiFont; font-size: 15px; color: #2f4c66;\" data-olk-copy-source=\"MessageBody\"><!--StartFragment--><span style=\"font-family: Arial, sans-serif, serif, EmojiFont;\" data-olk-copy-source=\"MessageBody\">Au programme :\u00a0<\/span><!--EndFragment--><\/span><\/p><p><span style=\"font-family: Arial, Helvetica, sans-serif, serif, EmojiFont; font-size: 15px; color: #2f4c66;\" data-olk-copy-source=\"MessageBody\"><span style=\"font-family: Arial, sans-serif, serif, EmojiFont;\" data-olk-copy-source=\"MessageBody\"><!--StartFragment--><span style=\"text-decoration: underline;\"><strong><em>&#8211; S&rsquo;engager pour la biodiversit\u00e9<\/em><\/strong><\/span><!--EndFragment--><\/span><\/span><\/p><p style=\"margin: 10px 0px; color: #242424; font-family: 'Segoe UI', 'Segoe UI Web (West European)', -apple-system, BlinkMacSystemFont, Roboto, 'Helvetica Neue', sans-serif; font-size: 15px; direction: ltr; text-align: justify; line-height: 20px;\"><span style=\"border: 0px; font-style: inherit; font-variant: inherit; font-weight: inherit; font-stretch: inherit; line-height: inherit; font-family: Arial, sans-serif, serif, EmojiFont; font-optical-sizing: inherit; font-size-adjust: inherit; font-kerning: inherit; font-feature-settings: inherit; font-variation-settings: inherit; font-language-override: inherit; margin: 0px; padding: 0px; vertical-align: baseline; color: #2f4c66 !important;\" data-olk-copy-source=\"MessageBody\">avec l&rsquo;intervention d&rsquo;<b>Esmeralda Guzman<\/b>, fondatrice et Pr\u00e9sidente de l&rsquo;<b>association SelvaViva<\/b>, autour de\u00a0<b>la jeunesse et la pr\u00e9servation de la biodiversit\u00e9 amazonienne<\/b>\u00a0in\u00a0<b>Colombia<\/b><\/span><\/p><p style=\"margin: 10px 0px; color: #242424; font-family: 'Segoe UI', 'Segoe UI Web (West European)', -apple-system, BlinkMacSystemFont, Roboto, 'Helvetica Neue', sans-serif; font-size: 15px; direction: ltr; text-align: justify; line-height: 20px;\"><span style=\"border: 0px; font-style: inherit; font-variant: inherit; font-weight: inherit; font-stretch: inherit; line-height: inherit; font-family: Arial, sans-serif, serif, EmojiFont; font-optical-sizing: inherit; font-size-adjust: inherit; font-kerning: inherit; font-feature-settings: inherit; font-variation-settings: inherit; font-language-override: inherit; margin: 0px; padding: 0px; vertical-align: baseline; color: #2f4c66 !important;\">ainsi qu&rsquo;<b>Hugues de Kerdrel<\/b>, co-fondateur et Pr\u00e9sident de l&rsquo;association\u00a0<b>Over the Swell<\/b>, autour de la\u00a0<b>protection des \u00e9cosyst\u00e8mes marins\u00a0<\/b>notamment des requins \u00e0\u00a0<b>Sao-Tom\u00e9 et Principe<\/b><\/span><\/p><p style=\"margin: 10px 0px; color: #242424; font-family: 'Segoe UI', 'Segoe UI Web (West European)', -apple-system, BlinkMacSystemFont, Roboto, 'Helvetica Neue', sans-serif; font-size: 15px; direction: ltr; text-align: justify; line-height: 20px;\"><span style=\"border: 0px; font-style: inherit; font-variant: inherit; font-weight: inherit; font-stretch: inherit; line-height: inherit; font-family: Arial, sans-serif, serif, EmojiFont; font-optical-sizing: inherit; font-size-adjust: inherit; font-kerning: inherit; font-feature-settings: inherit; font-variation-settings: inherit; font-language-override: inherit; margin: 0px; padding: 0px; vertical-align: baseline; color: #2f4c66 !important;\"><!--StartFragment--><span style=\"text-decoration: underline;\"><em><strong>&#8211; Agir aupr\u00e8s de femmes et de jeunes pr\u00e9caires, aux niveaux \u00e9conomique, social et environnemental<\/strong><\/em><\/span><!--EndFragment--><b><\/b><\/span><\/p><p style=\"margin: 10px 0px; color: #242424; font-family: 'Segoe UI', 'Segoe UI Web (West European)', -apple-system, BlinkMacSystemFont, Roboto, 'Helvetica Neue', sans-serif; font-size: 15px; direction: ltr; text-align: justify; line-height: 20px;\"><span style=\"border: 0px; font-style: inherit; font-variant: inherit; font-weight: inherit; font-stretch: inherit; line-height: inherit; font-family: Arial, sans-serif, serif, EmojiFont; font-optical-sizing: inherit; font-size-adjust: inherit; font-kerning: inherit; font-feature-settings: inherit; font-variation-settings: inherit; font-language-override: inherit; margin: 0px; padding: 0px; vertical-align: baseline; color: #2f4c66 !important;\" data-olk-copy-source=\"MessageBody\">avec les t\u00e9moignages crois\u00e9s de\u00a0<b>Charlotte Bour<\/b>, Directrice de l&rsquo;<b>association LAAFI<\/b>, qui pr\u00e9sentera les\u00a0<b>projets apicoles<\/b>\u00a0de l&rsquo;association\u00a0<b>au S\u00e9n\u00e9gal<\/b>\u00a0notamment aupr\u00e8s de femmes et de jeunes<\/span><\/p><p style=\"margin: 10px 0px; color: #242424; font-family: 'Segoe UI', 'Segoe UI Web (West European)', -apple-system, BlinkMacSystemFont, Roboto, 'Helvetica Neue', sans-serif; font-size: 15px; direction: ltr; text-align: justify; line-height: 20px;\"><span style=\"border: 0px; font-style: inherit; font-variant: inherit; font-weight: inherit; font-stretch: inherit; line-height: inherit; font-family: Arial, sans-serif, serif, EmojiFont; font-optical-sizing: inherit; font-size-adjust: inherit; font-kerning: inherit; font-feature-settings: inherit; font-variation-settings: inherit; font-language-override: inherit; margin: 0px; padding: 0px; vertical-align: baseline; color: #2f4c66 !important;\">and of\u00a0<b>Bocar Niang,<\/b>\u00a0co-fondateur et Pr\u00e9sident de l&rsquo;<b>association Free label<\/b>, mais aussi artiste et directeur d&rsquo;<b>une \u00e9cole d&rsquo;art d\u00e9di\u00e9e \u00e0 des jeunes pr\u00e9caires<\/b>\u00a0au\u00a0<b>S\u00e9n\u00e9gal.<\/b><\/span><\/p><p>\u00a0<\/p><p style=\"margin: 10px 0px; color: #242424; font-family: 'Segoe UI', 'Segoe UI Web (West European)', -apple-system, BlinkMacSystemFont, Roboto, 'Helvetica Neue', sans-serif; font-size: 15px; direction: ltr; text-align: justify; line-height: 20px;\"><span style=\"border: 0px; font-style: inherit; font-variant: inherit; font-weight: inherit; font-stretch: inherit; line-height: inherit; font-family: Arial, sans-serif, serif, EmojiFont; font-optical-sizing: inherit; font-size-adjust: inherit; font-kerning: inherit; font-feature-settings: inherit; font-variation-settings: inherit; font-language-override: inherit; margin: 0px; padding: 0px; vertical-align: baseline; color: #2f4c66 !important;\">La soir\u00e9e sera rythm\u00e9e par des temps d&rsquo;\u00e9changes avec la salle.<\/span><\/p><p style=\"margin: 10px 0px; color: #242424; font-family: 'Segoe UI', 'Segoe UI Web (West European)', -apple-system, BlinkMacSystemFont, Roboto, 'Helvetica Neue', sans-serif; font-size: 15px; direction: ltr; text-align: justify; line-height: 20px;\"><span style=\"border: 0px; font-style: inherit; font-variant: inherit; font-weight: inherit; font-stretch: inherit; line-height: inherit; font-family: Arial, sans-serif, serif, EmojiFont; font-optical-sizing: inherit; font-size-adjust: inherit; font-kerning: inherit; font-feature-settings: inherit; font-variation-settings: inherit; font-language-override: inherit; margin: 0px; padding: 0px; vertical-align: baseline; color: #2f4c66 !important;\"><!--StartFragment--><span data-olk-copy-source=\"MessageBody\">La soir\u00e9e se poursuivra autour d\u2019un cocktail convivial.\u00a0<\/span><\/span><\/p><p style=\"text-align: justify; margin: 10px 0px; color: #242424; font-family: 'Segoe UI', 'Segoe UI Web (West European)', -apple-system, BlinkMacSystemFont, Roboto, 'Helvetica Neue', sans-serif; font-size: 15px; direction: ltr; line-height: 20px;\"><span style=\"color: #2f4c66; font-family: Arial, Helvetica, sans-serif, serif, EmojiFont; font-style: inherit; font-variant-ligatures: inherit; font-variant-caps: inherit; font-weight: inherit;\">Si vous ne l&rsquo;avez pas encore fait, il est encore temps de\u00a0<\/span><a style=\"background-color: #f5ebd8; font: inherit; border: 0px; margin: 0px; padding: 0px; vertical-align: baseline; color: #2f4c66 !important;\" title=\"http:\/\/x744t.mjt.lu\/lnk\/AWsAAJd2eskAAc5YIFgAAM9LaNIAAAAAeAsAoNf7ABc2owBp3m4tOVvpycsOSXuAJKIKzIPRIwAWyvk\/6\/InfwONCj4Ij9jZD3-NH_yQ\/aHR0cHM6Ly9teS53ZWV6ZXZlbnQuY29tL2NvbXB0b2lyLWRlLWxhLWd1aWxkZS0xP19nbD0xKjFocGh0aCpfZ2NsX2F1Kk56QXdORE0yTkM0eE56Y3hORE0xT0RNMkxqRXlORGcxT1RZNE9DNHhOemMxTURVME1qa3dMakUzTnpVd05UVTBORGsuKl9nYSpNVEl5T0RjME1USXpNQzR4TnpjeE5ETTFPRE0zKl9nYV8zOUg5VkJGWDdHKmN6RTNOelV3TlRReU9EZ2tiek1rWnpFa2RERTNOelV3TlRZeU5UTWthall3Skd3d0pHZ3hOek14TkRFME1qSXc\" href=\"http:\/\/x744t.mjt.lu\/lnk\/AWsAAJd2eskAAc5YIFgAAM9LaNIAAAAAeAsAoNf7ABc2owBp3m4tOVvpycsOSXuAJKIKzIPRIwAWyvk\/6\/InfwONCj4Ij9jZD3-NH_yQ\/aHR0cHM6Ly9teS53ZWV6ZXZlbnQuY29tL2NvbXB0b2lyLWRlLWxhLWd1aWxkZS0xP19nbD0xKjFocGh0aCpfZ2NsX2F1Kk56QXdORE0yTkM0eE56Y3hORE0xT0RNMkxqRXlORGcxT1RZNE9DNHhOemMxTURVME1qa3dMakUzTnpVd05UVTBORGsuKl9nYSpNVEl5T0RjME1USXpNQzR4TnpjeE5ETTFPRE0zKl9nYV8zOUg5VkJGWDdHKmN6RTNOelV3TlRReU9EZ2tiek1rWnpFa2RERTNOelV3TlRZeU5UTWthall3Skd3d0pHZ3hOek14TkRFME1qSXc\" data-auth=\"NotApplicable\" data-linkindex=\"22\"><u>vous inscrire<\/u><\/a><span style=\"color: #2f4c66; font-family: Arial, Helvetica, sans-serif, serif, EmojiFont; font-style: inherit; font-variant-ligatures: inherit; font-variant-caps: inherit; font-weight: inherit;\">\u00a0!<\/span><\/p><p>\u00a0<\/p><p style=\"text-align: justify; margin: 10px 0px; color: #242424; font-family: 'Segoe UI', 'Segoe UI Web (West European)', -apple-system, BlinkMacSystemFont, Roboto, 'Helvetica Neue', sans-serif; font-size: 15px; direction: ltr; line-height: 25px;\"><span style=\"border: 0px; font-style: inherit; font-variant: inherit; font-weight: inherit; font-stretch: inherit; line-height: inherit; font-family: Arial, Helvetica, sans-serif, serif, EmojiFont; font-optical-sizing: inherit; font-size-adjust: inherit; font-kerning: inherit; font-feature-settings: inherit; font-variation-settings: inherit; font-language-override: inherit; margin: 0px; padding: 0px; vertical-align: baseline; color: #2f4c66 !important;\"><span style=\"font-weight: bold;\">Nous esp\u00e9rons vous y retrouver nombreux.<\/span><\/span><\/p><p style=\"text-align: justify; margin: 10px 0px; color: #242424; font-family: 'Segoe UI', 'Segoe UI Web (West European)', -apple-system, BlinkMacSystemFont, Roboto, 'Helvetica Neue', sans-serif; font-size: 15px; direction: ltr; line-height: 25px;\"><span style=\"border: 0px; font-style: inherit; font-variant: inherit; font-weight: inherit; font-stretch: inherit; line-height: inherit; font-family: Arial, Helvetica, sans-serif, serif, EmojiFont; font-optical-sizing: inherit; font-size-adjust: inherit; font-kerning: inherit; font-feature-settings: inherit; font-variation-settings: inherit; font-language-override: inherit; margin: 0px; padding: 0px; vertical-align: baseline; color: #2f4c66 !important;\"><span style=\"font-weight: bold;\">L\u2019\u00e9quipe de La Guilde<\/span><\/span><\/p><p style=\"text-align: justify; margin: 10px 0px; color: #242424; font-family: 'Segoe UI', 'Segoe UI Web (West European)', -apple-system, BlinkMacSystemFont, Roboto, 'Helvetica Neue', sans-serif; font-size: 15px; direction: ltr; line-height: 25px;\"><span style=\"border: 0px; font-style: inherit; font-variant: inherit; font-weight: inherit; font-stretch: inherit; line-height: inherit; font-family: Arial, Helvetica, sans-serif, serif, EmojiFont; font-optical-sizing: inherit; font-size-adjust: inherit; font-kerning: inherit; font-feature-settings: inherit; font-variation-settings: inherit; font-language-override: inherit; margin: 0px; padding: 0px; vertical-align: baseline; color: #2f4c66 !important;\"><a style=\"background-color: #f5ebd8; border: 0px; font-variant-numeric: inherit; font-variant-east-asian: inherit; font-variant-alternates: inherit; font-variant-position: inherit; font-variant-emoji: inherit; font-stretch: inherit; line-height: inherit; font-optical-sizing: inherit; font-size-adjust: inherit; font-kerning: inherit; font-feature-settings: inherit; font-variation-settings: inherit; font-language-override: inherit; margin: 0px; padding: 0px; vertical-align: baseline; text-align: left; color: #2f4c66 !important;\" title=\"http:\/\/x744t.mjt.lu\/lnk\/AWsAAJd2eskAAc5YIFgAAM9LaNIAAAAAeAsAoNf7ABc2owBp3m4tOVvpycsOSXuAJKIKzIPRIwAWyvk\/7\/N-tkByXfNMHsX-QVTWUvHQ\/aHR0cHM6Ly9teS53ZWV6ZXZlbnQuY29tL2NvbXB0b2lyLWRlLWxhLWd1aWxkZS0xP19nbD0xKjFocGh0aCpfZ2NsX2F1Kk56QXdORE0yTkM0eE56Y3hORE0xT0RNMkxqRXlORGcxT1RZNE9DNHhOemMxTURVME1qa3dMakUzTnpVd05UVTBORGsuKl9nYSpNVEl5T0RjME1USXpNQzR4TnpjeE5ETTFPRE0zKl9nYV8zOUg5VkJGWDdHKmN6RTNOelV3TlRReU9EZ2tiek1rWnpFa2RERTNOelV3TlRZeU5UTWthall3Skd3d0pHZ3hOek14TkRFME1qSXc\" href=\"http:\/\/x744t.mjt.lu\/lnk\/AWsAAJd2eskAAc5YIFgAAM9LaNIAAAAAeAsAoNf7ABc2owBp3m4tOVvpycsOSXuAJKIKzIPRIwAWyvk\/7\/N-tkByXfNMHsX-QVTWUvHQ\/aHR0cHM6Ly9teS53ZWV6ZXZlbnQuY29tL2NvbXB0b2lyLWRlLWxhLWd1aWxkZS0xP19nbD0xKjFocGh0aCpfZ2NsX2F1Kk56QXdORE0yTkM0eE56Y3hORE0xT0RNMkxqRXlORGcxT1RZNE9DNHhOemMxTURVME1qa3dMakUzTnpVd05UVTBORGsuKl9nYSpNVEl5T0RjME1USXpNQzR4TnpjeE5ETTFPRE0zKl9nYV8zOUg5VkJGWDdHKmN6RTNOelV3TlRReU9EZ2tiek1rWnpFa2RERTNOelV3TlRZeU5UTWthall3Skd3d0pHZ3hOek14TkRFME1qSXc\" data-auth=\"NotApplicable\" data-linkindex=\"23\"><span style=\"font-weight: bold;\"><u data-olk-copy-source=\"MessageBody\">Inscription gratuite<\/u><\/span><\/a><span style=\"font-weight: bold; text-align: left;\">\u00a0mais indispensable<\/span><\/span><\/p>\t\t\t\t\t\t\t\t<\/div>\n\t\t\t\t<\/div>\n\t\t\t\t<\/div>\n\t\t<div class=\"elementor-element elementor-element-c336fe1 e-con-full e-flex e-con e-child\" data-id=\"c336fe1\" data-element_type=\"container\" data-e-type=\"container\">\n\t\t\t\t<div class=\"elementor-element elementor-element-bcc7b0b elementor-widget elementor-widget-spacer\" data-id=\"bcc7b0b\" data-element_type=\"widget\" data-e-type=\"widget\" data-widget_type=\"spacer.default\">\n\t\t\t\t<div class=\"elementor-widget-container\">\n\t\t\t\t\t\t\t<div class=\"elementor-spacer\">\n\t\t\t<div class=\"elementor-spacer-inner\"><\/div>\n\t\t<\/div>\n\t\t\t\t\t\t<\/div>\n\t\t\t\t<\/div>\n\t\t\t\t<div class=\"elementor-element elementor-element-2e587c1 elementor-widget elementor-widget-image\" data-id=\"2e587c1\" data-element_type=\"widget\" data-e-type=\"widget\" data-widget_type=\"image.default\">\n\t\t\t\t<div class=\"elementor-widget-container\">\n\t\t\t\t\t\t\t\t\t\t\t\t\t\t\t\t<a href=\"https:\/\/my.weezevent.com\/comptoir-de-la-guilde-1?_gl=1*1hphth*_gcl_au*NzAwNDM2NC4xNzcxNDM1ODM2LjEyNDg1OTY4OC4xNzc1MDU0MjkwLjE3NzUwNTU0NDk.*_ga*MTIyODc0MTIzMC4xNzcxNDM1ODM3*_ga_39H9VBFX7G*czE3NzUwNTQyODgkbzMkZzEkdDE3NzUwNTYyNTMkajYwJGwwJGgxNzMxNDE0MjIw\">\n\t\t\t\t\t\t\t<img fetchpriority=\"high\" decoding=\"async\" width=\"800\" height=\"534\" src=\"https:\/\/projets-solidaires.la-guilde.org\/wp-content\/uploads\/2026\/04\/Comptoir-MP-1024x683.jpg\" class=\"attachment-large size-large wp-image-5445\" alt=\"\" srcset=\"https:\/\/projets-solidaires.la-guilde.org\/wp-content\/uploads\/2026\/04\/Comptoir-MP-1024x683.jpg 1024w, https:\/\/projets-solidaires.la-guilde.org\/wp-content\/uploads\/2026\/04\/Comptoir-MP-300x200.jpg 300w, https:\/\/projets-solidaires.la-guilde.org\/wp-content\/uploads\/2026\/04\/Comptoir-MP-768x512.jpg 768w, https:\/\/projets-solidaires.la-guilde.org\/wp-content\/uploads\/2026\/04\/Comptoir-MP-18x12.jpg 18w, https:\/\/projets-solidaires.la-guilde.org\/wp-content\/uploads\/2026\/04\/Comptoir-MP.jpg 1104w\" sizes=\"(max-width: 800px) 100vw, 800px\" \/>\t\t\t\t\t\t\t\t<\/a>\n\t\t\t\t\t\t\t\t\t\t\t\t\t\t\t<\/div>\n\t\t\t\t<\/div>\n\t\t\t\t<div class=\"elementor-element elementor-element-69fb3c9 elementor-widget elementor-widget-spacer\" data-id=\"69fb3c9\" data-element_type=\"widget\" data-e-type=\"widget\" data-widget_type=\"spacer.default\">\n\t\t\t\t<div class=\"elementor-widget-container\">\n\t\t\t\t\t\t\t<div class=\"elementor-spacer\">\n\t\t\t<div class=\"elementor-spacer-inner\"><\/div>\n\t\t<\/div>\n\t\t\t\t\t\t<\/div>\n\t\t\t\t<\/div>\n\t\t\t\t<\/div>\n\t\t\t\t\t<\/div>\n\t\t\t\t<\/div>\n\t\t<div class=\"elementor-element elementor-element-6bc484f e-flex e-con-boxed e-con e-parent\" data-id=\"6bc484f\" data-element_type=\"container\" data-e-type=\"container\">\n\t\t\t\t\t<div class=\"e-con-inner\">\n\t\t\t\t<div class=\"elementor-element elementor-element-b368e16 elementor-align-center elementor-widget elementor-widget-button\" data-id=\"b368e16\" data-element_type=\"widget\" data-e-type=\"widget\" data-widget_type=\"button.default\">\n\t\t\t\t<div class=\"elementor-widget-container\">\n\t\t\t\t\t\t\t\t\t<div class=\"elementor-button-wrapper\">\n\t\t\t\t\t<a class=\"elementor-button elementor-button-link elementor-size-sm\" href=\"https:\/\/my.weezevent.com\/comptoir-de-la-guilde-1?_gl=1*1hphth*_gcl_au*NzAwNDM2NC4xNzcxNDM1ODM2LjEyNDg1OTY4OC4xNzc1MDU0MjkwLjE3NzUwNTU0NDk.*_ga*MTIyODc0MTIzMC4xNzcxNDM1ODM3*_ga_39H9VBFX7G*czE3NzUwNTQyODgkbzMkZzEkdDE3NzUwNTYyNTMkajYwJGwwJGgxNzMxNDE0MjIw\">\n\t\t\t\t\t\t<span class=\"elementor-button-content-wrapper\">\n\t\t\t\t\t\t\t\t\t<span class=\"elementor-button-text\">Register <\/span>\n\t\t\t\t\t<\/span>\n\t\t\t\t\t<\/a>\n\t\t\t\t<\/div>\n\t\t\t\t\t\t\t\t<\/div>\n\t\t\t\t<\/div>\n\t\t\t\t\t<\/div>\n\t\t\t\t<\/div>\n\t\t<div class=\"elementor-element elementor-element-eb6ab15 e-flex e-con-boxed e-con e-parent\" data-id=\"eb6ab15\" data-element_type=\"container\" data-e-type=\"container\">\n\t\t\t\t\t<div class=\"e-con-inner\">\n\t\t\t\t<div class=\"elementor-element elementor-element-429ae2c elementor-widget elementor-widget-spacer\" data-id=\"429ae2c\" data-element_type=\"widget\" data-e-type=\"widget\" data-widget_type=\"spacer.default\">\n\t\t\t\t<div class=\"elementor-widget-container\">\n\t\t\t\t\t\t\t<div class=\"elementor-spacer\">\n\t\t\t<div class=\"elementor-spacer-inner\"><\/div>\n\t\t<\/div>\n\t\t\t\t\t\t<\/div>\n\t\t\t\t<\/div>\n\t\t\t\t\t<\/div>\n\t\t\t\t<\/div>\n\t\t<div class=\"elementor-element elementor-element-0557fa6 e-flex e-con-boxed e-con e-parent\" data-id=\"0557fa6\" data-element_type=\"container\" data-e-type=\"container\">\n\t\t\t\t\t<div class=\"e-con-inner\">\n\t\t\t\t<div class=\"elementor-element elementor-element-de5c0be elementor-widget__width-initial elementor-widget elementor-widget-spacer\" data-id=\"de5c0be\" data-element_type=\"widget\" data-e-type=\"widget\" data-widget_type=\"spacer.default\">\n\t\t\t\t<div class=\"elementor-widget-container\">\n\t\t\t\t\t\t\t<div class=\"elementor-spacer\">\n\t\t\t<div class=\"elementor-spacer-inner\"><\/div>\n\t\t<\/div>\n\t\t\t\t\t\t<\/div>\n\t\t\t\t<\/div>\n\t\t\t\t\t<\/div>\n\t\t\t\t<\/div>\n\t\t\t\t<\/div>","protected":false},"excerpt":{"rendered":"<p>(Re)d\u00e9couvrir les initiatives de solidarit\u00e9 internationale La Guilde\u00a0a le plaisir de vous convier\u00a0le mardi 21 avril de 19h \u00e0 22h\u00a0au 7\u00e8me \u00e9tage du\u00a0mus\u00e9e de la Poste, au pied de la Tour Montparnasse (34 boulevard de Vaugirard, 75015 Paris) \u00e0 son \u00e9v\u00e8nement d\u00e9di\u00e9 aux \u00ab microprojets \u00bb. \u00a0 Pourquoi venir ? Pour\u00a0d\u00e9couvrir des initiatives concr\u00e8tes, rencontrer [&hellip;]<\/p>\n","protected":false},"author":13,"featured_media":5445,"comment_status":"open","ping_status":"open","sticky":false,"template":"","format":"standard","meta":{"inline_featured_image":false,"footnotes":""},"categories":[41,1010],"tags":[1037,1066,1074,1095,1124,1125,1126],"class_list":["post-5396","post","type-post","status-publish","format-standard","has-post-thumbnail","hentry","category-aide-au-developpement","category-evenement","tag-biodiversite","tag-culture","tag-temoignages","tag-insertion-professionnelle","tag-comptoir","tag-retours-dexperiences","tag-environnement"],"yoast_head":"<!-- This site is optimized with the Yoast SEO plugin v27.3 - https:\/\/yoast.com\/product\/yoast-seo-wordpress\/ -->\n<title>(Re)d\u00e9couvrir les initiatives de solidarit\u00e9 internationale - Microprojet La Guilde<\/title>\n<meta name=\"description\" content=\"Le 21 avril 2026, de 19h \u00e0 22h, La Guilde organise un Comptoir de La Guilde d\u00e9di\u00e9 aux initiatives de solidarit\u00e9 internationale.\" \/>\n<meta name=\"robots\" content=\"index, follow, max-snippet:-1, max-image-preview:large, max-video-preview:-1\" \/>\n<link rel=\"canonical\" href=\"https:\/\/projets-solidaires.la-guilde.org\/en\/re-decouvrir-les-initiatives-de-solidarite-internationale\/\" \/>\n<script type=\"application\/ld+json\" class=\"yoast-schema-graph\">{\"@context\":\"https:\\\/\\\/schema.org\",\"@graph\":[{\"@type\":\"Article\",\"@id\":\"https:\\\/\\\/projets-solidaires.la-guilde.org\\\/re-decouvrir-les-initiatives-de-solidarite-internationale\\\/#article\",\"isPartOf\":{\"@id\":\"https:\\\/\\\/projets-solidaires.la-guilde.org\\\/re-decouvrir-les-initiatives-de-solidarite-internationale\\\/\"},\"author\":{\"name\":\"H\u00e9lo\u00efse Ruban\",\"@id\":\"https:\\\/\\\/projets-solidaires.la-guilde.org\\\/#\\\/schema\\\/person\\\/807360113a42ef3410bbac3e36a99676\"},\"headline\":\"(Re)d\u00e9couvrir les initiatives de solidarit\u00e9 internationale\",\"datePublished\":\"2026-04-15T09:32:18+00:00\",\"dateModified\":\"2026-04-15T09:33:08+00:00\",\"mainEntityOfPage\":{\"@id\":\"https:\\\/\\\/projets-solidaires.la-guilde.org\\\/re-decouvrir-les-initiatives-de-solidarite-internationale\\\/\"},\"wordCount\":290,\"commentCount\":0,\"publisher\":{\"@id\":\"https:\\\/\\\/projets-solidaires.la-guilde.org\\\/#organization\"},\"image\":{\"@id\":\"https:\\\/\\\/projets-solidaires.la-guilde.org\\\/re-decouvrir-les-initiatives-de-solidarite-internationale\\\/#primaryimage\"},\"thumbnailUrl\":\"https:\\\/\\\/projets-solidaires.la-guilde.org\\\/wp-content\\\/uploads\\\/2026\\\/04\\\/Comptoir-MP.jpg\",\"keywords\":[\"biodiversit\u00e9\",\"Culture\",\"t\u00e9moignages\",\"insertion professionnelle\",\"Comptoir\",\"Retours d'exp\u00e9riences\",\"Environnement\"],\"articleSection\":[\"Aide au d\u00e9veloppement\",\"\u00c9v\u00e8nement\"],\"inLanguage\":\"en-GB\",\"potentialAction\":[{\"@type\":\"CommentAction\",\"name\":\"Comment\",\"target\":[\"https:\\\/\\\/projets-solidaires.la-guilde.org\\\/re-decouvrir-les-initiatives-de-solidarite-internationale\\\/#respond\"]}]},{\"@type\":\"WebPage\",\"@id\":\"https:\\\/\\\/projets-solidaires.la-guilde.org\\\/re-decouvrir-les-initiatives-de-solidarite-internationale\\\/\",\"url\":\"https:\\\/\\\/projets-solidaires.la-guilde.org\\\/re-decouvrir-les-initiatives-de-solidarite-internationale\\\/\",\"name\":\"(Re)d\u00e9couvrir les initiatives de solidarit\u00e9 internationale - Microprojet La Guilde\",\"isPartOf\":{\"@id\":\"https:\\\/\\\/projets-solidaires.la-guilde.org\\\/#website\"},\"primaryImageOfPage\":{\"@id\":\"https:\\\/\\\/projets-solidaires.la-guilde.org\\\/re-decouvrir-les-initiatives-de-solidarite-internationale\\\/#primaryimage\"},\"image\":{\"@id\":\"https:\\\/\\\/projets-solidaires.la-guilde.org\\\/re-decouvrir-les-initiatives-de-solidarite-internationale\\\/#primaryimage\"},\"thumbnailUrl\":\"https:\\\/\\\/projets-solidaires.la-guilde.org\\\/wp-content\\\/uploads\\\/2026\\\/04\\\/Comptoir-MP.jpg\",\"datePublished\":\"2026-04-15T09:32:18+00:00\",\"dateModified\":\"2026-04-15T09:33:08+00:00\",\"description\":\"Le 21 avril 2026, de 19h \u00e0 22h, La Guilde organise un Comptoir de La Guilde d\u00e9di\u00e9 aux initiatives de solidarit\u00e9 internationale.\",\"breadcrumb\":{\"@id\":\"https:\\\/\\\/projets-solidaires.la-guilde.org\\\/re-decouvrir-les-initiatives-de-solidarite-internationale\\\/#breadcrumb\"},\"inLanguage\":\"en-GB\",\"potentialAction\":[{\"@type\":\"ReadAction\",\"target\":[\"https:\\\/\\\/projets-solidaires.la-guilde.org\\\/re-decouvrir-les-initiatives-de-solidarite-internationale\\\/\"]}]},{\"@type\":\"ImageObject\",\"inLanguage\":\"en-GB\",\"@id\":\"https:\\\/\\\/projets-solidaires.la-guilde.org\\\/re-decouvrir-les-initiatives-de-solidarite-internationale\\\/#primaryimage\",\"url\":\"https:\\\/\\\/projets-solidaires.la-guilde.org\\\/wp-content\\\/uploads\\\/2026\\\/04\\\/Comptoir-MP.jpg\",\"contentUrl\":\"https:\\\/\\\/projets-solidaires.la-guilde.org\\\/wp-content\\\/uploads\\\/2026\\\/04\\\/Comptoir-MP.jpg\",\"width\":1104,\"height\":736},{\"@type\":\"BreadcrumbList\",\"@id\":\"https:\\\/\\\/projets-solidaires.la-guilde.org\\\/re-decouvrir-les-initiatives-de-solidarite-internationale\\\/#breadcrumb\",\"itemListElement\":[{\"@type\":\"ListItem\",\"position\":1,\"name\":\"Accueil\",\"item\":\"https:\\\/\\\/projets-solidaires.la-guilde.org\\\/\"},{\"@type\":\"ListItem\",\"position\":2,\"name\":\"(Re)d\u00e9couvrir les initiatives de solidarit\u00e9 internationale\"}]},{\"@type\":\"WebSite\",\"@id\":\"https:\\\/\\\/projets-solidaires.la-guilde.org\\\/#website\",\"url\":\"https:\\\/\\\/projets-solidaires.la-guilde.org\\\/\",\"name\":\"Microprojet La Guilde\",\"description\":\"\",\"publisher\":{\"@id\":\"https:\\\/\\\/projets-solidaires.la-guilde.org\\\/#organization\"},\"potentialAction\":[{\"@type\":\"SearchAction\",\"target\":{\"@type\":\"EntryPoint\",\"urlTemplate\":\"https:\\\/\\\/projets-solidaires.la-guilde.org\\\/?s={search_term_string}\"},\"query-input\":{\"@type\":\"PropertyValueSpecification\",\"valueRequired\":true,\"valueName\":\"search_term_string\"}}],\"inLanguage\":\"en-GB\"},{\"@type\":\"Organization\",\"@id\":\"https:\\\/\\\/projets-solidaires.la-guilde.org\\\/#organization\",\"name\":\"Microprojet La Guilde\",\"url\":\"https:\\\/\\\/projets-solidaires.la-guilde.org\\\/\",\"logo\":{\"@type\":\"ImageObject\",\"inLanguage\":\"en-GB\",\"@id\":\"https:\\\/\\\/projets-solidaires.la-guilde.org\\\/#\\\/schema\\\/logo\\\/image\\\/\",\"url\":\"https:\\\/\\\/projets-solidaires.la-guilde.org\\\/wp-content\\\/uploads\\\/2025\\\/05\\\/logo-la-guilde-projets-solidaires.png\",\"contentUrl\":\"https:\\\/\\\/projets-solidaires.la-guilde.org\\\/wp-content\\\/uploads\\\/2025\\\/05\\\/logo-la-guilde-projets-solidaires.png\",\"width\":396,\"height\":201,\"caption\":\"Microprojet La Guilde\"},\"image\":{\"@id\":\"https:\\\/\\\/projets-solidaires.la-guilde.org\\\/#\\\/schema\\\/logo\\\/image\\\/\"}},{\"@type\":\"Person\",\"@id\":\"https:\\\/\\\/projets-solidaires.la-guilde.org\\\/#\\\/schema\\\/person\\\/807360113a42ef3410bbac3e36a99676\",\"name\":\"H\u00e9lo\u00efse Ruban\",\"image\":{\"@type\":\"ImageObject\",\"inLanguage\":\"en-GB\",\"@id\":\"https:\\\/\\\/secure.gravatar.com\\\/avatar\\\/6b7768993fca3988ad3e39c3d6c9cb8a06f97f0bf41da9501572da3a2f878c9b?s=96&d=mm&r=g\",\"url\":\"https:\\\/\\\/secure.gravatar.com\\\/avatar\\\/6b7768993fca3988ad3e39c3d6c9cb8a06f97f0bf41da9501572da3a2f878c9b?s=96&d=mm&r=g\",\"contentUrl\":\"https:\\\/\\\/secure.gravatar.com\\\/avatar\\\/6b7768993fca3988ad3e39c3d6c9cb8a06f97f0bf41da9501572da3a2f878c9b?s=96&d=mm&r=g\",\"caption\":\"H\u00e9lo\u00efse Ruban\"}}]}<\/script>\n<!-- \/ Yoast SEO plugin. -->","yoast_head_json":{"title":"(Re)d\u00e9couvrir les initiatives de solidarit\u00e9 internationale - Microprojet La Guilde","description":"Le 21 avril 2026, de 19h \u00e0 22h, La Guilde organise un Comptoir de La Guilde d\u00e9di\u00e9 aux initiatives de solidarit\u00e9 internationale.","robots":{"index":"index","follow":"follow","max-snippet":"max-snippet:-1","max-image-preview":"max-image-preview:large","max-video-preview":"max-video-preview:-1"},"canonical":"https:\/\/projets-solidaires.la-guilde.org\/en\/re-decouvrir-les-initiatives-de-solidarite-internationale\/","schema":{"@context":"https:\/\/schema.org","@graph":[{"@type":"Article","@id":"https:\/\/projets-solidaires.la-guilde.org\/re-decouvrir-les-initiatives-de-solidarite-internationale\/#article","isPartOf":{"@id":"https:\/\/projets-solidaires.la-guilde.org\/re-decouvrir-les-initiatives-de-solidarite-internationale\/"},"author":{"name":"H\u00e9lo\u00efse Ruban","@id":"https:\/\/projets-solidaires.la-guilde.org\/#\/schema\/person\/807360113a42ef3410bbac3e36a99676"},"headline":"(Re)d\u00e9couvrir les initiatives de solidarit\u00e9 internationale","datePublished":"2026-04-15T09:32:18+00:00","dateModified":"2026-04-15T09:33:08+00:00","mainEntityOfPage":{"@id":"https:\/\/projets-solidaires.la-guilde.org\/re-decouvrir-les-initiatives-de-solidarite-internationale\/"},"wordCount":290,"commentCount":0,"publisher":{"@id":"https:\/\/projets-solidaires.la-guilde.org\/#organization"},"image":{"@id":"https:\/\/projets-solidaires.la-guilde.org\/re-decouvrir-les-initiatives-de-solidarite-internationale\/#primaryimage"},"thumbnailUrl":"https:\/\/projets-solidaires.la-guilde.org\/wp-content\/uploads\/2026\/04\/Comptoir-MP.jpg","keywords":["biodiversit\u00e9","Culture","t\u00e9moignages","insertion professionnelle","Comptoir","Retours d'exp\u00e9riences","Environnement"],"articleSection":["Aide au d\u00e9veloppement","\u00c9v\u00e8nement"],"inLanguage":"en-GB","potentialAction":[{"@type":"CommentAction","name":"Comment","target":["https:\/\/projets-solidaires.la-guilde.org\/re-decouvrir-les-initiatives-de-solidarite-internationale\/#respond"]}]},{"@type":"WebPage","@id":"https:\/\/projets-solidaires.la-guilde.org\/re-decouvrir-les-initiatives-de-solidarite-internationale\/","url":"https:\/\/projets-solidaires.la-guilde.org\/re-decouvrir-les-initiatives-de-solidarite-internationale\/","name":"(Re)d\u00e9couvrir les initiatives de solidarit\u00e9 internationale - Microprojet La Guilde","isPartOf":{"@id":"https:\/\/projets-solidaires.la-guilde.org\/#website"},"primaryImageOfPage":{"@id":"https:\/\/projets-solidaires.la-guilde.org\/re-decouvrir-les-initiatives-de-solidarite-internationale\/#primaryimage"},"image":{"@id":"https:\/\/projets-solidaires.la-guilde.org\/re-decouvrir-les-initiatives-de-solidarite-internationale\/#primaryimage"},"thumbnailUrl":"https:\/\/projets-solidaires.la-guilde.org\/wp-content\/uploads\/2026\/04\/Comptoir-MP.jpg","datePublished":"2026-04-15T09:32:18+00:00","dateModified":"2026-04-15T09:33:08+00:00","description":"Le 21 avril 2026, de 19h \u00e0 22h, La Guilde organise un Comptoir de La Guilde d\u00e9di\u00e9 aux initiatives de solidarit\u00e9 internationale.","breadcrumb":{"@id":"https:\/\/projets-solidaires.la-guilde.org\/re-decouvrir-les-initiatives-de-solidarite-internationale\/#breadcrumb"},"inLanguage":"en-GB","potentialAction":[{"@type":"ReadAction","target":["https:\/\/projets-solidaires.la-guilde.org\/re-decouvrir-les-initiatives-de-solidarite-internationale\/"]}]},{"@type":"ImageObject","inLanguage":"en-GB","@id":"https:\/\/projets-solidaires.la-guilde.org\/re-decouvrir-les-initiatives-de-solidarite-internationale\/#primaryimage","url":"https:\/\/projets-solidaires.la-guilde.org\/wp-content\/uploads\/2026\/04\/Comptoir-MP.jpg","contentUrl":"https:\/\/projets-solidaires.la-guilde.org\/wp-content\/uploads\/2026\/04\/Comptoir-MP.jpg","width":1104,"height":736},{"@type":"BreadcrumbList","@id":"https:\/\/projets-solidaires.la-guilde.org\/re-decouvrir-les-initiatives-de-solidarite-internationale\/#breadcrumb","itemListElement":[{"@type":"ListItem","position":1,"name":"Accueil","item":"https:\/\/projets-solidaires.la-guilde.org\/"},{"@type":"ListItem","position":2,"name":"(Re)d\u00e9couvrir les initiatives de solidarit\u00e9 internationale"}]},{"@type":"WebSite","@id":"https:\/\/projets-solidaires.la-guilde.org\/#website","url":"https:\/\/projets-solidaires.la-guilde.org\/","name":"La Guilde Microproject","description":"","publisher":{"@id":"https:\/\/projets-solidaires.la-guilde.org\/#organization"},"potentialAction":[{"@type":"SearchAction","target":{"@type":"EntryPoint","urlTemplate":"https:\/\/projets-solidaires.la-guilde.org\/?s={search_term_string}"},"query-input":{"@type":"PropertyValueSpecification","valueRequired":true,"valueName":"search_term_string"}}],"inLanguage":"en-GB"},{"@type":"Organization","@id":"https:\/\/projets-solidaires.la-guilde.org\/#organization","name":"La Guilde Microproject","url":"https:\/\/projets-solidaires.la-guilde.org\/","logo":{"@type":"ImageObject","inLanguage":"en-GB","@id":"https:\/\/projets-solidaires.la-guilde.org\/#\/schema\/logo\/image\/","url":"https:\/\/projets-solidaires.la-guilde.org\/wp-content\/uploads\/2025\/05\/logo-la-guilde-projets-solidaires.png","contentUrl":"https:\/\/projets-solidaires.la-guilde.org\/wp-content\/uploads\/2025\/05\/logo-la-guilde-projets-solidaires.png","width":396,"height":201,"caption":"Microprojet La Guilde"},"image":{"@id":"https:\/\/projets-solidaires.la-guilde.org\/#\/schema\/logo\/image\/"}},{"@type":"Person","@id":"https:\/\/projets-solidaires.la-guilde.org\/#\/schema\/person\/807360113a42ef3410bbac3e36a99676","name":"Heloise Ruban","image":{"@type":"ImageObject","inLanguage":"en-GB","@id":"https:\/\/secure.gravatar.com\/avatar\/6b7768993fca3988ad3e39c3d6c9cb8a06f97f0bf41da9501572da3a2f878c9b?s=96&d=mm&r=g","url":"https:\/\/secure.gravatar.com\/avatar\/6b7768993fca3988ad3e39c3d6c9cb8a06f97f0bf41da9501572da3a2f878c9b?s=96&d=mm&r=g","contentUrl":"https:\/\/secure.gravatar.com\/avatar\/6b7768993fca3988ad3e39c3d6c9cb8a06f97f0bf41da9501572da3a2f878c9b?s=96&d=mm&r=g","caption":"H\u00e9lo\u00efse Ruban"}}]}},"publishpress_future_action":{"enabled":false,"date":"2026-05-06 11:17:55","action":"change-status","newStatus":"draft","terms":[],"taxonomy":"category","extraData":[]},"publishpress_future_workflow_manual_trigger":{"enabledWorkflows":[]},"_links":{"self":[{"href":"https:\/\/projets-solidaires.la-guilde.org\/en\/wp-json\/wp\/v2\/posts\/5396","targetHints":{"allow":["GET"]}}],"collection":[{"href":"https:\/\/projets-solidaires.la-guilde.org\/en\/wp-json\/wp\/v2\/posts"}],"about":[{"href":"https:\/\/projets-solidaires.la-guilde.org\/en\/wp-json\/wp\/v2\/types\/post"}],"author":[{"embeddable":true,"href":"https:\/\/projets-solidaires.la-guilde.org\/en\/wp-json\/wp\/v2\/users\/13"}],"replies":[{"embeddable":true,"href":"https:\/\/projets-solidaires.la-guilde.org\/en\/wp-json\/wp\/v2\/comments?post=5396"}],"version-history":[{"count":20,"href":"https:\/\/projets-solidaires.la-guilde.org\/en\/wp-json\/wp\/v2\/posts\/5396\/revisions"}],"predecessor-version":[{"id":5462,"href":"https:\/\/projets-solidaires.la-guilde.org\/en\/wp-json\/wp\/v2\/posts\/5396\/revisions\/5462"}],"wp:featuredmedia":[{"embeddable":true,"href":"https:\/\/projets-solidaires.la-guilde.org\/en\/wp-json\/wp\/v2\/media\/5445"}],"wp:attachment":[{"href":"https:\/\/projets-solidaires.la-guilde.org\/en\/wp-json\/wp\/v2\/media?parent=5396"}],"wp:term":[{"taxonomy":"category","embeddable":true,"href":"https:\/\/projets-solidaires.la-guilde.org\/en\/wp-json\/wp\/v2\/categories?post=5396"},{"taxonomy":"post_tag","embeddable":true,"href":"https:\/\/projets-solidaires.la-guilde.org\/en\/wp-json\/wp\/v2\/tags?post=5396"}],"curies":[{"name":"wp","href":"https:\/\/api.w.org\/{rel}","templated":true}]}}