{"id":5297,"date":"2026-03-16T10:16:26","date_gmt":"2026-03-16T10:16:26","guid":{"rendered":"https:\/\/projets-solidaires.la-guilde.org\/?p=5297"},"modified":"2026-03-16T10:56:57","modified_gmt":"2026-03-16T10:56:57","slug":"la-fondem-et-la-guilde-s-allient-pour-renforcer-l-impact-des-microprojets-energie-en-afrique","status":"publish","type":"post","link":"https:\/\/projets-solidaires.la-guilde.org\/en\/la-fondem-et-la-guilde-s-allient-pour-renforcer-l-impact-des-microprojets-energie-en-afrique\/","title":{"rendered":"La Fondem et La Guilde s&rsquo;allient pour renforcer l&rsquo;impact des microprojets \u00e9nergie en Afrique"},"content":{"rendered":"<p><a href=\"https:\/\/fondem.ong\/\">La Fondem<\/a> et La Guilde annoncent la signature d\u2019un partenariat destin\u00e9 \u00e0 renforcer les projets de solidarit\u00e9 internationale dans le secteur de l\u2019\u00e9nergie et \u00e0 soutenir les porteurs de microprojets pour une transition juste et durable. Cette collaboration marque une \u00e9tape importante dans la structuration d\u2019alliances sectorielles au service de l\u2019impact.<\/p>\n\n\n\n<h2 class=\"wp-block-heading\"><strong>Deux acteurs compl\u00e9mentaires au service du d\u00e9veloppement<\/strong><\/h2>\n\n\n\n<div class=\"wp-block-media-text is-stacked-on-mobile\" style=\"grid-template-columns:36% auto\"><figure class=\"wp-block-media-text__media\"><img fetchpriority=\"high\" decoding=\"async\" width=\"1024\" height=\"420\" src=\"https:\/\/projets-solidaires.la-guilde.org\/wp-content\/uploads\/2026\/03\/FONDEM-LOGO-H-01-1-1024x420.png\" alt=\"\" class=\"wp-image-5300 size-full\" srcset=\"https:\/\/projets-solidaires.la-guilde.org\/wp-content\/uploads\/2026\/03\/FONDEM-LOGO-H-01-1-1024x420.png 1024w, https:\/\/projets-solidaires.la-guilde.org\/wp-content\/uploads\/2026\/03\/FONDEM-LOGO-H-01-1-300x123.png 300w, https:\/\/projets-solidaires.la-guilde.org\/wp-content\/uploads\/2026\/03\/FONDEM-LOGO-H-01-1-768x315.png 768w, https:\/\/projets-solidaires.la-guilde.org\/wp-content\/uploads\/2026\/03\/FONDEM-LOGO-H-01-1-1536x630.png 1536w, https:\/\/projets-solidaires.la-guilde.org\/wp-content\/uploads\/2026\/03\/FONDEM-LOGO-H-01-1-18x7.png 18w, https:\/\/projets-solidaires.la-guilde.org\/wp-content\/uploads\/2026\/03\/FONDEM-LOGO-H-01-1.png 1920w\" sizes=\"(max-width: 1024px) 100vw, 1024px\" \/><\/figure><div class=\"wp-block-media-text__content\">\n<p><a href=\"https:\/\/fondem.ong\/\">La Fondem<\/a> d\u00e9veloppe <strong>l\u2019acc\u00e8s \u00e0 l\u2019\u00e9lectricit\u00e9 dans les zones rurales d\u2019Afrique subsaharienne<\/strong> gr\u00e2ce aux \u00e9nergies renouvelables, en s&rsquo;appuyant sur un triple impact social, environnemental et \u00e9conomique.<\/p>\n<\/div><\/div>\n\n\n\n<div class=\"wp-block-media-text has-media-on-the-right is-stacked-on-mobile\" style=\"grid-template-columns:auto 24%\"><div class=\"wp-block-media-text__content\">\n<p><a href=\"https:\/\/la-guilde.org\/\">La Guilde<\/a>, accompagne quant \u00e0 elle les <strong>microprojets de solidarit\u00e9 internationale<\/strong> port\u00e9s par de petites associations, en mobilisant un r\u00e9seau d\u2019experts et en soutenant l\u2019innovation locale gr\u00e2ce notamment \u00e0 des appels \u00e0 projets.<\/p>\n<\/div><figure class=\"wp-block-media-text__media\"><img decoding=\"async\" width=\"1024\" height=\"305\" src=\"https:\/\/projets-solidaires.la-guilde.org\/wp-content\/uploads\/2026\/03\/3.-La_Guilde_logo_allonge-1024x305.png\" alt=\"\" class=\"wp-image-5308 size-full\" srcset=\"https:\/\/projets-solidaires.la-guilde.org\/wp-content\/uploads\/2026\/03\/3.-La_Guilde_logo_allonge-1024x305.png 1024w, https:\/\/projets-solidaires.la-guilde.org\/wp-content\/uploads\/2026\/03\/3.-La_Guilde_logo_allonge-300x89.png 300w, https:\/\/projets-solidaires.la-guilde.org\/wp-content\/uploads\/2026\/03\/3.-La_Guilde_logo_allonge-768x228.png 768w, https:\/\/projets-solidaires.la-guilde.org\/wp-content\/uploads\/2026\/03\/3.-La_Guilde_logo_allonge-18x5.png 18w, https:\/\/projets-solidaires.la-guilde.org\/wp-content\/uploads\/2026\/03\/3.-La_Guilde_logo_allonge.png 1200w\" sizes=\"(max-width: 1024px) 100vw, 1024px\" \/><\/figure><\/div>\n\n\n\n<h2 class=\"wp-block-heading\"><strong>Un partenariat pour renforcer les microprojets \u00e9nergie<\/strong><\/h2>\n\n\n\n<p>Formalis\u00e9 en d\u00e9cembre 2025 par un accord de partenariat sign\u00e9 entre Vincent Rattez, D\u00e9l\u00e9gu\u00e9 G\u00e9n\u00e9ral de La Guilde, et Paul Testard, Directeur G\u00e9n\u00e9ral de <a href=\"https:\/\/fondem.ong\/\">la Fondem<\/a>, cette collaboration s&rsquo;articule autour d&rsquo;un enjeu concret : <strong>apporter un appui sectoriel \u00ab \u00e9nergie \u00bb aux microprojets accompagn\u00e9s par La Guilde<\/strong>.<\/p>\n\n\n\n<p>Nombreux sont les porteurs de microprojets qui int\u00e8grent une composante \u00e9nergie dans leurs initiatives de d\u00e9veloppement, \u00e9lectrification d&rsquo;un centre de sant\u00e9, installation solaire pour une coop\u00e9rative agricole, alimentation en \u00e9nergie d&rsquo;une \u00e9cole rurale. L&rsquo;expertise technique devient donc n\u00e9cessaire pour en garantir la pertinence et la p\u00e9rennit\u00e9.<\/p>\n\n\n\n<p>Gr\u00e2ce \u00e0 ce partenariat, les deux organisations conjuguent leurs expertises :<\/p>\n\n\n\n<ul class=\"wp-block-list\">\n<li><strong>La Fondem apporte son savoir-faire sectoriel<\/strong>, en particulier sur les \u00e9nergies renouvelables, pour analyser, s\u00e9curiser et accompagner les projets soutenus par La Guilde ;<\/li>\n\n\n\n<li><strong>La Guilde mobilise son exp\u00e9rience d\u2019accompagnement des porteurs de projets<\/strong>, ses outils et son r\u00e9seau d\u2019acteurs fran\u00e7ais et locaux afin de faciliter la mise en \u0153uvre et la valorisation des initiatives.<\/li>\n<\/ul>\n\n\n\n<p>En unissant leurs comp\u00e9tences, les partenaires visent un objectif commun : <strong>garantir des solutions \u00e9nerg\u00e9tiques adapt\u00e9es, p\u00e9rennes et ancr\u00e9es dans le d\u00e9veloppement local<\/strong>.<\/p>\n\n\n\n<h2 class=\"wp-block-heading\"><strong>S\u2019inscrire dans la dynamique des alliances sectorielles<\/strong><\/h2>\n\n\n\n<p>Face \u00e0 la rar\u00e9faction des financements publics et \u00e0 la complexit\u00e9 croissante des enjeux de d\u00e9veloppement, les alliances sectorielles s&rsquo;imposent comme une r\u00e9ponse strat\u00e9gique. Mutualiser les expertises et croiser les approches th\u00e9matiques permet de renforcer l&rsquo;impact des projets.<\/p>\n\n\n\n<p>La Guilde \u00e9volue d&rsquo;une logique de plateforme vers une <strong>Alliance d&rsquo;engagement multi-acteurs<\/strong>, f\u00e9d\u00e9rant des partenaires autour de valeurs communes afin de renforcer l\u2019efficience et la durabilit\u00e9 des initiatives men\u00e9es. Le partenariat avec la Fondem l&rsquo;illustre concr\u00e8tement : une expertise g\u00e9n\u00e9raliste rencontre une sp\u00e9cialisation \u00e9nergie, au service des projets de terrain.<\/p>\n\n\n\n<p>Ces trois prochaines ann\u00e9es tendent vers un partenariat solide \u00e0 travers la formation, la sensibilisation, la co-animation et la communication commune autour des projets soutenus.<\/p>\n\n\n\n<p>Pour acc\u00e9der au site internet de la Fondem :<\/p>\n\n\n\n<div class=\"wp-block-buttons is-layout-flex wp-block-buttons-is-layout-flex\">\n<div class=\"wp-block-button\"><a class=\"wp-block-button__link wp-element-button\" href=\"https:\/\/fondem.ong\/\">La Fondem<\/a><\/div>\n<\/div>\n\n\n\n<p>Lire le communiqu\u00e9 ci-dessous :<\/p>\n\n\n\n<div data-wp-interactive=\"core\/file\" class=\"wp-block-file\"><object data-wp-bind--hidden=\"!state.hasPdfPreview\" hidden class=\"wp-block-file__embed\" data=\"https:\/\/projets-solidaires.la-guilde.org\/wp-content\/uploads\/2026\/03\/Partenariat-Fondem-x-La-Guilde.pdf\" type=\"application\/pdf\" style=\"width:100%;height:600px\" aria-label=\"Embed of Partenariat Fondem x La Guilde.\"><\/object><a id=\"wp-block-file--media-061e98a9-7701-457d-8d7f-2823431f0792\" href=\"https:\/\/projets-solidaires.la-guilde.org\/wp-content\/uploads\/2026\/03\/Partenariat-Fondem-x-La-Guilde.pdf\">Partenariat Fondem x La Guilde<\/a><a href=\"https:\/\/projets-solidaires.la-guilde.org\/wp-content\/uploads\/2026\/03\/Partenariat-Fondem-x-La-Guilde.pdf\" class=\"wp-block-file__button wp-element-button\" download aria-describedby=\"wp-block-file--media-061e98a9-7701-457d-8d7f-2823431f0792\">Download<\/a><\/div>","protected":false},"excerpt":{"rendered":"<p>La Fondem et La Guilde annoncent la signature d\u2019un partenariat destin\u00e9 \u00e0 renforcer les projets de solidarit\u00e9 internationale dans le secteur de l\u2019\u00e9nergie et \u00e0 soutenir les porteurs de microprojets pour une transition juste et durable. Cette collaboration marque une \u00e9tape importante dans la structuration d\u2019alliances sectorielles au service de l\u2019impact. Deux acteurs compl\u00e9mentaires au [&hellip;]<\/p>\n","protected":false},"author":13,"featured_media":5311,"comment_status":"open","ping_status":"open","sticky":false,"template":"","format":"standard","meta":{"inline_featured_image":false,"footnotes":""},"categories":[41],"tags":[1077,1108,1118,1119,1120],"class_list":["post-5297","post","type-post","status-publish","format-standard","has-post-thumbnail","hentry","category-aide-au-developpement","tag-partenariat","tag-impact","tag-energie","tag-afrique","tag-accompagnement"],"yoast_head":"<!-- This site is optimized with the Yoast SEO plugin v27.3 - https:\/\/yoast.com\/product\/yoast-seo-wordpress\/ -->\n<title>Partenariat Fondem - La Guilde pour les projets \u00e9nergie en Afrique<\/title>\n<meta name=\"description\" content=\"La Fondem et La Guilde ont sign\u00e9 un partenariat pour renforcer les projets de solidarit\u00e9 internationale dans le secteur de l\u2019\u00e9nergie.\" \/>\n<meta name=\"robots\" content=\"index, follow, max-snippet:-1, max-image-preview:large, max-video-preview:-1\" \/>\n<link rel=\"canonical\" href=\"https:\/\/projets-solidaires.la-guilde.org\/en\/la-fondem-et-la-guilde-s-allient-pour-renforcer-l-impact-des-microprojets-energie-en-afrique\/\" \/>\n<script type=\"application\/ld+json\" class=\"yoast-schema-graph\">{\"@context\":\"https:\\\/\\\/schema.org\",\"@graph\":[{\"@type\":\"Article\",\"@id\":\"https:\\\/\\\/projets-solidaires.la-guilde.org\\\/la-fondem-et-la-guilde-s-allient-pour-renforcer-l-impact-des-microprojets-energie-en-afrique\\\/#article\",\"isPartOf\":{\"@id\":\"https:\\\/\\\/projets-solidaires.la-guilde.org\\\/la-fondem-et-la-guilde-s-allient-pour-renforcer-l-impact-des-microprojets-energie-en-afrique\\\/\"},\"author\":{\"name\":\"H\u00e9lo\u00efse Ruban\",\"@id\":\"https:\\\/\\\/projets-solidaires.la-guilde.org\\\/#\\\/schema\\\/person\\\/807360113a42ef3410bbac3e36a99676\"},\"headline\":\"La Fondem et La Guilde s&rsquo;allient pour renforcer l&rsquo;impact des microprojets \u00e9nergie en Afrique\",\"datePublished\":\"2026-03-16T10:16:26+00:00\",\"dateModified\":\"2026-03-16T10:56:57+00:00\",\"mainEntityOfPage\":{\"@id\":\"https:\\\/\\\/projets-solidaires.la-guilde.org\\\/la-fondem-et-la-guilde-s-allient-pour-renforcer-l-impact-des-microprojets-energie-en-afrique\\\/\"},\"wordCount\":516,\"commentCount\":0,\"publisher\":{\"@id\":\"https:\\\/\\\/projets-solidaires.la-guilde.org\\\/#organization\"},\"image\":{\"@id\":\"https:\\\/\\\/projets-solidaires.la-guilde.org\\\/la-fondem-et-la-guilde-s-allient-pour-renforcer-l-impact-des-microprojets-energie-en-afrique\\\/#primaryimage\"},\"thumbnailUrl\":\"https:\\\/\\\/projets-solidaires.la-guilde.org\\\/wp-content\\\/uploads\\\/2026\\\/03\\\/PERIMETRE_GAMOUNE-5-1.jpg\",\"keywords\":[\"partenariat\",\"Impact\",\"Energie\",\"Afrique\",\"Accompagnement\"],\"articleSection\":[\"Aide au d\u00e9veloppement\"],\"inLanguage\":\"en-GB\",\"potentialAction\":[{\"@type\":\"CommentAction\",\"name\":\"Comment\",\"target\":[\"https:\\\/\\\/projets-solidaires.la-guilde.org\\\/la-fondem-et-la-guilde-s-allient-pour-renforcer-l-impact-des-microprojets-energie-en-afrique\\\/#respond\"]}]},{\"@type\":\"WebPage\",\"@id\":\"https:\\\/\\\/projets-solidaires.la-guilde.org\\\/la-fondem-et-la-guilde-s-allient-pour-renforcer-l-impact-des-microprojets-energie-en-afrique\\\/\",\"url\":\"https:\\\/\\\/projets-solidaires.la-guilde.org\\\/la-fondem-et-la-guilde-s-allient-pour-renforcer-l-impact-des-microprojets-energie-en-afrique\\\/\",\"name\":\"Partenariat Fondem - La Guilde pour les projets \u00e9nergie en Afrique\",\"isPartOf\":{\"@id\":\"https:\\\/\\\/projets-solidaires.la-guilde.org\\\/#website\"},\"primaryImageOfPage\":{\"@id\":\"https:\\\/\\\/projets-solidaires.la-guilde.org\\\/la-fondem-et-la-guilde-s-allient-pour-renforcer-l-impact-des-microprojets-energie-en-afrique\\\/#primaryimage\"},\"image\":{\"@id\":\"https:\\\/\\\/projets-solidaires.la-guilde.org\\\/la-fondem-et-la-guilde-s-allient-pour-renforcer-l-impact-des-microprojets-energie-en-afrique\\\/#primaryimage\"},\"thumbnailUrl\":\"https:\\\/\\\/projets-solidaires.la-guilde.org\\\/wp-content\\\/uploads\\\/2026\\\/03\\\/PERIMETRE_GAMOUNE-5-1.jpg\",\"datePublished\":\"2026-03-16T10:16:26+00:00\",\"dateModified\":\"2026-03-16T10:56:57+00:00\",\"description\":\"La Fondem et La Guilde ont sign\u00e9 un partenariat pour renforcer les projets de solidarit\u00e9 internationale dans le secteur de l\u2019\u00e9nergie.\",\"breadcrumb\":{\"@id\":\"https:\\\/\\\/projets-solidaires.la-guilde.org\\\/la-fondem-et-la-guilde-s-allient-pour-renforcer-l-impact-des-microprojets-energie-en-afrique\\\/#breadcrumb\"},\"inLanguage\":\"en-GB\",\"potentialAction\":[{\"@type\":\"ReadAction\",\"target\":[\"https:\\\/\\\/projets-solidaires.la-guilde.org\\\/la-fondem-et-la-guilde-s-allient-pour-renforcer-l-impact-des-microprojets-energie-en-afrique\\\/\"]}]},{\"@type\":\"ImageObject\",\"inLanguage\":\"en-GB\",\"@id\":\"https:\\\/\\\/projets-solidaires.la-guilde.org\\\/la-fondem-et-la-guilde-s-allient-pour-renforcer-l-impact-des-microprojets-energie-en-afrique\\\/#primaryimage\",\"url\":\"https:\\\/\\\/projets-solidaires.la-guilde.org\\\/wp-content\\\/uploads\\\/2026\\\/03\\\/PERIMETRE_GAMOUNE-5-1.jpg\",\"contentUrl\":\"https:\\\/\\\/projets-solidaires.la-guilde.org\\\/wp-content\\\/uploads\\\/2026\\\/03\\\/PERIMETRE_GAMOUNE-5-1.jpg\",\"width\":1920,\"height\":1280},{\"@type\":\"BreadcrumbList\",\"@id\":\"https:\\\/\\\/projets-solidaires.la-guilde.org\\\/la-fondem-et-la-guilde-s-allient-pour-renforcer-l-impact-des-microprojets-energie-en-afrique\\\/#breadcrumb\",\"itemListElement\":[{\"@type\":\"ListItem\",\"position\":1,\"name\":\"Accueil\",\"item\":\"https:\\\/\\\/projets-solidaires.la-guilde.org\\\/\"},{\"@type\":\"ListItem\",\"position\":2,\"name\":\"La Fondem et La Guilde s&#8217;allient pour renforcer l&#8217;impact des microprojets \u00e9nergie en Afrique\"}]},{\"@type\":\"WebSite\",\"@id\":\"https:\\\/\\\/projets-solidaires.la-guilde.org\\\/#website\",\"url\":\"https:\\\/\\\/projets-solidaires.la-guilde.org\\\/\",\"name\":\"Microprojet La Guilde\",\"description\":\"\",\"publisher\":{\"@id\":\"https:\\\/\\\/projets-solidaires.la-guilde.org\\\/#organization\"},\"potentialAction\":[{\"@type\":\"SearchAction\",\"target\":{\"@type\":\"EntryPoint\",\"urlTemplate\":\"https:\\\/\\\/projets-solidaires.la-guilde.org\\\/?s={search_term_string}\"},\"query-input\":{\"@type\":\"PropertyValueSpecification\",\"valueRequired\":true,\"valueName\":\"search_term_string\"}}],\"inLanguage\":\"en-GB\"},{\"@type\":\"Organization\",\"@id\":\"https:\\\/\\\/projets-solidaires.la-guilde.org\\\/#organization\",\"name\":\"Microprojet La Guilde\",\"url\":\"https:\\\/\\\/projets-solidaires.la-guilde.org\\\/\",\"logo\":{\"@type\":\"ImageObject\",\"inLanguage\":\"en-GB\",\"@id\":\"https:\\\/\\\/projets-solidaires.la-guilde.org\\\/#\\\/schema\\\/logo\\\/image\\\/\",\"url\":\"https:\\\/\\\/projets-solidaires.la-guilde.org\\\/wp-content\\\/uploads\\\/2025\\\/05\\\/logo-la-guilde-projets-solidaires.png\",\"contentUrl\":\"https:\\\/\\\/projets-solidaires.la-guilde.org\\\/wp-content\\\/uploads\\\/2025\\\/05\\\/logo-la-guilde-projets-solidaires.png\",\"width\":396,\"height\":201,\"caption\":\"Microprojet La Guilde\"},\"image\":{\"@id\":\"https:\\\/\\\/projets-solidaires.la-guilde.org\\\/#\\\/schema\\\/logo\\\/image\\\/\"}},{\"@type\":\"Person\",\"@id\":\"https:\\\/\\\/projets-solidaires.la-guilde.org\\\/#\\\/schema\\\/person\\\/807360113a42ef3410bbac3e36a99676\",\"name\":\"H\u00e9lo\u00efse Ruban\",\"image\":{\"@type\":\"ImageObject\",\"inLanguage\":\"en-GB\",\"@id\":\"https:\\\/\\\/secure.gravatar.com\\\/avatar\\\/6b7768993fca3988ad3e39c3d6c9cb8a06f97f0bf41da9501572da3a2f878c9b?s=96&d=mm&r=g\",\"url\":\"https:\\\/\\\/secure.gravatar.com\\\/avatar\\\/6b7768993fca3988ad3e39c3d6c9cb8a06f97f0bf41da9501572da3a2f878c9b?s=96&d=mm&r=g\",\"contentUrl\":\"https:\\\/\\\/secure.gravatar.com\\\/avatar\\\/6b7768993fca3988ad3e39c3d6c9cb8a06f97f0bf41da9501572da3a2f878c9b?s=96&d=mm&r=g\",\"caption\":\"H\u00e9lo\u00efse Ruban\"}}]}<\/script>\n<!-- \/ Yoast SEO plugin. -->","yoast_head_json":{"title":"Partenariat Fondem - La Guilde pour les projets \u00e9nergie en Afrique","description":"La Fondem et La Guilde ont sign\u00e9 un partenariat pour renforcer les projets de solidarit\u00e9 internationale dans le secteur de l\u2019\u00e9nergie.","robots":{"index":"index","follow":"follow","max-snippet":"max-snippet:-1","max-image-preview":"max-image-preview:large","max-video-preview":"max-video-preview:-1"},"canonical":"https:\/\/projets-solidaires.la-guilde.org\/en\/la-fondem-et-la-guilde-s-allient-pour-renforcer-l-impact-des-microprojets-energie-en-afrique\/","schema":{"@context":"https:\/\/schema.org","@graph":[{"@type":"Article","@id":"https:\/\/projets-solidaires.la-guilde.org\/la-fondem-et-la-guilde-s-allient-pour-renforcer-l-impact-des-microprojets-energie-en-afrique\/#article","isPartOf":{"@id":"https:\/\/projets-solidaires.la-guilde.org\/la-fondem-et-la-guilde-s-allient-pour-renforcer-l-impact-des-microprojets-energie-en-afrique\/"},"author":{"name":"H\u00e9lo\u00efse Ruban","@id":"https:\/\/projets-solidaires.la-guilde.org\/#\/schema\/person\/807360113a42ef3410bbac3e36a99676"},"headline":"La Fondem et La Guilde s&rsquo;allient pour renforcer l&rsquo;impact des microprojets \u00e9nergie en Afrique","datePublished":"2026-03-16T10:16:26+00:00","dateModified":"2026-03-16T10:56:57+00:00","mainEntityOfPage":{"@id":"https:\/\/projets-solidaires.la-guilde.org\/la-fondem-et-la-guilde-s-allient-pour-renforcer-l-impact-des-microprojets-energie-en-afrique\/"},"wordCount":516,"commentCount":0,"publisher":{"@id":"https:\/\/projets-solidaires.la-guilde.org\/#organization"},"image":{"@id":"https:\/\/projets-solidaires.la-guilde.org\/la-fondem-et-la-guilde-s-allient-pour-renforcer-l-impact-des-microprojets-energie-en-afrique\/#primaryimage"},"thumbnailUrl":"https:\/\/projets-solidaires.la-guilde.org\/wp-content\/uploads\/2026\/03\/PERIMETRE_GAMOUNE-5-1.jpg","keywords":["partenariat","Impact","Energie","Afrique","Accompagnement"],"articleSection":["Aide au d\u00e9veloppement"],"inLanguage":"en-GB","potentialAction":[{"@type":"CommentAction","name":"Comment","target":["https:\/\/projets-solidaires.la-guilde.org\/la-fondem-et-la-guilde-s-allient-pour-renforcer-l-impact-des-microprojets-energie-en-afrique\/#respond"]}]},{"@type":"WebPage","@id":"https:\/\/projets-solidaires.la-guilde.org\/la-fondem-et-la-guilde-s-allient-pour-renforcer-l-impact-des-microprojets-energie-en-afrique\/","url":"https:\/\/projets-solidaires.la-guilde.org\/la-fondem-et-la-guilde-s-allient-pour-renforcer-l-impact-des-microprojets-energie-en-afrique\/","name":"Partenariat Fondem - La Guilde pour les projets \u00e9nergie en Afrique","isPartOf":{"@id":"https:\/\/projets-solidaires.la-guilde.org\/#website"},"primaryImageOfPage":{"@id":"https:\/\/projets-solidaires.la-guilde.org\/la-fondem-et-la-guilde-s-allient-pour-renforcer-l-impact-des-microprojets-energie-en-afrique\/#primaryimage"},"image":{"@id":"https:\/\/projets-solidaires.la-guilde.org\/la-fondem-et-la-guilde-s-allient-pour-renforcer-l-impact-des-microprojets-energie-en-afrique\/#primaryimage"},"thumbnailUrl":"https:\/\/projets-solidaires.la-guilde.org\/wp-content\/uploads\/2026\/03\/PERIMETRE_GAMOUNE-5-1.jpg","datePublished":"2026-03-16T10:16:26+00:00","dateModified":"2026-03-16T10:56:57+00:00","description":"La Fondem et La Guilde ont sign\u00e9 un partenariat pour renforcer les projets de solidarit\u00e9 internationale dans le secteur de l\u2019\u00e9nergie.","breadcrumb":{"@id":"https:\/\/projets-solidaires.la-guilde.org\/la-fondem-et-la-guilde-s-allient-pour-renforcer-l-impact-des-microprojets-energie-en-afrique\/#breadcrumb"},"inLanguage":"en-GB","potentialAction":[{"@type":"ReadAction","target":["https:\/\/projets-solidaires.la-guilde.org\/la-fondem-et-la-guilde-s-allient-pour-renforcer-l-impact-des-microprojets-energie-en-afrique\/"]}]},{"@type":"ImageObject","inLanguage":"en-GB","@id":"https:\/\/projets-solidaires.la-guilde.org\/la-fondem-et-la-guilde-s-allient-pour-renforcer-l-impact-des-microprojets-energie-en-afrique\/#primaryimage","url":"https:\/\/projets-solidaires.la-guilde.org\/wp-content\/uploads\/2026\/03\/PERIMETRE_GAMOUNE-5-1.jpg","contentUrl":"https:\/\/projets-solidaires.la-guilde.org\/wp-content\/uploads\/2026\/03\/PERIMETRE_GAMOUNE-5-1.jpg","width":1920,"height":1280},{"@type":"BreadcrumbList","@id":"https:\/\/projets-solidaires.la-guilde.org\/la-fondem-et-la-guilde-s-allient-pour-renforcer-l-impact-des-microprojets-energie-en-afrique\/#breadcrumb","itemListElement":[{"@type":"ListItem","position":1,"name":"Accueil","item":"https:\/\/projets-solidaires.la-guilde.org\/"},{"@type":"ListItem","position":2,"name":"La Fondem et La Guilde s&#8217;allient pour renforcer l&#8217;impact des microprojets \u00e9nergie en Afrique"}]},{"@type":"WebSite","@id":"https:\/\/projets-solidaires.la-guilde.org\/#website","url":"https:\/\/projets-solidaires.la-guilde.org\/","name":"La Guilde Microproject","description":"","publisher":{"@id":"https:\/\/projets-solidaires.la-guilde.org\/#organization"},"potentialAction":[{"@type":"SearchAction","target":{"@type":"EntryPoint","urlTemplate":"https:\/\/projets-solidaires.la-guilde.org\/?s={search_term_string}"},"query-input":{"@type":"PropertyValueSpecification","valueRequired":true,"valueName":"search_term_string"}}],"inLanguage":"en-GB"},{"@type":"Organization","@id":"https:\/\/projets-solidaires.la-guilde.org\/#organization","name":"La Guilde Microproject","url":"https:\/\/projets-solidaires.la-guilde.org\/","logo":{"@type":"ImageObject","inLanguage":"en-GB","@id":"https:\/\/projets-solidaires.la-guilde.org\/#\/schema\/logo\/image\/","url":"https:\/\/projets-solidaires.la-guilde.org\/wp-content\/uploads\/2025\/05\/logo-la-guilde-projets-solidaires.png","contentUrl":"https:\/\/projets-solidaires.la-guilde.org\/wp-content\/uploads\/2025\/05\/logo-la-guilde-projets-solidaires.png","width":396,"height":201,"caption":"Microprojet La Guilde"},"image":{"@id":"https:\/\/projets-solidaires.la-guilde.org\/#\/schema\/logo\/image\/"}},{"@type":"Person","@id":"https:\/\/projets-solidaires.la-guilde.org\/#\/schema\/person\/807360113a42ef3410bbac3e36a99676","name":"Heloise Ruban","image":{"@type":"ImageObject","inLanguage":"en-GB","@id":"https:\/\/secure.gravatar.com\/avatar\/6b7768993fca3988ad3e39c3d6c9cb8a06f97f0bf41da9501572da3a2f878c9b?s=96&d=mm&r=g","url":"https:\/\/secure.gravatar.com\/avatar\/6b7768993fca3988ad3e39c3d6c9cb8a06f97f0bf41da9501572da3a2f878c9b?s=96&d=mm&r=g","contentUrl":"https:\/\/secure.gravatar.com\/avatar\/6b7768993fca3988ad3e39c3d6c9cb8a06f97f0bf41da9501572da3a2f878c9b?s=96&d=mm&r=g","caption":"H\u00e9lo\u00efse Ruban"}}]}},"publishpress_future_action":{"enabled":false,"date":"2026-05-06 11:17:57","action":"change-status","newStatus":"draft","terms":[],"taxonomy":"category","extraData":[]},"publishpress_future_workflow_manual_trigger":{"enabledWorkflows":[]},"_links":{"self":[{"href":"https:\/\/projets-solidaires.la-guilde.org\/en\/wp-json\/wp\/v2\/posts\/5297","targetHints":{"allow":["GET"]}}],"collection":[{"href":"https:\/\/projets-solidaires.la-guilde.org\/en\/wp-json\/wp\/v2\/posts"}],"about":[{"href":"https:\/\/projets-solidaires.la-guilde.org\/en\/wp-json\/wp\/v2\/types\/post"}],"author":[{"embeddable":true,"href":"https:\/\/projets-solidaires.la-guilde.org\/en\/wp-json\/wp\/v2\/users\/13"}],"replies":[{"embeddable":true,"href":"https:\/\/projets-solidaires.la-guilde.org\/en\/wp-json\/wp\/v2\/comments?post=5297"}],"version-history":[{"count":0,"href":"https:\/\/projets-solidaires.la-guilde.org\/en\/wp-json\/wp\/v2\/posts\/5297\/revisions"}],"wp:featuredmedia":[{"embeddable":true,"href":"https:\/\/projets-solidaires.la-guilde.org\/en\/wp-json\/wp\/v2\/media\/5311"}],"wp:attachment":[{"href":"https:\/\/projets-solidaires.la-guilde.org\/en\/wp-json\/wp\/v2\/media?parent=5297"}],"wp:term":[{"taxonomy":"category","embeddable":true,"href":"https:\/\/projets-solidaires.la-guilde.org\/en\/wp-json\/wp\/v2\/categories?post=5297"},{"taxonomy":"post_tag","embeddable":true,"href":"https:\/\/projets-solidaires.la-guilde.org\/en\/wp-json\/wp\/v2\/tags?post=5297"}],"curies":[{"name":"wp","href":"https:\/\/api.w.org\/{rel}","templated":true}]}}