{"id":5278,"date":"2026-03-24T16:54:02","date_gmt":"2026-03-24T16:54:02","guid":{"rendered":"https:\/\/projets-solidaires.la-guilde.org\/?p=5278"},"modified":"2026-03-26T13:53:52","modified_gmt":"2026-03-26T13:53:52","slug":"cinema-et-inclusion-au-togo-utiliser-le-7eme-art-comme-outil-douverture-a-la-culture-pour-toutes-et-tous","status":"publish","type":"post","link":"https:\/\/projets-solidaires.la-guilde.org\/en\/cinema-et-inclusion-au-togo-utiliser-le-7eme-art-comme-outil-douverture-a-la-culture-pour-toutes-et-tous\/","title":{"rendered":"\u00ab\u00a0Cin\u00e9ma et Inclusion au Togo\u00a0\u00bb &#8211; Utiliser le 7\u00e8me art comme outil d&rsquo;ouverture \u00e0 la culture pour toutes et tous\u200b"},"content":{"rendered":"<div data-elementor-type=\"wp-post\" data-elementor-id=\"5278\" class=\"elementor elementor-5278\" data-elementor-post-type=\"post\">\n\t\t\t\t<div class=\"elementor-element elementor-element-97ecad1 e-flex e-con-boxed e-con e-parent\" data-id=\"97ecad1\" data-element_type=\"container\" data-e-type=\"container\">\n\t\t\t\t\t<div class=\"e-con-inner\">\n\t\t\t\t<div class=\"elementor-element elementor-element-7681e90 elementor-widget elementor-widget-heading\" data-id=\"7681e90\" data-element_type=\"widget\" data-e-type=\"widget\" data-widget_type=\"heading.default\">\n\t\t\t\t<div class=\"elementor-widget-container\">\n\t\t\t\t\t<h2 class=\"elementor-heading-title elementor-size-default\">\"Cin\u00e9ma et Inclusion au Togo\" - Utiliser le 7\u00e8me art comme outil d'ouverture \u00e0 la culture pour toutes et tous<\/h2>\t\t\t\t<\/div>\n\t\t\t\t<\/div>\n\t\t\t\t\t<\/div>\n\t\t\t\t<\/div>\n\t\t<div class=\"elementor-element elementor-element-536c714 e-flex e-con-boxed e-con e-parent\" data-id=\"536c714\" data-element_type=\"container\" data-e-type=\"container\">\n\t\t\t\t\t<div class=\"e-con-inner\">\n\t\t\t\t<div class=\"elementor-element elementor-element-aed9363 elementor-widget elementor-widget-text-editor\" data-id=\"aed9363\" data-element_type=\"widget\" data-e-type=\"widget\" data-widget_type=\"text-editor.default\">\n\t\t\t\t<div class=\"elementor-widget-container\">\n\t\t\t\t\t\t\t\t\t<p>Au c\u0153ur de la <strong>R\u00e9gion des Plateaux<\/strong>, au <strong>Togo, les jeunes du Centre d&rsquo;h\u00e9bergement pour aveugles et malvoyants de Kpalim\u00e9<\/strong> ont particip\u00e9 au d\u00e9ploiement d&rsquo;initiatives en faveur de l&rsquo;inclusion des personnes d\u00e9ficientes visuelles par l&rsquo;interm\u00e9diaire du cin\u00e9ma, accompagn\u00e9s par <strong>Kipepeo Films<\/strong> et de nombreux acteurs associatifs togolais et fran\u00e7ais.\u00a0\u00a0<\/p>\t\t\t\t\t\t\t\t<\/div>\n\t\t\t\t<\/div>\n\t\t\t\t\t<\/div>\n\t\t\t\t<\/div>\n\t\t<div class=\"elementor-element elementor-element-920cfa9 e-flex e-con-boxed e-con e-parent\" data-id=\"920cfa9\" data-element_type=\"container\" data-e-type=\"container\">\n\t\t\t\t\t<div class=\"e-con-inner\">\n\t\t\t\t<div class=\"elementor-element elementor-element-c26d073 elementor-widget elementor-widget-heading\" data-id=\"c26d073\" data-element_type=\"widget\" data-e-type=\"widget\" data-widget_type=\"heading.default\">\n\t\t\t\t<div class=\"elementor-widget-container\">\n\t\t\t\t\t<h2 class=\"elementor-heading-title elementor-size-default\">2 milliards de personnes touch\u00e9es par une d\u00e9ficience visuelle dans le monde <\/h2>\t\t\t\t<\/div>\n\t\t\t\t<\/div>\n\t\t\t\t\t<\/div>\n\t\t\t\t<\/div>\n\t\t<div class=\"elementor-element elementor-element-9daf397 e-flex e-con-boxed e-con e-parent\" data-id=\"9daf397\" data-element_type=\"container\" data-e-type=\"container\">\n\t\t\t\t\t<div class=\"e-con-inner\">\n\t\t<div class=\"elementor-element elementor-element-151401d e-grid e-con-full e-con e-child\" data-id=\"151401d\" data-element_type=\"container\" data-e-type=\"container\">\n\t\t<div class=\"elementor-element elementor-element-132a010 e-con-full e-flex e-con e-child\" data-id=\"132a010\" data-element_type=\"container\" data-e-type=\"container\">\n\t\t\t\t<div class=\"elementor-element elementor-element-74d78e5 elementor-widget elementor-widget-text-editor\" data-id=\"74d78e5\" data-element_type=\"widget\" data-e-type=\"widget\" data-widget_type=\"text-editor.default\">\n\t\t\t\t<div class=\"elementor-widget-container\">\n\t\t\t\t\t\t\t\t\t<p>En 2019, l\u2019<strong>Organisation Mondiale de la Sant\u00e9<\/strong> faisait para\u00eetre son <strong>Rapport Mondial sur la Vision<\/strong> qui faisait \u00e9tat d\u2019un chiffre \u00e9difiant : <strong>Plus d\u2019un quart de la population mondiale<\/strong> est atteint d\u2019une d\u00e9ficience visuelle. Cela \u00e9l\u00e8ve le nombre d&rsquo;individus touch\u00e9s \u00e0 <strong>2,2 milliards<\/strong>. Parmi eux, 1 milliard de personnes n&rsquo;ont pas encore \u00e9t\u00e9 trait\u00e9es ou auraient pu avoir des formes moins graves de d\u00e9ficiences si elles avaient \u00e9t\u00e9 prises en charge plus t\u00f4t. Comme expliquait la <strong>docteure Alarcos Cieza<\/strong> qui dirige les travaux de l\u2019OMS sur ce sujet : \u00ab\u00a0Des millions de personnes souffrent de d\u00e9ficiences visuelles graves et ne peuvent participer pleinement \u00e0 la soci\u00e9t\u00e9\u00a0\u00bb<span style=\"font-size: 1.1rem;\">. On parle alors de <strong>Processus de Production du Handicap<\/strong> qui limite le plein potentiel des personnes en raison d\u2019obstacles sociaux et environnementaux (architecture, discrimination, communication, \u2026). Pour limiter les in\u00e9galit\u00e9s, il convient d\u2019essayer <strong>d\u2019agir directement aupr\u00e8s des individus en situation de handicap, mais \u00e9galement sur le syst\u00e8me dans lequel elles vivent.<\/strong><\/span><\/p>\t\t\t\t\t\t\t\t<\/div>\n\t\t\t\t<\/div>\n\t\t\t\t<div class=\"elementor-element elementor-element-d983cb6 elementor-align-center elementor-widget elementor-widget-button\" data-id=\"d983cb6\" data-element_type=\"widget\" data-e-type=\"widget\" data-widget_type=\"button.default\">\n\t\t\t\t<div class=\"elementor-widget-container\">\n\t\t\t\t\t\t\t\t\t<div class=\"elementor-button-wrapper\">\n\t\t\t\t\t<a class=\"elementor-button elementor-button-link elementor-size-sm\" href=\"https:\/\/www.who.int\/fr\/publications\/i\/item\/9789241516570\">\n\t\t\t\t\t\t<span class=\"elementor-button-content-wrapper\">\n\t\t\t\t\t\t\t\t\t<span class=\"elementor-button-text\">Acc\u00e9der au Rapport Mondial sur la Vision de l'OMS<\/span>\n\t\t\t\t\t<\/span>\n\t\t\t\t\t<\/a>\n\t\t\t\t<\/div>\n\t\t\t\t\t\t\t\t<\/div>\n\t\t\t\t<\/div>\n\t\t\t\t<\/div>\n\t\t\t\t<div class=\"elementor-element elementor-element-328c87d elementor-widget elementor-widget-image\" data-id=\"328c87d\" data-element_type=\"widget\" data-e-type=\"widget\" data-widget_type=\"image.default\">\n\t\t\t\t<div class=\"elementor-widget-container\">\n\t\t\t\t\t\t\t\t\t\t\t\t\t\t\t<img fetchpriority=\"high\" decoding=\"async\" width=\"800\" height=\"450\" src=\"https:\/\/projets-solidaires.la-guilde.org\/wp-content\/uploads\/2026\/03\/MG_1034-1024x576.jpg\" class=\"attachment-large size-large wp-image-5282\" alt=\"\" srcset=\"https:\/\/projets-solidaires.la-guilde.org\/wp-content\/uploads\/2026\/03\/MG_1034-1024x576.jpg 1024w, https:\/\/projets-solidaires.la-guilde.org\/wp-content\/uploads\/2026\/03\/MG_1034-300x169.jpg 300w, https:\/\/projets-solidaires.la-guilde.org\/wp-content\/uploads\/2026\/03\/MG_1034-768x432.jpg 768w, https:\/\/projets-solidaires.la-guilde.org\/wp-content\/uploads\/2026\/03\/MG_1034-1536x864.jpg 1536w, https:\/\/projets-solidaires.la-guilde.org\/wp-content\/uploads\/2026\/03\/MG_1034-18x10.jpg 18w, https:\/\/projets-solidaires.la-guilde.org\/wp-content\/uploads\/2026\/03\/MG_1034.jpg 1920w\" sizes=\"(max-width: 800px) 100vw, 800px\" \/>\t\t\t\t\t\t\t\t\t\t\t\t\t\t\t<\/div>\n\t\t\t\t<\/div>\n\t\t\t\t<\/div>\n\t\t\t\t\t<\/div>\n\t\t\t\t<\/div>\n\t\t<div class=\"elementor-element elementor-element-086c9c6 e-flex e-con-boxed e-con e-parent\" data-id=\"086c9c6\" data-element_type=\"container\" data-e-type=\"container\">\n\t\t\t\t\t<div class=\"e-con-inner\">\n\t\t\t\t<div class=\"elementor-element elementor-element-afe5d31 elementor-widget elementor-widget-heading\" data-id=\"afe5d31\" data-element_type=\"widget\" data-e-type=\"widget\" data-widget_type=\"heading.default\">\n\t\t\t\t<div class=\"elementor-widget-container\">\n\t\t\t\t\t<h2 class=\"elementor-heading-title elementor-size-default\">Favoriser l'expression des jeunes tout en sensibilisant les professionnels<\/h2>\t\t\t\t<\/div>\n\t\t\t\t<\/div>\n\t\t\t\t\t<\/div>\n\t\t\t\t<\/div>\n\t\t<div class=\"elementor-element elementor-element-ceec88b e-flex e-con-boxed e-con e-parent\" data-id=\"ceec88b\" data-element_type=\"container\" data-e-type=\"container\">\n\t\t\t\t\t<div class=\"e-con-inner\">\n\t\t<div class=\"elementor-element elementor-element-0b5e7b9 e-grid e-con-full e-con e-child\" data-id=\"0b5e7b9\" data-element_type=\"container\" data-e-type=\"container\">\n\t\t\t\t<div class=\"elementor-element elementor-element-0793b61 elementor-widget elementor-widget-text-editor\" data-id=\"0793b61\" data-element_type=\"widget\" data-e-type=\"widget\" data-widget_type=\"text-editor.default\">\n\t\t\t\t<div class=\"elementor-widget-container\">\n\t\t\t\t\t\t\t\t\t<p>Dans cette perspective globale de <strong>lutte contre l&rsquo;exclusion des personnes en situation de handicap<\/strong>, l\u2019association fran\u00e7aise <strong>Kipepeo Films<\/strong> a men\u00e9, en <strong>2024 et 2025<\/strong>, un projet r\u00e9unissant des professionnels du cin\u00e9ma et des jeunes d\u00e9ficients visuels accueillis par l&rsquo;<strong>association<\/strong> <strong>Voir au Togo \u00e0 Kpalim\u00e9<\/strong><b>.<\/b> Il visait notamment \u00e0 les engager dans des <strong>cr\u00e9ations artistiques pour renforcer leur estime de soi, leur confiance et r\u00e9v\u00e9ler pleinement leur talent<\/strong>. Au-del\u00e0 d&rsquo;une simple action \u00e0 destination des b\u00e9n\u00e9ficiaires, cette initiative pla\u00e7ait au c\u0153ur de sa d\u00e9marche, <strong>la sensibilisation du grand public<\/strong>. Elle pr\u00e9voyait des actions de <strong>renforcement de comp\u00e9tences<\/strong> \u00e0 destination des professionnels encadrant les jeunes du centre ainsi que des acteurs du secteur cin\u00e9matographiques. Comme \u00e9voqu\u00e9 ci-dessus, ce projet est un exemple pertinent d&rsquo;intervention fond\u00e9e sur le Processus de Production du Handicap. <strong>Il articule des actions aupr\u00e8s des personnes directement touch\u00e9es par le handicap tout en impliquant les encadrants, les professionnels du secteur et plus largement, la soci\u00e9t\u00e9 au sens plus large<\/strong>. Il t\u00e9moigne d&rsquo;une approche globale tourn\u00e9e vers un public \u00e9largi.<\/p><p>Au travers d\u2019ateliers audiovisuels men\u00e9s avec les associations <strong>Voir au Togo et le Cin\u00e9ma Num\u00e9rique Ambulant Togo<\/strong>, 16 jeunes se sont vus offrir une premi\u00e8re approche de la conception audiovisuelle et ont pu, en fin de compte, r\u00e9aliser un <strong>court-m\u00e9trage documentaire bas\u00e9 sur leur propre t\u00e9moignage chacun ayant eu l&rsquo;opportunit\u00e9 de r\u00e9aliser l&rsquo;interview de l&rsquo;un de ses camarades<\/strong>. Le projet a g\u00e9n\u00e9r\u00e9 une telle motivation chez eux qu&rsquo;ils ont engag\u00e9 d\u2019autres activit\u00e9s culturelles et artistiques au sein du centre. Suite \u00e0 l&rsquo;achat d&rsquo;instruments de musique, l&rsquo;un des jeunes s&rsquo;est mis \u00e0 proposer des cours de musique \u00e0 ses camarades. Ils ont aussi lanc\u00e9 un <strong>podcast nomm\u00e9 <em>CHAM Info<\/em><\/strong> qui pr\u00e9sente actuellement 5 \u00e9pisodes bas\u00e9s sur des d\u00e9bats sur des sujets de soci\u00e9t\u00e9. Ces activit\u00e9s ont particip\u00e9 assez fortement au renforcement de l&rsquo;estime de soi des jeunes comme en t\u00e9moigne cette prise de parole en public de <strong>Germain<\/strong>, un des b\u00e9n\u00e9ficiaires du projet, lors de la projection du court-m\u00e9trage :<\/p>\t\t\t\t\t\t\t\t<\/div>\n\t\t\t\t<\/div>\n\t\t\t\t<div class=\"elementor-element elementor-element-8fb8f78 elementor-widget elementor-widget-image\" data-id=\"8fb8f78\" data-element_type=\"widget\" data-e-type=\"widget\" data-widget_type=\"image.default\">\n\t\t\t\t<div class=\"elementor-widget-container\">\n\t\t\t\t\t\t\t\t\t\t\t\t\t\t\t<img decoding=\"async\" width=\"320\" height=\"600\" src=\"https:\/\/projets-solidaires.la-guilde.org\/wp-content\/uploads\/2026\/03\/tilda_2026-03-20_10-58-26.png\" class=\"attachment-full size-full wp-image-5333\" alt=\"\" srcset=\"https:\/\/projets-solidaires.la-guilde.org\/wp-content\/uploads\/2026\/03\/tilda_2026-03-20_10-58-26.png 320w, https:\/\/projets-solidaires.la-guilde.org\/wp-content\/uploads\/2026\/03\/tilda_2026-03-20_10-58-26-160x300.png 160w, https:\/\/projets-solidaires.la-guilde.org\/wp-content\/uploads\/2026\/03\/tilda_2026-03-20_10-58-26-6x12.png 6w\" sizes=\"(max-width: 320px) 100vw, 320px\" \/>\t\t\t\t\t\t\t\t\t\t\t\t\t\t\t<\/div>\n\t\t\t\t<\/div>\n\t\t\t\t<\/div>\n\t\t\t\t<div class=\"elementor-element elementor-element-1feec6f elementor-blockquote--skin-quotation elementor-blockquote--align-center elementor-widget elementor-widget-blockquote\" data-id=\"1feec6f\" data-element_type=\"widget\" data-e-type=\"widget\" data-widget_type=\"blockquote.default\">\n\t\t\t\t<div class=\"elementor-widget-container\">\n\t\t\t\t\t\t\t<blockquote class=\"elementor-blockquote\">\n\t\t\t<p class=\"elementor-blockquote__content\">\n\t\t\t\tJe manque de mots pour exprimer la joie qui m\u2019anime. Parce que c\u2019est un projet qui nous permet de nous affirmer en tant que personne. C\u2019est \u00e9galement un projet qui permet de savoir que le cin\u00e9ma n\u2019est pas seulement r\u00e9serv\u00e9 aux personnes valides et de voir que, ce que les autres font, nous sommes aussi capables de le faire. Je dirais que \u00e7a nous a permis de pouvoir nous affirmer, d\u2019enlever la peur en nous. Je prends mon exemple : deux ans en arri\u00e8re, je n\u2019aurais pas \u00e9t\u00e9 capable de prendre la parole devant vous\t\t\t<\/p>\n\t\t\t\t\t<\/blockquote>\n\t\t\t\t\t\t<\/div>\n\t\t\t\t<\/div>\n\t\t\t\t<div class=\"elementor-element elementor-element-95aff15 elementor-widget elementor-widget-text-editor\" data-id=\"95aff15\" data-element_type=\"widget\" data-e-type=\"widget\" data-widget_type=\"text-editor.default\">\n\t\t\t\t<div class=\"elementor-widget-container\">\n\t\t\t\t\t\t\t\t\t<p>Dans la continuit\u00e9 de cette dynamique, les ateliers de cr\u00e9ation audiovisuelle ont \u00e9volu\u00e9, en 2025, <strong>vers des sessions plus sp\u00e9cifiques consacr\u00e9es \u00e0 l\u2019accessibilit\u00e9 au cin\u00e9ma<\/strong>. Les jeunes ont ainsi particip\u00e9 \u00e0 <strong>la cr\u00e9ation de<\/strong> <strong>versions audiod\u00e9crites, en fran\u00e7ais et en \u00e9w\u00e9, d\u2019un extrait du film La Petite vendeuse de soleil, de Djibril Diop Mambety<\/strong>. Ils ont \u00e9t\u00e9 accompagn\u00e9s par l\u2019autrice de versions audiod\u00e9crites <strong>Marie Diagne<\/strong> (Le Cin\u00e9ma parle), ainsi que par <strong>Yassira Dermane Adam et Caled Boukari<\/strong>, respectivement r\u00e9alisatrice et ing\u00e9nieur du son au sein du Cin\u00e9ma Num\u00e9rique Ambulant Togo, leur permettant d\u2019approfondir concr\u00e8tement leur compr\u00e9hension des enjeux techniques\u00a0et p\u00e9dagogiques de l\u2019inclusion.<\/p><p>Ce travail s\u2019est prolong\u00e9 par l\u2019organisation de <strong>deux s\u00e9ances de projection de courts-m\u00e9trages africains<\/strong> au sein du centre, avec une audiodescription en direct assur\u00e9e par Marie Diagne. \u00c0 cette occasion, les jeunes ont eux-m\u00eames mobilis\u00e9 les villageois, <strong>favorisant des \u00e9changes constructifs et une sensibilisation des publics voyants<\/strong>.<\/p><p>L\u2019ensemble de ce processus a donn\u00e9 lieu \u00e0 u<strong>ne restitution publique lors du Festival Emergence 2025 de Lom\u00e9<\/strong>. Cet \u00e9v\u00e9nement a constitu\u00e9<strong> une premi\u00e8re historique : il s\u2019agissait \u00e0 la fois de la premi\u00e8re projection en audiodescription en Afrique subsaharienne et la premi\u00e8re \u0153uvre audiod\u00e9crite enti\u00e8rement r\u00e9alis\u00e9e sur le continent.<\/strong> Hautement symbolique, cette projection a suscit\u00e9 une vive \u00e9motion et permis une forte sensibilisation, notamment aupr\u00e8s de personnalit\u00e9s politiques et de professionnels du secteur cin\u00e9matographique pr\u00e9sents ce jour-l\u00e0.<\/p>\t\t\t\t\t\t\t\t<\/div>\n\t\t\t\t<\/div>\n\t\t<div class=\"elementor-element elementor-element-f54f3c5 e-grid e-con-full e-con e-child\" data-id=\"f54f3c5\" data-element_type=\"container\" data-e-type=\"container\">\n\t\t\t\t<div class=\"elementor-element elementor-element-74aa79c elementor-align-center elementor-widget elementor-widget-button\" data-id=\"74aa79c\" data-element_type=\"widget\" data-e-type=\"widget\" data-widget_type=\"button.default\">\n\t\t\t\t<div class=\"elementor-widget-container\">\n\t\t\t\t\t\t\t\t\t<div class=\"elementor-button-wrapper\">\n\t\t\t\t\t<a class=\"elementor-button elementor-button-link elementor-size-sm\" href=\"https:\/\/kipepeofilms.wixsite.com\/association\">\n\t\t\t\t\t\t<span class=\"elementor-button-content-wrapper\">\n\t\t\t\t\t\t\t\t\t<span class=\"elementor-button-text\">En apprendre plus sur Kipepeo Films<\/span>\n\t\t\t\t\t<\/span>\n\t\t\t\t\t<\/a>\n\t\t\t\t<\/div>\n\t\t\t\t\t\t\t\t<\/div>\n\t\t\t\t<\/div>\n\t\t\t\t<div class=\"elementor-element elementor-element-8cab033 elementor-align-center elementor-widget elementor-widget-button\" data-id=\"8cab033\" data-element_type=\"widget\" data-e-type=\"widget\" data-widget_type=\"button.default\">\n\t\t\t\t<div class=\"elementor-widget-container\">\n\t\t\t\t\t\t\t\t\t<div class=\"elementor-button-wrapper\">\n\t\t\t\t\t<a class=\"elementor-button elementor-button-link elementor-size-sm\" href=\"https:\/\/www.c-n-a.org\/cna-togo-actualites.php\">\n\t\t\t\t\t\t<span class=\"elementor-button-content-wrapper\">\n\t\t\t\t\t\t\t\t\t<span class=\"elementor-button-text\">D\u00e9couvrir les actions du CNA Togo<\/span>\n\t\t\t\t\t<\/span>\n\t\t\t\t\t<\/a>\n\t\t\t\t<\/div>\n\t\t\t\t\t\t\t\t<\/div>\n\t\t\t\t<\/div>\n\t\t\t\t<div class=\"elementor-element elementor-element-adf5f87 elementor-align-center elementor-widget elementor-widget-button\" data-id=\"adf5f87\" data-element_type=\"widget\" data-e-type=\"widget\" data-widget_type=\"button.default\">\n\t\t\t\t<div class=\"elementor-widget-container\">\n\t\t\t\t\t\t\t\t\t<div class=\"elementor-button-wrapper\">\n\t\t\t\t\t<a class=\"elementor-button elementor-button-link elementor-size-sm\" href=\"https:\/\/www.voirautogo.org\/\">\n\t\t\t\t\t\t<span class=\"elementor-button-content-wrapper\">\n\t\t\t\t\t\t\t\t\t<span class=\"elementor-button-text\">En savoir plus sur le Centre d'h\u00e9bergement accompagn\u00e9 par l'association Voir au Togo<\/span>\n\t\t\t\t\t<\/span>\n\t\t\t\t\t<\/a>\n\t\t\t\t<\/div>\n\t\t\t\t\t\t\t\t<\/div>\n\t\t\t\t<\/div>\n\t\t\t\t<\/div>\n\t\t\t\t<div class=\"elementor-element elementor-element-09bb8cb elementor-widget elementor-widget-image\" data-id=\"09bb8cb\" data-element_type=\"widget\" data-e-type=\"widget\" data-widget_type=\"image.default\">\n\t\t\t\t<div class=\"elementor-widget-container\">\n\t\t\t\t\t\t\t\t\t\t\t\t\t\t\t<img decoding=\"async\" width=\"1920\" height=\"1080\" src=\"https:\/\/projets-solidaires.la-guilde.org\/wp-content\/uploads\/2026\/03\/WhatsApp-Image-2025-10-25-at-08.50.08.jpeg\" class=\"attachment-full size-full wp-image-5280\" alt=\"\" srcset=\"https:\/\/projets-solidaires.la-guilde.org\/wp-content\/uploads\/2026\/03\/WhatsApp-Image-2025-10-25-at-08.50.08.jpeg 1920w, https:\/\/projets-solidaires.la-guilde.org\/wp-content\/uploads\/2026\/03\/WhatsApp-Image-2025-10-25-at-08.50.08-300x169.jpeg 300w, https:\/\/projets-solidaires.la-guilde.org\/wp-content\/uploads\/2026\/03\/WhatsApp-Image-2025-10-25-at-08.50.08-1024x576.jpeg 1024w, https:\/\/projets-solidaires.la-guilde.org\/wp-content\/uploads\/2026\/03\/WhatsApp-Image-2025-10-25-at-08.50.08-768x432.jpeg 768w, https:\/\/projets-solidaires.la-guilde.org\/wp-content\/uploads\/2026\/03\/WhatsApp-Image-2025-10-25-at-08.50.08-1536x864.jpeg 1536w, https:\/\/projets-solidaires.la-guilde.org\/wp-content\/uploads\/2026\/03\/WhatsApp-Image-2025-10-25-at-08.50.08-18x10.jpeg 18w\" sizes=\"(max-width: 1920px) 100vw, 1920px\" \/>\t\t\t\t\t\t\t\t\t\t\t\t\t\t\t<\/div>\n\t\t\t\t<\/div>\n\t\t\t\t<div class=\"elementor-element elementor-element-9a2b244 elementor-widget elementor-widget-heading\" data-id=\"9a2b244\" data-element_type=\"widget\" data-e-type=\"widget\" data-widget_type=\"heading.default\">\n\t\t\t\t<div class=\"elementor-widget-container\">\n\t\t\t\t\t<h2 class=\"elementor-heading-title elementor-size-default\">Agir sur une multitude d'acteurs pour cr\u00e9er une dynamique<\/h2>\t\t\t\t<\/div>\n\t\t\t\t<\/div>\n\t\t<div class=\"elementor-element elementor-element-c0d2185 e-grid e-con-full e-con e-child\" data-id=\"c0d2185\" data-element_type=\"container\" data-e-type=\"container\">\n\t\t\t\t<div class=\"elementor-element elementor-element-f67c6f9 elementor-widget elementor-widget-text-editor\" data-id=\"f67c6f9\" data-element_type=\"widget\" data-e-type=\"widget\" data-widget_type=\"text-editor.default\">\n\t\t\t\t<div class=\"elementor-widget-container\">\n\t\t\t\t\t\t\t\t\t<p>Le projet visait une autre cat\u00e9gorie de personnes : <strong>des professionnels du secteur cin\u00e9matographique<\/strong>. Ils ont pu b\u00e9n\u00e9ficier de diff\u00e9rents ateliers et masterclass sur <strong>l&rsquo;accessibilit\u00e9 au cin\u00e9ma pour les personnes d\u00e9ficientes visuelles et sur l&rsquo;animation d&rsquo;ateliers aupr\u00e8s de publics \u00e9loign\u00e9s de l&rsquo;offre culturelle<\/strong>. Les effets d\u00e9coulant de ces activit\u00e9s sont assez impressionnants puisque ces diff\u00e9rents moments d&rsquo;apprentissage et d&rsquo;\u00e9change ont r\u00e9ussi \u00e0 entra\u00eener <strong>une diffusion des pratiques d&rsquo;audiodescription<\/strong> ou, du moins, d&rsquo;inclusion des personnes en situation de handicap dans les domaines artistiques. Par exemple, l&rsquo;association de femmes cin\u00e9astes togolaises KATUU a organis\u00e9 des journ\u00e9es d&rsquo;\u00e9changes sur l&rsquo;inclusion. <strong>L&rsquo;\u00e9crivaine et r\u00e9alisatrice b\u00e9ninoise Dh\u00e9manane Kafechina souhaite proposer des lectures de son c\u00e9l\u00e8bres ouvrage <em>Bonheure Illusoire <\/em>pour les personnes d\u00e9ficientes visuelles<\/strong>. <strong>Des professionnels camerounais et s\u00e9n\u00e9galais souhaitent se lancer dans l&rsquo;audiodescription<\/strong>. Ces diff\u00e9rents exemples t\u00e9moignent de la dynamique cr\u00e9\u00e9e autour de ce microprojet qui g\u00e9n\u00e8re <strong>une envie d&rsquo;appropriation de pratiques inclusives<\/strong> dans le cin\u00e9ma par les professionnels du secteur et<strong> une volont\u00e9 de rendre plus accessible les \u0153uvres culturelles produites dans la r\u00e9gion ouest-africaine<\/strong>.<\/p><p><strong>Les encadrants des jeunes dans le centre d&rsquo;accueil<\/strong> \u00e0 Kpalim\u00e9 ont aussi \u00e9t\u00e9 pleinement touch\u00e9s par ce projet. Avant, ils n&rsquo;organisaient pas d&rsquo;activit\u00e9s artistiques \u00e0 destination des jeunes. Aujourd&rsquo;hui, les choses ont chang\u00e9 puisqu&rsquo;<strong>ils accompagnent les pensionnaires du centre dans la mise en place d&rsquo;activit\u00e9s socio-culturelles<\/strong> cit\u00e9es pr\u00e9c\u00e9demment. Ils se sont \u00e9galement vu<strong> recevoir du mat\u00e9riel p\u00e9dagogique et ludique<\/strong> pour pouvoir continuer de mettre en place des activit\u00e9s de cr\u00e9ation. Il y a donc des changements d&rsquo;attitudes, de discours et de comportements notables chez les encadrants du centre.<\/p><p>Nous \u00e9voquions plus haut l&rsquo;importance de pouvoir agir sur un ensemble d&rsquo;acteurs pour limiter le processus de production du handicap. Ce projet est un tr\u00e8s bon exemple d&rsquo;actions concr\u00e8tes \u00e0 mettre en place pour lutter contre cela. En s&rsquo;appuyant sur la cr\u00e9ation artistique et culturelle, il montre combien l&rsquo;acc\u00e8s \u00e0 la culture peut \u00eatre un levier puissant de d\u00e9veloppement personnel : il permet aux jeunes de <strong>renforcer leur estime de soi, leur confiance en eux et leur capacit\u00e9 \u00e0 prendre la parole sur leur propre v\u00e9cu<\/strong>. Cela leur permet de pouvoir <strong>sensibiliser d&rsquo;autres personnes<\/strong> sur ce qu&rsquo;ils vivent. Ils sont <strong>renforc\u00e9s par des \u00e9ducateurs<\/strong> qui favorisent cet environnement de production artistique et culturelle. A cela s&rsquo;ajoute un ensemble de professionnels sensibilis\u00e9s et form\u00e9s<strong>\u00a0sur les enjeux autour de l&rsquo;inclusion dans le cin\u00e9ma<\/strong> et permet <strong>une sensibilisation beaucoup plus large aupr\u00e8s du grand public<\/strong>. M\u00eame au travers d&rsquo;un microprojet, les effets sur le terrain peuvent s&rsquo;av\u00e9rer tr\u00e8s forts et engendrer des dynamiques de d\u00e9veloppement bien plus larges<\/p>\t\t\t\t\t\t\t\t<\/div>\n\t\t\t\t<\/div>\n\t\t<div class=\"elementor-element elementor-element-48e60b5 e-con-full e-flex e-con e-child\" data-id=\"48e60b5\" data-element_type=\"container\" data-e-type=\"container\">\n\t\t\t\t<div class=\"elementor-element elementor-element-541431d elementor-widget elementor-widget-image\" data-id=\"541431d\" data-element_type=\"widget\" data-e-type=\"widget\" data-widget_type=\"image.default\">\n\t\t\t\t<div class=\"elementor-widget-container\">\n\t\t\t\t\t\t\t\t\t\t\t\t\t\t\t<img loading=\"lazy\" decoding=\"async\" width=\"800\" height=\"800\" src=\"https:\/\/projets-solidaires.la-guilde.org\/wp-content\/uploads\/2026\/03\/Projection_CNATogo-1024x1024.jpg\" class=\"attachment-large size-large wp-image-5338\" alt=\"\" srcset=\"https:\/\/projets-solidaires.la-guilde.org\/wp-content\/uploads\/2026\/03\/Projection_CNATogo-1024x1024.jpg 1024w, https:\/\/projets-solidaires.la-guilde.org\/wp-content\/uploads\/2026\/03\/Projection_CNATogo-300x300.jpg 300w, https:\/\/projets-solidaires.la-guilde.org\/wp-content\/uploads\/2026\/03\/Projection_CNATogo-150x150.jpg 150w, https:\/\/projets-solidaires.la-guilde.org\/wp-content\/uploads\/2026\/03\/Projection_CNATogo-768x768.jpg 768w, https:\/\/projets-solidaires.la-guilde.org\/wp-content\/uploads\/2026\/03\/Projection_CNATogo-1536x1536.jpg 1536w, https:\/\/projets-solidaires.la-guilde.org\/wp-content\/uploads\/2026\/03\/Projection_CNATogo-12x12.jpg 12w, https:\/\/projets-solidaires.la-guilde.org\/wp-content\/uploads\/2026\/03\/Projection_CNATogo.jpg 1920w\" sizes=\"(max-width: 800px) 100vw, 800px\" \/>\t\t\t\t\t\t\t\t\t\t\t\t\t\t\t<\/div>\n\t\t\t\t<\/div>\n\t\t\t\t<div class=\"elementor-element elementor-element-6b08d86 elementor-widget elementor-widget-spacer\" data-id=\"6b08d86\" data-element_type=\"widget\" data-e-type=\"widget\" data-widget_type=\"spacer.default\">\n\t\t\t\t<div class=\"elementor-widget-container\">\n\t\t\t\t\t\t\t<div class=\"elementor-spacer\">\n\t\t\t<div class=\"elementor-spacer-inner\"><\/div>\n\t\t<\/div>\n\t\t\t\t\t\t<\/div>\n\t\t\t\t<\/div>\n\t\t\t\t<div class=\"elementor-element elementor-element-d021fc7 elementor-align-center elementor-widget elementor-widget-button\" data-id=\"d021fc7\" data-element_type=\"widget\" data-e-type=\"widget\" data-widget_type=\"button.default\">\n\t\t\t\t<div class=\"elementor-widget-container\">\n\t\t\t\t\t\t\t\t\t<div class=\"elementor-button-wrapper\">\n\t\t\t\t\t<a class=\"elementor-button elementor-button-link elementor-size-sm\" href=\"https:\/\/vimeo.com\/clotildebertet\/extraitadpetitevendeuse\">\n\t\t\t\t\t\t<span class=\"elementor-button-content-wrapper\">\n\t\t\t\t\t\t\t\t\t<span class=\"elementor-button-text\">Extrait du film audiod\u00e9crit par les jeunes : La Petite Vendeuse de soleil<\/span>\n\t\t\t\t\t<\/span>\n\t\t\t\t\t<\/a>\n\t\t\t\t<\/div>\n\t\t\t\t\t\t\t\t<\/div>\n\t\t\t\t<\/div>\n\t\t\t\t<div class=\"elementor-element elementor-element-b2d9f48 elementor-align-center elementor-widget elementor-widget-button\" data-id=\"b2d9f48\" data-element_type=\"widget\" data-e-type=\"widget\" data-widget_type=\"button.default\">\n\t\t\t\t<div class=\"elementor-widget-container\">\n\t\t\t\t\t\t\t\t\t<div class=\"elementor-button-wrapper\">\n\t\t\t\t\t<a class=\"elementor-button elementor-button-link elementor-size-sm\" href=\"https:\/\/vimeo.com\/1027243244\">\n\t\t\t\t\t\t<span class=\"elementor-button-content-wrapper\">\n\t\t\t\t\t\t\t\t\t<span class=\"elementor-button-text\">Visionner le court-m\u00e9trage cr\u00e9\u00e9 par les jeunes : Au-del\u00e0 des ombres<\/span>\n\t\t\t\t\t<\/span>\n\t\t\t\t\t<\/a>\n\t\t\t\t<\/div>\n\t\t\t\t\t\t\t\t<\/div>\n\t\t\t\t<\/div>\n\t\t\t\t<div class=\"elementor-element elementor-element-c716d39 elementor-align-center elementor-widget elementor-widget-button\" data-id=\"c716d39\" data-element_type=\"widget\" data-e-type=\"widget\" data-widget_type=\"button.default\">\n\t\t\t\t<div class=\"elementor-widget-container\">\n\t\t\t\t\t\t\t\t\t<div class=\"elementor-button-wrapper\">\n\t\t\t\t\t<a class=\"elementor-button elementor-button-link elementor-size-sm\" href=\"https:\/\/youtu.be\/xwXLWkcEV_s?si=0a_LYLO5HXNADR3_\">\n\t\t\t\t\t\t<span class=\"elementor-button-content-wrapper\">\n\t\t\t\t\t\t\t\t\t<span class=\"elementor-button-text\">Restitution de l'atelier sur l'audiodescription lors du Festival Emergence 2025<\/span>\n\t\t\t\t\t<\/span>\n\t\t\t\t\t<\/a>\n\t\t\t\t<\/div>\n\t\t\t\t\t\t\t\t<\/div>\n\t\t\t\t<\/div>\n\t\t\t\t<\/div>\n\t\t\t\t<\/div>\n\t\t\t\t<div class=\"elementor-element elementor-element-6a3db59 elementor-blockquote--skin-quotation elementor-blockquote--align-center elementor-widget elementor-widget-blockquote\" data-id=\"6a3db59\" data-element_type=\"widget\" data-e-type=\"widget\" data-widget_type=\"blockquote.default\">\n\t\t\t\t<div class=\"elementor-widget-container\">\n\t\t\t\t\t\t\t<blockquote class=\"elementor-blockquote\">\n\t\t\t<p class=\"elementor-blockquote__content\">\n\t\t\t\tLes yeux du dedans, c\u2019est un talent qui fut d\u00e9velopp\u00e9 au niveau de l\u2019enfance. Tout en ayant les yeux ferm\u00e9s, nous pouvons tout de suite d\u00e9celer les bruits. Comme dans le film, quelqu\u2019un pr\u00e9cisait que m\u00eame si sa grand-m\u00e8re ne voit pas, il suffit juste de tousser \u00e0 ses c\u00f4t\u00e9s et elle saura de qui il s\u2019agit. Donc c\u2019est quelque chose que l\u2019on d\u00e9veloppe aussi de notre c\u00f4t\u00e9. M\u00eame si nous n\u2019avons pas la vision, nous arrivons \u00e0 d\u00e9velopper ces yeux qui ne sont pas seulement pour voir, mais pour d\u00e9tecter tout ce qui nous entoure\t\t\t<\/p>\n\t\t\t\t\t\t\t<div class=\"e-q-footer\">\n\t\t\t\t\t\t\t\t\t\t\t<cite class=\"elementor-blockquote__author\">Benjamin, jeune participant aux ateliers<\/cite>\n\t\t\t\t\t\t\t\t\t\t\t\t\t\t<\/div>\n\t\t\t\t\t<\/blockquote>\n\t\t\t\t\t\t<\/div>\n\t\t\t\t<\/div>\n\t\t\t\t<div class=\"elementor-element elementor-element-201c17a elementor-widget elementor-widget-image\" data-id=\"201c17a\" data-element_type=\"widget\" data-e-type=\"widget\" data-widget_type=\"image.default\">\n\t\t\t\t<div class=\"elementor-widget-container\">\n\t\t\t\t\t\t\t\t\t\t\t\t\t\t\t<img loading=\"lazy\" decoding=\"async\" width=\"1920\" height=\"1080\" src=\"https:\/\/projets-solidaires.la-guilde.org\/wp-content\/uploads\/2026\/03\/IMG-20251024-WA0050.jpg\" class=\"attachment-full size-full wp-image-5339\" alt=\"\" srcset=\"https:\/\/projets-solidaires.la-guilde.org\/wp-content\/uploads\/2026\/03\/IMG-20251024-WA0050.jpg 1920w, https:\/\/projets-solidaires.la-guilde.org\/wp-content\/uploads\/2026\/03\/IMG-20251024-WA0050-300x169.jpg 300w, https:\/\/projets-solidaires.la-guilde.org\/wp-content\/uploads\/2026\/03\/IMG-20251024-WA0050-1024x576.jpg 1024w, https:\/\/projets-solidaires.la-guilde.org\/wp-content\/uploads\/2026\/03\/IMG-20251024-WA0050-768x432.jpg 768w, https:\/\/projets-solidaires.la-guilde.org\/wp-content\/uploads\/2026\/03\/IMG-20251024-WA0050-1536x864.jpg 1536w, https:\/\/projets-solidaires.la-guilde.org\/wp-content\/uploads\/2026\/03\/IMG-20251024-WA0050-18x10.jpg 18w\" sizes=\"(max-width: 1920px) 100vw, 1920px\" \/>\t\t\t\t\t\t\t\t\t\t\t\t\t\t\t<\/div>\n\t\t\t\t<\/div>\n\t\t\t\t<div class=\"elementor-element elementor-element-fc9a9e4 elementor-widget elementor-widget-spacer\" data-id=\"fc9a9e4\" data-element_type=\"widget\" data-e-type=\"widget\" data-widget_type=\"spacer.default\">\n\t\t\t\t<div class=\"elementor-widget-container\">\n\t\t\t\t\t\t\t<div class=\"elementor-spacer\">\n\t\t\t<div class=\"elementor-spacer-inner\"><\/div>\n\t\t<\/div>\n\t\t\t\t\t\t<\/div>\n\t\t\t\t<\/div>\n\t\t\t\t\t<\/div>\n\t\t\t\t<\/div>\n\t\t\t\t<\/div>","protected":false},"excerpt":{"rendered":"<p>Au c\u0153ur de la R\u00e9gion des Plateaux, au Togo, les jeunes du Centre d&rsquo;h\u00e9bergement pour aveugles et malvoyants de Kpalim\u00e9 ont particip\u00e9 au d\u00e9ploiement d&rsquo;initiatives en faveur de l&rsquo;inclusion des personnes d\u00e9ficientes visuelles par l&rsquo;interm\u00e9diaire du cin\u00e9ma, accompagn\u00e9s par Kipepeo Films et de nombreux acteurs associatifs togolais et fran\u00e7ais. 2 milliards de personnes touch\u00e9es par [&hellip;]<\/p>\n","protected":false},"author":8,"featured_media":5280,"comment_status":"open","ping_status":"open","sticky":false,"template":"","format":"standard","meta":{"inline_featured_image":false,"footnotes":""},"categories":[39,41,1006],"tags":[1119,1012,1057,1113],"class_list":["post-5278","post","type-post","status-publish","format-standard","has-post-thumbnail","hentry","category-actualite-porteur","category-aide-au-developpement","category-laureat","tag-afrique","tag-microprojets","tag-inclusion","tag-jeunesse"],"yoast_head":"<!-- This site is optimized with the Yoast SEO plugin v27.3 - https:\/\/yoast.com\/product\/yoast-seo-wordpress\/ -->\n<title>&quot;Cin\u00e9ma et Inclusion au Togo&quot; - Utiliser le 7\u00e8me art comme outil d&#039;ouverture \u00e0 la culture pour toutes et tous\u200b - Microprojet La Guilde<\/title>\n<meta name=\"description\" content=\"Projet d&#039;inclusion de personnes d\u00e9ficientes visuelles men\u00e9 par l&#039;association Kipepeo Films au Togo. Organis\u00e9 avec le CNA Togo et Voir au Togo\" \/>\n<meta name=\"robots\" content=\"index, follow, max-snippet:-1, max-image-preview:large, max-video-preview:-1\" \/>\n<link rel=\"canonical\" href=\"https:\/\/projets-solidaires.la-guilde.org\/en\/cinema-et-inclusion-au-togo-utiliser-le-7eme-art-comme-outil-douverture-a-la-culture-pour-toutes-et-tous\/\" \/>\n<script type=\"application\/ld+json\" class=\"yoast-schema-graph\">{\"@context\":\"https:\\\/\\\/schema.org\",\"@graph\":[{\"@type\":\"Article\",\"@id\":\"https:\\\/\\\/projets-solidaires.la-guilde.org\\\/cinema-et-inclusion-au-togo-utiliser-le-7eme-art-comme-outil-douverture-a-la-culture-pour-toutes-et-tous\\\/#article\",\"isPartOf\":{\"@id\":\"https:\\\/\\\/projets-solidaires.la-guilde.org\\\/cinema-et-inclusion-au-togo-utiliser-le-7eme-art-comme-outil-douverture-a-la-culture-pour-toutes-et-tous\\\/\"},\"author\":{\"name\":\"Antonin Helias\",\"@id\":\"https:\\\/\\\/projets-solidaires.la-guilde.org\\\/#\\\/schema\\\/person\\\/b7882ba22c21841c9cc1950cf46fb40e\"},\"headline\":\"\u00ab\u00a0Cin\u00e9ma et Inclusion au Togo\u00a0\u00bb &#8211; Utiliser le 7\u00e8me art comme outil d&rsquo;ouverture \u00e0 la culture pour toutes et tous\u200b\",\"datePublished\":\"2026-03-24T16:54:02+00:00\",\"dateModified\":\"2026-03-26T13:53:52+00:00\",\"mainEntityOfPage\":{\"@id\":\"https:\\\/\\\/projets-solidaires.la-guilde.org\\\/cinema-et-inclusion-au-togo-utiliser-le-7eme-art-comme-outil-douverture-a-la-culture-pour-toutes-et-tous\\\/\"},\"wordCount\":1728,\"commentCount\":0,\"publisher\":{\"@id\":\"https:\\\/\\\/projets-solidaires.la-guilde.org\\\/#organization\"},\"image\":{\"@id\":\"https:\\\/\\\/projets-solidaires.la-guilde.org\\\/cinema-et-inclusion-au-togo-utiliser-le-7eme-art-comme-outil-douverture-a-la-culture-pour-toutes-et-tous\\\/#primaryimage\"},\"thumbnailUrl\":\"https:\\\/\\\/projets-solidaires.la-guilde.org\\\/wp-content\\\/uploads\\\/2026\\\/03\\\/WhatsApp-Image-2025-10-25-at-08.50.08.jpeg\",\"keywords\":[\"Afrique\",\"Microprojets\",\"inclusion\",\"Jeunesse\"],\"articleSection\":[\"Actualit\u00e9 porteur\",\"Aide au d\u00e9veloppement\",\"Laur\u00e9at\"],\"inLanguage\":\"en-GB\",\"potentialAction\":[{\"@type\":\"CommentAction\",\"name\":\"Comment\",\"target\":[\"https:\\\/\\\/projets-solidaires.la-guilde.org\\\/cinema-et-inclusion-au-togo-utiliser-le-7eme-art-comme-outil-douverture-a-la-culture-pour-toutes-et-tous\\\/#respond\"]}]},{\"@type\":\"WebPage\",\"@id\":\"https:\\\/\\\/projets-solidaires.la-guilde.org\\\/cinema-et-inclusion-au-togo-utiliser-le-7eme-art-comme-outil-douverture-a-la-culture-pour-toutes-et-tous\\\/\",\"url\":\"https:\\\/\\\/projets-solidaires.la-guilde.org\\\/cinema-et-inclusion-au-togo-utiliser-le-7eme-art-comme-outil-douverture-a-la-culture-pour-toutes-et-tous\\\/\",\"name\":\"\\\"Cin\u00e9ma et Inclusion au Togo\\\" - Utiliser le 7\u00e8me art comme outil d'ouverture \u00e0 la culture pour toutes et tous\u200b - Microprojet La Guilde\",\"isPartOf\":{\"@id\":\"https:\\\/\\\/projets-solidaires.la-guilde.org\\\/#website\"},\"primaryImageOfPage\":{\"@id\":\"https:\\\/\\\/projets-solidaires.la-guilde.org\\\/cinema-et-inclusion-au-togo-utiliser-le-7eme-art-comme-outil-douverture-a-la-culture-pour-toutes-et-tous\\\/#primaryimage\"},\"image\":{\"@id\":\"https:\\\/\\\/projets-solidaires.la-guilde.org\\\/cinema-et-inclusion-au-togo-utiliser-le-7eme-art-comme-outil-douverture-a-la-culture-pour-toutes-et-tous\\\/#primaryimage\"},\"thumbnailUrl\":\"https:\\\/\\\/projets-solidaires.la-guilde.org\\\/wp-content\\\/uploads\\\/2026\\\/03\\\/WhatsApp-Image-2025-10-25-at-08.50.08.jpeg\",\"datePublished\":\"2026-03-24T16:54:02+00:00\",\"dateModified\":\"2026-03-26T13:53:52+00:00\",\"description\":\"Projet d'inclusion de personnes d\u00e9ficientes visuelles men\u00e9 par l'association Kipepeo Films au Togo. Organis\u00e9 avec le CNA Togo et Voir au Togo\",\"breadcrumb\":{\"@id\":\"https:\\\/\\\/projets-solidaires.la-guilde.org\\\/cinema-et-inclusion-au-togo-utiliser-le-7eme-art-comme-outil-douverture-a-la-culture-pour-toutes-et-tous\\\/#breadcrumb\"},\"inLanguage\":\"en-GB\",\"potentialAction\":[{\"@type\":\"ReadAction\",\"target\":[\"https:\\\/\\\/projets-solidaires.la-guilde.org\\\/cinema-et-inclusion-au-togo-utiliser-le-7eme-art-comme-outil-douverture-a-la-culture-pour-toutes-et-tous\\\/\"]}]},{\"@type\":\"ImageObject\",\"inLanguage\":\"en-GB\",\"@id\":\"https:\\\/\\\/projets-solidaires.la-guilde.org\\\/cinema-et-inclusion-au-togo-utiliser-le-7eme-art-comme-outil-douverture-a-la-culture-pour-toutes-et-tous\\\/#primaryimage\",\"url\":\"https:\\\/\\\/projets-solidaires.la-guilde.org\\\/wp-content\\\/uploads\\\/2026\\\/03\\\/WhatsApp-Image-2025-10-25-at-08.50.08.jpeg\",\"contentUrl\":\"https:\\\/\\\/projets-solidaires.la-guilde.org\\\/wp-content\\\/uploads\\\/2026\\\/03\\\/WhatsApp-Image-2025-10-25-at-08.50.08.jpeg\",\"width\":1920,\"height\":1080},{\"@type\":\"BreadcrumbList\",\"@id\":\"https:\\\/\\\/projets-solidaires.la-guilde.org\\\/cinema-et-inclusion-au-togo-utiliser-le-7eme-art-comme-outil-douverture-a-la-culture-pour-toutes-et-tous\\\/#breadcrumb\",\"itemListElement\":[{\"@type\":\"ListItem\",\"position\":1,\"name\":\"Accueil\",\"item\":\"https:\\\/\\\/projets-solidaires.la-guilde.org\\\/\"},{\"@type\":\"ListItem\",\"position\":2,\"name\":\"&#8220;Cin\u00e9ma et Inclusion au Togo&#8221; &#8211; Utiliser le 7\u00e8me art comme outil d&#8217;ouverture \u00e0 la culture pour toutes et tous\u200b\"}]},{\"@type\":\"WebSite\",\"@id\":\"https:\\\/\\\/projets-solidaires.la-guilde.org\\\/#website\",\"url\":\"https:\\\/\\\/projets-solidaires.la-guilde.org\\\/\",\"name\":\"Microprojet La Guilde\",\"description\":\"\",\"publisher\":{\"@id\":\"https:\\\/\\\/projets-solidaires.la-guilde.org\\\/#organization\"},\"potentialAction\":[{\"@type\":\"SearchAction\",\"target\":{\"@type\":\"EntryPoint\",\"urlTemplate\":\"https:\\\/\\\/projets-solidaires.la-guilde.org\\\/?s={search_term_string}\"},\"query-input\":{\"@type\":\"PropertyValueSpecification\",\"valueRequired\":true,\"valueName\":\"search_term_string\"}}],\"inLanguage\":\"en-GB\"},{\"@type\":\"Organization\",\"@id\":\"https:\\\/\\\/projets-solidaires.la-guilde.org\\\/#organization\",\"name\":\"Microprojet La Guilde\",\"url\":\"https:\\\/\\\/projets-solidaires.la-guilde.org\\\/\",\"logo\":{\"@type\":\"ImageObject\",\"inLanguage\":\"en-GB\",\"@id\":\"https:\\\/\\\/projets-solidaires.la-guilde.org\\\/#\\\/schema\\\/logo\\\/image\\\/\",\"url\":\"https:\\\/\\\/projets-solidaires.la-guilde.org\\\/wp-content\\\/uploads\\\/2025\\\/05\\\/logo-la-guilde-projets-solidaires.png\",\"contentUrl\":\"https:\\\/\\\/projets-solidaires.la-guilde.org\\\/wp-content\\\/uploads\\\/2025\\\/05\\\/logo-la-guilde-projets-solidaires.png\",\"width\":396,\"height\":201,\"caption\":\"Microprojet La Guilde\"},\"image\":{\"@id\":\"https:\\\/\\\/projets-solidaires.la-guilde.org\\\/#\\\/schema\\\/logo\\\/image\\\/\"}},{\"@type\":\"Person\",\"@id\":\"https:\\\/\\\/projets-solidaires.la-guilde.org\\\/#\\\/schema\\\/person\\\/b7882ba22c21841c9cc1950cf46fb40e\",\"name\":\"Antonin Helias\",\"image\":{\"@type\":\"ImageObject\",\"inLanguage\":\"en-GB\",\"@id\":\"https:\\\/\\\/secure.gravatar.com\\\/avatar\\\/a166a3ce9971667f7507b2a67a55c78808f58e17079d9aae3b1375c7f3606098?s=96&d=mm&r=g\",\"url\":\"https:\\\/\\\/secure.gravatar.com\\\/avatar\\\/a166a3ce9971667f7507b2a67a55c78808f58e17079d9aae3b1375c7f3606098?s=96&d=mm&r=g\",\"contentUrl\":\"https:\\\/\\\/secure.gravatar.com\\\/avatar\\\/a166a3ce9971667f7507b2a67a55c78808f58e17079d9aae3b1375c7f3606098?s=96&d=mm&r=g\",\"caption\":\"Antonin Helias\"}}]}<\/script>\n<!-- \/ Yoast SEO plugin. -->","yoast_head_json":{"title":"\"Cin\u00e9ma et Inclusion au Togo\" - Utiliser le 7\u00e8me art comme outil d'ouverture \u00e0 la culture pour toutes et tous\u200b - Microprojet La Guilde","description":"Projet d'inclusion de personnes d\u00e9ficientes visuelles men\u00e9 par l'association Kipepeo Films au Togo. Organis\u00e9 avec le CNA Togo et Voir au Togo","robots":{"index":"index","follow":"follow","max-snippet":"max-snippet:-1","max-image-preview":"max-image-preview:large","max-video-preview":"max-video-preview:-1"},"canonical":"https:\/\/projets-solidaires.la-guilde.org\/en\/cinema-et-inclusion-au-togo-utiliser-le-7eme-art-comme-outil-douverture-a-la-culture-pour-toutes-et-tous\/","schema":{"@context":"https:\/\/schema.org","@graph":[{"@type":"Article","@id":"https:\/\/projets-solidaires.la-guilde.org\/cinema-et-inclusion-au-togo-utiliser-le-7eme-art-comme-outil-douverture-a-la-culture-pour-toutes-et-tous\/#article","isPartOf":{"@id":"https:\/\/projets-solidaires.la-guilde.org\/cinema-et-inclusion-au-togo-utiliser-le-7eme-art-comme-outil-douverture-a-la-culture-pour-toutes-et-tous\/"},"author":{"name":"Antonin Helias","@id":"https:\/\/projets-solidaires.la-guilde.org\/#\/schema\/person\/b7882ba22c21841c9cc1950cf46fb40e"},"headline":"\u00ab\u00a0Cin\u00e9ma et Inclusion au Togo\u00a0\u00bb &#8211; Utiliser le 7\u00e8me art comme outil d&rsquo;ouverture \u00e0 la culture pour toutes et tous\u200b","datePublished":"2026-03-24T16:54:02+00:00","dateModified":"2026-03-26T13:53:52+00:00","mainEntityOfPage":{"@id":"https:\/\/projets-solidaires.la-guilde.org\/cinema-et-inclusion-au-togo-utiliser-le-7eme-art-comme-outil-douverture-a-la-culture-pour-toutes-et-tous\/"},"wordCount":1728,"commentCount":0,"publisher":{"@id":"https:\/\/projets-solidaires.la-guilde.org\/#organization"},"image":{"@id":"https:\/\/projets-solidaires.la-guilde.org\/cinema-et-inclusion-au-togo-utiliser-le-7eme-art-comme-outil-douverture-a-la-culture-pour-toutes-et-tous\/#primaryimage"},"thumbnailUrl":"https:\/\/projets-solidaires.la-guilde.org\/wp-content\/uploads\/2026\/03\/WhatsApp-Image-2025-10-25-at-08.50.08.jpeg","keywords":["Afrique","Microprojets","inclusion","Jeunesse"],"articleSection":["Actualit\u00e9 porteur","Aide au d\u00e9veloppement","Laur\u00e9at"],"inLanguage":"en-GB","potentialAction":[{"@type":"CommentAction","name":"Comment","target":["https:\/\/projets-solidaires.la-guilde.org\/cinema-et-inclusion-au-togo-utiliser-le-7eme-art-comme-outil-douverture-a-la-culture-pour-toutes-et-tous\/#respond"]}]},{"@type":"WebPage","@id":"https:\/\/projets-solidaires.la-guilde.org\/cinema-et-inclusion-au-togo-utiliser-le-7eme-art-comme-outil-douverture-a-la-culture-pour-toutes-et-tous\/","url":"https:\/\/projets-solidaires.la-guilde.org\/cinema-et-inclusion-au-togo-utiliser-le-7eme-art-comme-outil-douverture-a-la-culture-pour-toutes-et-tous\/","name":"\"Cin\u00e9ma et Inclusion au Togo\" - Utiliser le 7\u00e8me art comme outil d'ouverture \u00e0 la culture pour toutes et tous\u200b - Microprojet La Guilde","isPartOf":{"@id":"https:\/\/projets-solidaires.la-guilde.org\/#website"},"primaryImageOfPage":{"@id":"https:\/\/projets-solidaires.la-guilde.org\/cinema-et-inclusion-au-togo-utiliser-le-7eme-art-comme-outil-douverture-a-la-culture-pour-toutes-et-tous\/#primaryimage"},"image":{"@id":"https:\/\/projets-solidaires.la-guilde.org\/cinema-et-inclusion-au-togo-utiliser-le-7eme-art-comme-outil-douverture-a-la-culture-pour-toutes-et-tous\/#primaryimage"},"thumbnailUrl":"https:\/\/projets-solidaires.la-guilde.org\/wp-content\/uploads\/2026\/03\/WhatsApp-Image-2025-10-25-at-08.50.08.jpeg","datePublished":"2026-03-24T16:54:02+00:00","dateModified":"2026-03-26T13:53:52+00:00","description":"Projet d'inclusion de personnes d\u00e9ficientes visuelles men\u00e9 par l'association Kipepeo Films au Togo. Organis\u00e9 avec le CNA Togo et Voir au Togo","breadcrumb":{"@id":"https:\/\/projets-solidaires.la-guilde.org\/cinema-et-inclusion-au-togo-utiliser-le-7eme-art-comme-outil-douverture-a-la-culture-pour-toutes-et-tous\/#breadcrumb"},"inLanguage":"en-GB","potentialAction":[{"@type":"ReadAction","target":["https:\/\/projets-solidaires.la-guilde.org\/cinema-et-inclusion-au-togo-utiliser-le-7eme-art-comme-outil-douverture-a-la-culture-pour-toutes-et-tous\/"]}]},{"@type":"ImageObject","inLanguage":"en-GB","@id":"https:\/\/projets-solidaires.la-guilde.org\/cinema-et-inclusion-au-togo-utiliser-le-7eme-art-comme-outil-douverture-a-la-culture-pour-toutes-et-tous\/#primaryimage","url":"https:\/\/projets-solidaires.la-guilde.org\/wp-content\/uploads\/2026\/03\/WhatsApp-Image-2025-10-25-at-08.50.08.jpeg","contentUrl":"https:\/\/projets-solidaires.la-guilde.org\/wp-content\/uploads\/2026\/03\/WhatsApp-Image-2025-10-25-at-08.50.08.jpeg","width":1920,"height":1080},{"@type":"BreadcrumbList","@id":"https:\/\/projets-solidaires.la-guilde.org\/cinema-et-inclusion-au-togo-utiliser-le-7eme-art-comme-outil-douverture-a-la-culture-pour-toutes-et-tous\/#breadcrumb","itemListElement":[{"@type":"ListItem","position":1,"name":"Accueil","item":"https:\/\/projets-solidaires.la-guilde.org\/"},{"@type":"ListItem","position":2,"name":"&#8220;Cin\u00e9ma et Inclusion au Togo&#8221; &#8211; Utiliser le 7\u00e8me art comme outil d&#8217;ouverture \u00e0 la culture pour toutes et tous\u200b"}]},{"@type":"WebSite","@id":"https:\/\/projets-solidaires.la-guilde.org\/#website","url":"https:\/\/projets-solidaires.la-guilde.org\/","name":"La Guilde Microproject","description":"","publisher":{"@id":"https:\/\/projets-solidaires.la-guilde.org\/#organization"},"potentialAction":[{"@type":"SearchAction","target":{"@type":"EntryPoint","urlTemplate":"https:\/\/projets-solidaires.la-guilde.org\/?s={search_term_string}"},"query-input":{"@type":"PropertyValueSpecification","valueRequired":true,"valueName":"search_term_string"}}],"inLanguage":"en-GB"},{"@type":"Organization","@id":"https:\/\/projets-solidaires.la-guilde.org\/#organization","name":"La Guilde Microproject","url":"https:\/\/projets-solidaires.la-guilde.org\/","logo":{"@type":"ImageObject","inLanguage":"en-GB","@id":"https:\/\/projets-solidaires.la-guilde.org\/#\/schema\/logo\/image\/","url":"https:\/\/projets-solidaires.la-guilde.org\/wp-content\/uploads\/2025\/05\/logo-la-guilde-projets-solidaires.png","contentUrl":"https:\/\/projets-solidaires.la-guilde.org\/wp-content\/uploads\/2025\/05\/logo-la-guilde-projets-solidaires.png","width":396,"height":201,"caption":"Microprojet La Guilde"},"image":{"@id":"https:\/\/projets-solidaires.la-guilde.org\/#\/schema\/logo\/image\/"}},{"@type":"Person","@id":"https:\/\/projets-solidaires.la-guilde.org\/#\/schema\/person\/b7882ba22c21841c9cc1950cf46fb40e","name":"Antonin Helias","image":{"@type":"ImageObject","inLanguage":"en-GB","@id":"https:\/\/secure.gravatar.com\/avatar\/a166a3ce9971667f7507b2a67a55c78808f58e17079d9aae3b1375c7f3606098?s=96&d=mm&r=g","url":"https:\/\/secure.gravatar.com\/avatar\/a166a3ce9971667f7507b2a67a55c78808f58e17079d9aae3b1375c7f3606098?s=96&d=mm&r=g","contentUrl":"https:\/\/secure.gravatar.com\/avatar\/a166a3ce9971667f7507b2a67a55c78808f58e17079d9aae3b1375c7f3606098?s=96&d=mm&r=g","caption":"Antonin Helias"}}]}},"publishpress_future_action":{"enabled":false,"date":"2026-05-06 11:17:56","action":"change-status","newStatus":"draft","terms":[],"taxonomy":"category","extraData":[]},"publishpress_future_workflow_manual_trigger":{"enabledWorkflows":[]},"_links":{"self":[{"href":"https:\/\/projets-solidaires.la-guilde.org\/en\/wp-json\/wp\/v2\/posts\/5278","targetHints":{"allow":["GET"]}}],"collection":[{"href":"https:\/\/projets-solidaires.la-guilde.org\/en\/wp-json\/wp\/v2\/posts"}],"about":[{"href":"https:\/\/projets-solidaires.la-guilde.org\/en\/wp-json\/wp\/v2\/types\/post"}],"author":[{"embeddable":true,"href":"https:\/\/projets-solidaires.la-guilde.org\/en\/wp-json\/wp\/v2\/users\/8"}],"replies":[{"embeddable":true,"href":"https:\/\/projets-solidaires.la-guilde.org\/en\/wp-json\/wp\/v2\/comments?post=5278"}],"version-history":[{"count":0,"href":"https:\/\/projets-solidaires.la-guilde.org\/en\/wp-json\/wp\/v2\/posts\/5278\/revisions"}],"wp:featuredmedia":[{"embeddable":true,"href":"https:\/\/projets-solidaires.la-guilde.org\/en\/wp-json\/wp\/v2\/media\/5280"}],"wp:attachment":[{"href":"https:\/\/projets-solidaires.la-guilde.org\/en\/wp-json\/wp\/v2\/media?parent=5278"}],"wp:term":[{"taxonomy":"category","embeddable":true,"href":"https:\/\/projets-solidaires.la-guilde.org\/en\/wp-json\/wp\/v2\/categories?post=5278"},{"taxonomy":"post_tag","embeddable":true,"href":"https:\/\/projets-solidaires.la-guilde.org\/en\/wp-json\/wp\/v2\/tags?post=5278"}],"curies":[{"name":"wp","href":"https:\/\/api.w.org\/{rel}","templated":true}]}}