{"id":5043,"date":"2026-03-09T09:00:19","date_gmt":"2026-03-09T09:00:19","guid":{"rendered":"https:\/\/projets-solidaires.la-guilde.org\/?p=5043"},"modified":"2026-03-09T09:00:56","modified_gmt":"2026-03-09T09:00:56","slug":"insertion-sociale-et-professionnelle-des-jeunes-au-senegal","status":"publish","type":"post","link":"https:\/\/projets-solidaires.la-guilde.org\/en\/insertion-sociale-et-professionnelle-des-jeunes-au-senegal\/","title":{"rendered":"Insertion sociale et professionnelle des jeunes au S\u00e9n\u00e9gal"},"content":{"rendered":"\n<p>Du 7 au 20 d\u00e9cembre 2025, H\u00e9lo\u00efse Ruban, charg\u00e9e de mission Microprojets de La Guilde, et Dario Gleitz, assistant \u00e0 la coordination pays de La Guilde au S\u00e9n\u00e9gal, ont effectu\u00e9 une <strong>mission de terrain<\/strong> dans plusieurs r\u00e9gions du S\u00e9n\u00e9gal dans le cadre d&rsquo;<strong>un dispositif d\u00e9di\u00e9 \u00e0 la jeunesse et \u00e0 l&rsquo;insertion sociale et professionnelle<\/strong>.<\/p>\n\n\n\n<h2 class=\"wp-block-heading\">Un dispositif sp\u00e9cialement con\u00e7u pour la jeunesse et l&rsquo;insertion sociale et professionnelle au S\u00e9n\u00e9gal<\/h2>\n\n\n\n<p>En 2023, <strong>soutenue par l&rsquo;Agence fran\u00e7aise de d\u00e9veloppement et la Fondation de Franc<\/strong>e, <strong>La Guilde a r\u00e9alis\u00e9 un appel \u00e0 projets autour de la jeunesse, l&rsquo;insertion sociale et professionnelle<\/strong>. A cette occasion, <strong>7 projets ont \u00e9t\u00e9 financ\u00e9s<\/strong> \u00e0 travers l&rsquo;ensemble du S\u00e9n\u00e9gal permettant \u00e0 des jeunes d&rsquo;avoir des formations professionnelles autour de la construction en vo\u00fbte nubienne et des m\u00e9tiers en tension, de pouvoir suivre des cours dans une \u00e9cole d&rsquo;art ou encore d\u00e9velopper un jardin agro\u00e9cologique.<\/p>\n\n\n\n<h2 class=\"wp-block-heading\">Quelques \u00e9l\u00e9ments de contexte<\/h2>\n\n\n\n<p>En 2023, le S\u00e9n\u00e9gal comptait plus de 18 millions d\u2019habitants, dont la moiti\u00e9 a moins de 19 ans, selon le dernier recensement g\u00e9n\u00e9ral effectu\u00e9. Cette r\u00e9alit\u00e9 repr\u00e9sente un potentiel consid\u00e9rable pour le d\u00e9veloppement du pays, mais pose \u00e9galement des d\u00e9fis majeurs en mati\u00e8re d&rsquo;insertion sociale et professionnelle. <\/p>\n\n\n\n<p>D&rsquo;abord, <strong>l\u2019acc\u00e8s \u00e0 la formation demeure in\u00e9gal<\/strong>, tant du point de vue territorial que financier. Si l\u2019offre de formation professionnelle s\u2019est structur\u00e9e au niveau national, elle reste <strong>largement concentr\u00e9e dans les grands centres urbains<\/strong>, en particulier \u00e0 Dakar o\u00f9 environ 60% des \u00e9tablissements d&rsquo;enseignement professionnels se situent, laissant de nombreux jeunes des autres r\u00e9gions, notamment rurales ou enclav\u00e9es, avec des perspectives limit\u00e9es. <strong>Les co\u00fbts d\u2019inscription<\/strong> notamment dans les Centres de Formation Professionnelle (CPF) constituent par ailleurs un frein important pour les publics les plus vuln\u00e9rables.<strong>Une part importante des jeunes se voit ainsi fermer de nombreuses opportunit\u00e9s notamment professionnelles, par manque de moyens pour acc\u00e9der aux formations.<\/strong><\/p>\n\n\n\n<div class=\"wp-block-media-text has-media-on-the-right is-stacked-on-mobile\"><div class=\"wp-block-media-text__content\">\n<p>Dans plusieurs territoires, les jeunes doivent composer avec un <strong>manque d\u2019infrastructures adapt\u00e9es, de dispositifs d\u2019accompagnement et de d\u00e9bouch\u00e9s \u00e9conomiques locaux<\/strong>. Dans le secteur culturel, les espaces de formation et de professionnalisation sont rares en dehors de la capitale. La ville de Tambacounda notamment, carrefour culturel du S\u00e9n\u00e9gal, ne propose pas ce type de services et surtout d\u2019espace d\u00e9di\u00e9 aux \u00e9changes entre jeunes artistes. Dans le domaine agricole, pourtant central dans les r\u00e9gions rurales, les contraintes d\u2019\u00e9quipement, d\u2019irrigation, de propri\u00e9t\u00e9 et de commercialisation freinent la valorisation du travail des jeunes et limitent la p\u00e9rennit\u00e9 des activit\u00e9s.<\/p>\n<\/div><figure class=\"wp-block-media-text__media\"><img fetchpriority=\"high\" decoding=\"async\" width=\"1024\" height=\"683\" src=\"https:\/\/projets-solidaires.la-guilde.org\/wp-content\/uploads\/2026\/03\/DSC01296-1024x683.jpg\" alt=\"\" class=\"wp-image-5237 size-full\" srcset=\"https:\/\/projets-solidaires.la-guilde.org\/wp-content\/uploads\/2026\/03\/DSC01296-1024x683.jpg 1024w, https:\/\/projets-solidaires.la-guilde.org\/wp-content\/uploads\/2026\/03\/DSC01296-300x200.jpg 300w, https:\/\/projets-solidaires.la-guilde.org\/wp-content\/uploads\/2026\/03\/DSC01296-768x512.jpg 768w, https:\/\/projets-solidaires.la-guilde.org\/wp-content\/uploads\/2026\/03\/DSC01296-1536x1024.jpg 1536w, https:\/\/projets-solidaires.la-guilde.org\/wp-content\/uploads\/2026\/03\/DSC01296-18x12.jpg 18w, https:\/\/projets-solidaires.la-guilde.org\/wp-content\/uploads\/2026\/03\/DSC01296.jpg 1920w\" sizes=\"(max-width: 1024px) 100vw, 1024px\" \/><\/figure><\/div>\n\n\n\n<p>Dans ce contexte, l\u2019insertion sociale et professionnelle ne peut \u00eatre pens\u00e9e uniquement sous l\u2019angle de l\u2019acc\u00e8s \u00e0 l\u2019emploi formel. Elle suppose <strong>un accompagnement dans la dur\u00e9e, le d\u00e9veloppement de comp\u00e9tences adapt\u00e9es aux r\u00e9alit\u00e9s locales et la cr\u00e9ation d\u2019opportunit\u00e9s \u00e9conomiques ancr\u00e9es dans les territoires<\/strong>. C\u2019est \u00e0 l\u2019intersection de ces enjeux que s\u2019inscrivent les initiatives rencontr\u00e9es lors de la mission men\u00e9e en d\u00e9cembre, en cherchant \u00e0 faire des jeunes de v\u00e9ritables acteurs du d\u00e9veloppement de leur communaut\u00e9.<\/p>\n\n\n\n<h2 class=\"wp-block-heading\">Une mission au c\u0153ur des r\u00e9alit\u00e9s locales<\/h2>\n\n\n\n<p>De Cap Skirring \u00e0 K\u00e9dougou, en passant par Tambacounda et V\u00e9lingara, cette mission a \u00e9t\u00e9 l&rsquo;occasion de r<strong>encontrer les \u00e9quipes de plusieurs microprojets soutenus, leurs partenaires et les b\u00e9n\u00e9ficiaires de ces projets<\/strong>.<\/p>\n\n\n\n<p>L&rsquo;objectif de cette mission \u00e9tait de <strong>comprendre comment les projets soutenus contribuent concr\u00e8tement \u00e0 l&rsquo;insertion sociale et professionnelle des jeunes, au-del\u00e0 des indicateurs chiffr\u00e9s, en observant les dynamiques humaines, communautaires et territoriales \u00e0 l&rsquo;\u0153uvre<\/strong>.<\/p>\n\n\n\n<h2 class=\"wp-block-heading\">Des formations aux m\u00e9tiers en tension \u00e0 Boucotte<\/h2>\n\n\n\n<p>Premi\u00e8re \u00e9tape de cette mission  : le projet de l&rsquo;<strong><a href=\"https:\/\/assoniofar.com\/\">association Nio Far<\/a><\/strong> \u00e0 Boucotte, pr\u00e8s de Cap Skirring en Casamance. <\/p>\n\n\n\n<p>L&rsquo;association Nio Far a propos\u00e9 <strong>entre 2023 et 2025 sept formations \u00e0 des jeunes de la r\u00e9gion, fortement marqu\u00e9e par le d\u00e9crochage scolaire, un ch\u00f4mage \u00e9lev\u00e9 notamment pour les jeunes ainsi qu&rsquo;une offre de formation professionnelle peu adapt\u00e9e aux r\u00e9alit\u00e9s du territoire<\/strong>. Divers m\u00e9tiers et th\u00e9matiques ont \u00e9t\u00e9 abord\u00e9s : r\u00e9parateurs de t\u00e9l\u00e9phones, ouvrier paysagiste, op\u00e9rateur en s\u00e9rigraphie, peintre en b\u00e2timent, entrepreneuriat et leadership, technicien en \u00e9nergie solaire ou encore professionnaliser son activit\u00e9 par le num\u00e9rique. <\/p>\n\n\n\n<div class=\"wp-block-media-text is-stacked-on-mobile\"><figure class=\"wp-block-media-text__media\"><img decoding=\"async\" width=\"1024\" height=\"683\" src=\"https:\/\/projets-solidaires.la-guilde.org\/wp-content\/uploads\/2026\/03\/DSC01017-1024x683.jpg\" alt=\"\" class=\"wp-image-5234 size-full\" srcset=\"https:\/\/projets-solidaires.la-guilde.org\/wp-content\/uploads\/2026\/03\/DSC01017-1024x683.jpg 1024w, https:\/\/projets-solidaires.la-guilde.org\/wp-content\/uploads\/2026\/03\/DSC01017-300x200.jpg 300w, https:\/\/projets-solidaires.la-guilde.org\/wp-content\/uploads\/2026\/03\/DSC01017-768x512.jpg 768w, https:\/\/projets-solidaires.la-guilde.org\/wp-content\/uploads\/2026\/03\/DSC01017-1536x1024.jpg 1536w, https:\/\/projets-solidaires.la-guilde.org\/wp-content\/uploads\/2026\/03\/DSC01017-18x12.jpg 18w, https:\/\/projets-solidaires.la-guilde.org\/wp-content\/uploads\/2026\/03\/DSC01017.jpg 1920w\" sizes=\"(max-width: 1024px) 100vw, 1024px\" \/><\/figure><div class=\"wp-block-media-text__content\">\n<p><strong>82 jeunes<\/strong> ont particip\u00e9 \u00e0 ces formations, leur permettant ensuite <strong>pour certains de trouver un emploi directement, pour d&rsquo;autres de s&rsquo;ouvrir des opportunit\u00e9s professionnelles jusqu&rsquo;alors indisponibles,<\/strong> comme un stage ou la reprise d&rsquo;\u00e9tudes plus approfondies. <\/p>\n<\/div><\/div>\n\n\n\n<blockquote class=\"wp-block-quote is-layout-flow wp-block-quote-is-layout-flow\">\n<p>T\u00e9r\u00e8se, form\u00e9e en entrepreneuriat et leadership : \u00ab\u00a0Moins on est nombreux, plus on comprend\u00a0\u00bb.<\/p>\n<\/blockquote>\n\n\n\n<p>La majorit\u00e9 des formations s&rsquo;est tenue en comit\u00e9 r\u00e9duit avec <strong>une dizaine de jeunes pr\u00e9sents<\/strong>, leur permettant d&rsquo;avoir une formation technique et pratique adapt\u00e9e \u00e0 chacun, ainsi qu&rsquo;un accompagnement durant la formation et pendant plusieurs mois ensuite par les coordinatrices de l&rsquo;association.<\/p>\n\n\n\n<blockquote class=\"wp-block-quote is-layout-flow wp-block-quote-is-layout-flow\">\n<p>Biram, formateur en peinture en b\u00e2timent : \u00ab\u00a0Les jeunes que j&rsquo;ai form\u00e9 ici, je suis fier d&rsquo;eux. [&#8230;] Pour satisfaire les clients, il faut savoir parler aux clients, faire des devis, correctement travailler, et les jeunes ont tr\u00e8s vite compris\u00a0\u00bb.<\/p>\n<\/blockquote>\n\n\n\n<p>Depuis plus de vingt-cinq ans peintre en b\u00e2timent en Casamance, Biram exprimait la volont\u00e9 de former la jeunesse casaman\u00e7aise pour transmettre \u00e0 son tour, c&rsquo;est d\u00e9sormais chose faite gr\u00e2ce \u00e0 ce projet. <\/p>\n\n\n\n<p>Awa est elle devenue elle-m\u00eame formatrice en entrepreneuriat pour une association s\u00e9n\u00e9galaise, afin de partager ses connaissances \u00e0 d&rsquo;autres jeunes ayant envie de se lancer. Son but est de \u00ab\u00a0rendre \u00e0 la communaut\u00e9\u00a0\u00bb.<\/p>\n\n\n\n<p><strong>L&rsquo;association Nio Far est \u00e9galement tr\u00e8s attach\u00e9e \u00e0 la pr\u00e9servation de l&rsquo;environnement et a lanc\u00e9 dans ce cadre une unit\u00e9 de transformation du plastique, port\u00e9 par cinq femmes, \u00e0 Cap Skirring<\/strong> pour recycler le plastique r\u00e9colt\u00e9 dans la zone afin de le remployer.<\/p>\n\n\n\n<h2 class=\"wp-block-heading\">Une \u00e9cole d&rsquo;art comme espace de cr\u00e9ation et d&rsquo;\u00e9changes entre jeunes<\/h2>\n\n\n\n<p>Seconde \u00e9tape de cette mission \u00e0 travers le S\u00e9n\u00e9gal : Tambacounda, et l&rsquo;association Free label.<\/p>\n\n\n\n<p><strong>L&rsquo;espace \u00ab\u00a0Tamba \u00e9cole d&rsquo;art\u00a0\u00bb<\/strong>, propos\u00e9 par l&rsquo;<strong><a href=\"https:\/\/www.free-label.com\/\">association s\u00e9n\u00e9galaise Free label<\/a><\/strong>, est <strong>d\u00e9di\u00e9 aux jeunes artistes<\/strong> (ou pas encore) qui souhaitent <strong>s&rsquo;\u00e9panouir gr\u00e2ce \u00e0 une pratique de l&rsquo;art plastique et sonore<\/strong>. Gr\u00e2ce \u00e0 des formations artistiques gratuites, des locaux disponibles quotidiennement pour les jeunes avec du mat\u00e9riel mis \u00e0 disposition comme un studio sonore, du mat\u00e9riel de dessin et de peinture, des appareils photos et vid\u00e9os, cette \u00e9cole propose un espace de rencontre aux jeunes leur permettant d&rsquo;am\u00e9liorer leurs techniques, d&rsquo;aller plus loin dans leur cr\u00e9ativit\u00e9, d&rsquo;avoir un espace de confiance et de rep\u00e8res, mais aussi de rencontre avec des professionnels du secteur.<\/p>\n\n\n\n<div class=\"wp-block-media-text is-stacked-on-mobile\" style=\"grid-template-columns:47% auto\"><figure class=\"wp-block-media-text__media\"><img decoding=\"async\" width=\"1024\" height=\"684\" src=\"https:\/\/projets-solidaires.la-guilde.org\/wp-content\/uploads\/2026\/03\/DSC01111-1024x684.jpg\" alt=\"\" class=\"wp-image-5242 size-full\" srcset=\"https:\/\/projets-solidaires.la-guilde.org\/wp-content\/uploads\/2026\/03\/DSC01111-1024x684.jpg 1024w, https:\/\/projets-solidaires.la-guilde.org\/wp-content\/uploads\/2026\/03\/DSC01111-300x200.jpg 300w, https:\/\/projets-solidaires.la-guilde.org\/wp-content\/uploads\/2026\/03\/DSC01111-768x513.jpg 768w, https:\/\/projets-solidaires.la-guilde.org\/wp-content\/uploads\/2026\/03\/DSC01111-1536x1027.jpg 1536w, https:\/\/projets-solidaires.la-guilde.org\/wp-content\/uploads\/2026\/03\/DSC01111-18x12.jpg 18w, https:\/\/projets-solidaires.la-guilde.org\/wp-content\/uploads\/2026\/03\/DSC01111.jpg 1616w\" sizes=\"(max-width: 1024px) 100vw, 1024px\" \/><\/figure><div class=\"wp-block-media-text__content\">\n<blockquote class=\"wp-block-quote is-layout-flow wp-block-quote-is-layout-flow\">\n<p>Mame Diarra, lyc\u00e9enne et chanteuse :<\/p>\n\n\n\n<p>\u00ab\u00a0Ca va aider [les gens] \u00e0 se former, que ce soit en musique ou en dessin [\u2026] de rencontrer diff\u00e9rentes personnes [pour] \u00e9changer nos inspirations\u00a0\u00bb<\/p>\n<\/blockquote>\n<\/div><\/div>\n\n\n\n<p>Des soir\u00e9es, concerts, r\u00e9sidences nationales et internationales sont \u00e9galement organis\u00e9s au sein de l&rsquo;\u00e9cole d&rsquo;art pour<strong> proposer une ouverture vers le monde aux jeunes de Tambacounda, et repr\u00e9senter Tambacounda \u00e0 travers le monde<\/strong>.<\/p>\n\n\n\n<p>Le 3 d\u00e9cembre 2026 sera \u00e9galement ouvert le <strong>Mus\u00e9e Griot.te.s<\/strong> ! Ce mus\u00e9e est destin\u00e9 \u00e0 recevoir des expositions temporaires et permanentes de productions artistiques de griots et griottes. L&rsquo;objectif est de <strong>mettre en avant cette culture bas\u00e9e sur l&rsquo;oralit\u00e9, et tr\u00e8s ancr\u00e9e au S\u00e9n\u00e9gal notamment<\/strong>. Accol\u00e9e \u00e0 l&rsquo;\u00e9cole d&rsquo;art, cette partie du b\u00e2timent est encore en construction mais promet d&rsquo;offrir un beau lieu de mise en valeur d&rsquo;artistes nationaux et internationaux, mais aussi de jeunes artistes tels que ceux qui fr\u00e9quentent l&rsquo;\u00e9cole d&rsquo;art.<\/p>\n\n\n\n<blockquote class=\"wp-block-quote is-layout-flow wp-block-quote-is-layout-flow\">\n<p>Abou, co-directeur de l&rsquo;\u00e9cole Tamba \u00e9cole d&rsquo;art revient sur ces projets qu&rsquo;ils portent depuis 2021 avec Free label : \u00ab\u00a0Je suis satisfait, on a tout ce dont on a r\u00eav\u00e9 durant des ann\u00e9es, qui est en train de se r\u00e9aliser. Les choses qui vont entrer dans le mus\u00e9e\u2026 On va aider les jeunes artistes de Tamba.\u00a0\u00bb<\/p>\n<\/blockquote>\n\n\n\n<blockquote class=\"wp-block-quote is-layout-flow wp-block-quote-is-layout-flow\">\n<p>Salif \u00ab\u00a0V\u00e9rit\u00e9 Mensong\u00e8re\u00a0\u00bb, \u00e9tudiant, dessinateur et slammeur, r\u00eave grand et t\u00e9moigne : \u00ab\u00a0Free label [\u2026] c&rsquo;est une famille, ce sont des gens qui donnent tout sans rien attendre. Je veux travailler avec eux, voyager avec eux, et faire d&rsquo;autres recherches et d&rsquo;autres savoirs.\u00a0\u00bb<\/p>\n<\/blockquote>\n\n\n\n<p>Lors de la visite de ce projet, une vid\u00e9o a \u00e9t\u00e9 r\u00e9alis\u00e9e afin de pr\u00e9senter ce projet, cette association et leur impact sur la jeune g\u00e9n\u00e9ration s\u00e9n\u00e9galaise.<\/p>\n\n\n\n<h2 class=\"wp-block-heading\">Des jardins communautaires propos\u00e9s aux jeunes de diff\u00e9rentes r\u00e9gions<\/h2>\n\n\n\n<p>Les projets visit\u00e9s ensuite ont un point commun : la production maraich\u00e8re est au c\u0153ur des activit\u00e9s men\u00e9es.<\/p>\n\n\n\n<p>Pour troisi\u00e8me \u00e9tape de cette mission, <strong>l&rsquo;association Mouvement de la Jeunesse V\u00e9lingaroise en France (MJVF) en partenariat avec l&rsquo;Association Union des Acteurs pour le D\u00e9veloppement du D\u00e9partement de V\u00e9lingara (UADDV)<\/strong> ont d\u00e9velopp\u00e9 une <strong>Zone Economique Agricole pour les femmes de Medina Dinguiraye<\/strong>, \u00e0 une dizaine de kilom\u00e8tres de V\u00e9lingara. <\/p>\n\n\n\n<div class=\"wp-block-media-text has-media-on-the-right is-stacked-on-mobile\" style=\"grid-template-columns:auto 35%\"><div class=\"wp-block-media-text__content\">\n<p><strong>Gr\u00e2ce \u00e0 3 hectares de terre, une production mara\u00eech\u00e8re a \u00e9t\u00e9 lanc\u00e9e par 140 femmes ayant moins de 35 ans afin de proposer une production locale de fruits et l\u00e9gumes \u00e0 la population.<\/strong><\/p>\n\n\n\n<p>La majorit\u00e9 des produits maraichers consomm\u00e9s localement vient du nord du S\u00e9n\u00e9gal, o\u00f9 ils sont produits de mani\u00e8re intensive, avant de prendre la route pour plusieurs jours, puis d&rsquo;\u00eatre vendu \u00e0 V\u00e9lingara \u00e0 des femmes de la zone qui revendent ensuite la production sur des tables le long du goudron. Malgr\u00e9 la disponibilit\u00e9 des terres \u00e0 Medina Dinguiraye, tr\u00e8s peu de femmes et d&rsquo;hommes cultivent leur production. C&rsquo;est pour pallier \u00e0 ce manque que le projet de ZEAF est mis en place.<\/p>\n<\/div><figure class=\"wp-block-media-text__media\"><img loading=\"lazy\" decoding=\"async\" width=\"768\" height=\"1024\" src=\"https:\/\/projets-solidaires.la-guilde.org\/wp-content\/uploads\/2026\/03\/Projet-MJV-femmes-GIE2-768x1024.jpeg\" alt=\"\" class=\"wp-image-5248 size-full\" srcset=\"https:\/\/projets-solidaires.la-guilde.org\/wp-content\/uploads\/2026\/03\/Projet-MJV-femmes-GIE2-768x1024.jpeg 768w, https:\/\/projets-solidaires.la-guilde.org\/wp-content\/uploads\/2026\/03\/Projet-MJV-femmes-GIE2-225x300.jpeg 225w, https:\/\/projets-solidaires.la-guilde.org\/wp-content\/uploads\/2026\/03\/Projet-MJV-femmes-GIE2-1152x1536.jpeg 1152w, https:\/\/projets-solidaires.la-guilde.org\/wp-content\/uploads\/2026\/03\/Projet-MJV-femmes-GIE2-9x12.jpeg 9w, https:\/\/projets-solidaires.la-guilde.org\/wp-content\/uploads\/2026\/03\/Projet-MJV-femmes-GIE2.jpeg 1200w\" sizes=\"(max-width: 768px) 100vw, 768px\" \/><\/figure><\/div>\n\n\n\n<p><\/p>\n\n\n\n<p><strong>Des formations ont \u00e9t\u00e9 r\u00e9alis\u00e9es dans l&rsquo;enceinte de l&rsquo;\u00e9cole primaire du village, aupr\u00e8s des femmes par un technicien agricole<\/strong>, afin de les accompagner au mieux pour le lancement de leur activit\u00e9. Des installations ont \u00e9galement \u00e9t\u00e9 r\u00e9alis\u00e9s pour permettre cette production, notamment la mise en place d&rsquo;un pompage solaire avec un ch\u00e2teau d&rsquo;eau. D&rsquo;autres types de production, comme la pisciculture et l&rsquo;\u00e9levage sont \u00e9galement pr\u00e9vus pour les prochaines ann\u00e9es.<\/p>\n\n\n\n<p>Suite \u00e0 une journ\u00e9e \u00ab\u00a0off\u00a0\u00bb \u00e0 visiter la cascade de Dindefelo pr\u00e8s de K\u00e9dougou, un majestueux spectacle de la nature au sein d&rsquo;une r\u00e9serve communautaire, la quatri\u00e8me \u00e9tape de la mission \u00ab\u00a0Insertion sociale et professionnelle au S\u00e9n\u00e9gal\u00a0\u00bb s&rsquo;est d\u00e9roul\u00e9 \u00e0 Noubou, dans un petit village entre K\u00e9dougou et Sal\u00e9mata, \u00e0 moins de 5km de la fronti\u00e8re avec la Guin\u00e9e. <\/p>\n\n\n\n<div class=\"wp-block-media-text is-stacked-on-mobile\"><figure class=\"wp-block-media-text__media\"><img loading=\"lazy\" decoding=\"async\" width=\"1024\" height=\"768\" src=\"https:\/\/projets-solidaires.la-guilde.org\/wp-content\/uploads\/2026\/03\/terrain-projet-1024x768.jpeg\" alt=\"\" class=\"wp-image-5250 size-full\" srcset=\"https:\/\/projets-solidaires.la-guilde.org\/wp-content\/uploads\/2026\/03\/terrain-projet-1024x768.jpeg 1024w, https:\/\/projets-solidaires.la-guilde.org\/wp-content\/uploads\/2026\/03\/terrain-projet-300x225.jpeg 300w, https:\/\/projets-solidaires.la-guilde.org\/wp-content\/uploads\/2026\/03\/terrain-projet-768x576.jpeg 768w, https:\/\/projets-solidaires.la-guilde.org\/wp-content\/uploads\/2026\/03\/terrain-projet-1536x1152.jpeg 1536w, https:\/\/projets-solidaires.la-guilde.org\/wp-content\/uploads\/2026\/03\/terrain-projet-16x12.jpeg 16w, https:\/\/projets-solidaires.la-guilde.org\/wp-content\/uploads\/2026\/03\/terrain-projet.jpeg 1600w\" sizes=\"(max-width: 1024px) 100vw, 1024px\" \/><\/figure><div class=\"wp-block-media-text__content\">\n<p>L&rsquo;<strong><a href=\"https:\/\/developpement-noubou.org\/\">Association des Jeunes Ressortissants de Sal\u00e9mata \u00e0 K\u00e9dougou<\/a> (AJRSK)<\/strong> y a mis en place un <strong>jardin communautaire \u00e0 destination des jeunes du village<\/strong>, avec une <strong>partie maraich\u00e8re et une autre fruiti\u00e8re<\/strong>. Gr\u00e2ce \u00e0 une motivation tr\u00e8s forte des jeunes pour s&rsquo;autonomiser \u00e0 travers ce jardin, ainsi qu&rsquo;\u00e0 une mobilisation de partenaires internationaux tels que l&rsquo;association AGIRabcd, l&rsquo;association AJRSK propose une <strong>\u00e9cole agro-\u00e9cologique \u00e0 35 jeunes de la commune de Noubou<\/strong>, avec notamment une formation aux techniques maraich\u00e8res, la construction d&rsquo;un forage avec une pompe solaire, de bassins de r\u00e9tention et d&rsquo;un ch\u00e2teau d&rsquo;eau, ainsi que la mise en place de cultures de l\u00e9gumes et fruits locaux, d&rsquo;un compost et d&rsquo;une haie vive mellif\u00e8re. <\/p>\n<\/div><\/div>\n\n\n\n<blockquote class=\"wp-block-quote is-layout-flow wp-block-quote-is-layout-flow\">\n<p>Labo Diallo, pr\u00e9sident de l&rsquo;association AJRSK&nbsp;: \u00ab&nbsp;Avant la formation, les gens ne savaient pas comment faire le maraichage. Avant, on mettait tout dans un m\u00eame plant, et maintenant, on met les tomates \u00e0 part, les gombos \u00e0 part, les oignons \u00e0 part\u2026&nbsp;\u00bb<\/p>\n<\/blockquote>\n\n\n\n<p>Enfin, pour finir cette mission, la visite du projet port\u00e9 par l&rsquo;<strong><a href=\"https:\/\/www.aein-asso.com\/\">Association pour les Echanges Internationaux et Nationaux <\/a>(AEIN)<\/strong> en partenariat avec l&rsquo;<strong>Association des M\u00e8res d&rsquo;El\u00e8ves de Gourel Diadi\u00e9 (AME)<\/strong> pr\u00e8s de Tambacounda, a \u00e9t\u00e9 r\u00e9alis\u00e9e. Ce projet a \u00e9t\u00e9 financ\u00e9 dans le cadre de l&rsquo;appel \u00e0 projets Automne 2022, dans le cadre du programme multi-th\u00e9matique et multi-pays port\u00e9 par La Guilde.<\/p>\n\n\n\n<div class=\"wp-block-media-text has-media-on-the-right is-stacked-on-mobile\"><div class=\"wp-block-media-text__content\">\n<p>Un <strong>jardin maraicher en agriculture biologique<\/strong> a ainsi \u00e9t\u00e9 mis en place <strong>par 45 femmes adh\u00e9rentes de l&rsquo;association des m\u00e8res d&rsquo;\u00e9l\u00e8ves afin d&rsquo;am\u00e9liorer les revenus familiaux<\/strong>.<\/p>\n\n\n\n<p>Les femmes impliqu\u00e9es dans le projet expriment un <strong>attachement fort au jardin, per\u00e7u comme un espace collectif de production et de solidarit\u00e9<\/strong>.<\/p>\n\n\n\n<p>Seynabou, Pr\u00e9sidente de l\u2019AME, met en avant la volont\u00e9 de maintenir le projet malgr\u00e9 quelques difficult\u00e9s, et souligne l\u2019importance du jardin pour la s\u00e9curit\u00e9 alimentaire des familles, notamment des \u00e9l\u00e8ves qui vont \u00e0 l\u2019\u00e9cole, et pour l\u2019autonomisation \u00e9conomique des femmes.<\/p>\n<\/div><figure class=\"wp-block-media-text__media\"><img loading=\"lazy\" decoding=\"async\" width=\"1024\" height=\"683\" src=\"https:\/\/projets-solidaires.la-guilde.org\/wp-content\/uploads\/2026\/03\/DSC01559-1024x683.jpg\" alt=\"\" class=\"wp-image-5253 size-full\" srcset=\"https:\/\/projets-solidaires.la-guilde.org\/wp-content\/uploads\/2026\/03\/DSC01559-1024x683.jpg 1024w, https:\/\/projets-solidaires.la-guilde.org\/wp-content\/uploads\/2026\/03\/DSC01559-300x200.jpg 300w, https:\/\/projets-solidaires.la-guilde.org\/wp-content\/uploads\/2026\/03\/DSC01559-768x512.jpg 768w, https:\/\/projets-solidaires.la-guilde.org\/wp-content\/uploads\/2026\/03\/DSC01559-1536x1024.jpg 1536w, https:\/\/projets-solidaires.la-guilde.org\/wp-content\/uploads\/2026\/03\/DSC01559-18x12.jpg 18w, https:\/\/projets-solidaires.la-guilde.org\/wp-content\/uploads\/2026\/03\/DSC01559.jpg 1920w\" sizes=\"(max-width: 1024px) 100vw, 1024px\" \/><\/figure><\/div>\n\n\n\n<p><\/p>\n\n\n\n<p>\u00c0 Boucotte, Tambacounda, V\u00e9lingara et Noubou, les projets reposent sur des \u00e9cosyst\u00e8mes humains solides, o\u00f9 la confiance et la collaboration entre porteurs de projets et b\u00e9n\u00e9ficiaires sont au c\u0153ur des activit\u00e9s. <\/p>\n\n\n\n<p>Cette mission a permis de mieux comprendre les r\u00e9alit\u00e9s auxquelles sont confront\u00e9s les jeunes de diff\u00e9rentes r\u00e9gions du S\u00e9n\u00e9gal, mais aussi de mettre en lumi\u00e8re l&rsquo;engagement d&rsquo;associations fran\u00e7aises et s\u00e9n\u00e9galaises pour r\u00e9pondre aux besoins identifi\u00e9s sur ces diff\u00e9rents territoires. Qu\u2019il s\u2019agisse de formation professionnelle, de cr\u00e9ation artistique ou de projets agricoles, ces microprojets montrent combien l\u2019insertion sociale et professionnelle peut prendre des formes diverses et ancr\u00e9es localement.<\/p>\n\n\n\n<p>Les enseignements tir\u00e9s de ces visites viendront nourrir les travaux de capitalisation men\u00e9s par La Guilde afin de continuer \u00e0 accompagner des initiatives porteuses d\u2019opportunit\u00e9s pour la jeunesse.<\/p>\n\n\n\n<p><\/p>\n\n\n\n<h2 class=\"wp-block-heading\">Pour en apprendre plus <\/h2>\n\n\n\n<p>Sur les projets :<\/p>\n\n\n\n<ul class=\"wp-block-list\">\n<li><a href=\"https:\/\/projets-solidaires.la-guilde.org\/projets-finances\/sessions-de-formations-professionnelles-pour-les-decrocheurs-scolaires\/\">Pr\u00e9sentation du projet de l&rsquo;association Nio Far<\/a><\/li>\n\n\n\n<li><a href=\"https:\/\/projets-solidaires.la-guilde.org\/projets-finances\/solidarite-mutuelle-a-tambacounda-une-ecole-dart-associative\/\">Pr\u00e9sentation du projet de l&rsquo;association Free label<\/a><\/li>\n\n\n\n<li><a href=\"https:\/\/projets-solidaires.la-guilde.org\/projets-finances\/zone-economique-agricole-pour-les-femmes-de-medina-dinguiraye\/\">Pr\u00e9sentation du projet de l&rsquo;association Mouvement de la Jeunesse V\u00e9lingaroise en France<\/a><\/li>\n\n\n\n<li><a href=\"https:\/\/projets-solidaires.la-guilde.org\/projets-finances\/jardin-communautaire-et-agroecologique-de-noubou\/\">Pr\u00e9sentation du projet de l&rsquo;Association des Jeunes Ressortissants de Sal\u00e9mata \u00e0 K\u00e9dougou<\/a><\/li>\n\n\n\n<li><a href=\"https:\/\/projets-solidaires.la-guilde.org\/projets-finances\/jardin-maraicher-de-lame-gourel-diadie\/\">Pr\u00e9sentation du projet de l&rsquo;Association pour les Echanges Internationaux et Nationaux<\/a><\/li>\n<\/ul>\n\n\n\n<p>Sur d&rsquo;autres projets de l&rsquo;appel \u00e0 projets \u00ab\u00a0Jeunesse, insertion sociale et professionnelle au S\u00e9n\u00e9gal\u00a0\u00bb men\u00e9 en 2023 :<\/p>\n\n\n\n<ul class=\"wp-block-list\">\n<li><a href=\"https:\/\/projets-solidaires.la-guilde.org\/projets-finances\/diversification-revenus-promotion-apiculture-moderne-jeunes\/\">Pr\u00e9sentation du projet de l&rsquo;association Apiculture Flore D\u00e9veloppement (Apiflordev)<\/a> : projet de promotion et mise en place de l&rsquo;apiculture dans le delta du Saloum <\/li>\n\n\n\n<li><a href=\"https:\/\/projets-solidaires.la-guilde.org\/projets-finances\/chantiers-ecole-voute-nubienne-jeunes\/\">Pr\u00e9sentation du projet de l&rsquo;Association pour le D\u00e9veloppement Socioculturel d&rsquo;Agnam Lidoub\u00e9 (ADSCAL)<\/a> : projet de chantiers-\u00e9cole de jeunes en construction en vo\u00fbte nubienne d&rsquo;habitats \u00e9cologiques, pr\u00e8s de Matam<\/li>\n<\/ul>\n\n\n\n<p>Retour sur l&rsquo;appel \u00e0 projets \u00ab\u00a0Jeunesse, insertion sociale et professionnelle\u00a0\u00bb au S\u00e9n\u00e9gal 2023 : <\/p>\n\n\n\n<div class=\"wp-block-buttons is-layout-flex wp-block-buttons-is-layout-flex\">\n<div class=\"wp-block-button\"><a class=\"wp-block-button__link has-text-align-center wp-element-button\" href=\"https:\/\/la-guilde.org\/actualites\/laureats-microprojets-senegal-2023\/\">Pour aller plus loin<\/a><\/div>\n<\/div>\n\n\n\n<p><\/p>\n","protected":false},"excerpt":{"rendered":"<p>Du 7 au 20 d\u00e9cembre 2025, H\u00e9lo\u00efse Ruban, charg\u00e9e de mission Microprojets de La Guilde, et Dario Gleitz, assistant \u00e0 la coordination pays de La Guilde au S\u00e9n\u00e9gal, ont effectu\u00e9 une mission de terrain dans plusieurs r\u00e9gions du S\u00e9n\u00e9gal dans le cadre d&rsquo;un dispositif d\u00e9di\u00e9 \u00e0 la jeunesse et \u00e0 l&rsquo;insertion sociale et professionnelle. Un [&hellip;]<\/p>\n","protected":false},"author":13,"featured_media":5237,"comment_status":"open","ping_status":"open","sticky":false,"template":"","format":"standard","meta":{"inline_featured_image":false,"footnotes":""},"categories":[1,1006,1085],"tags":[1012,1090,1105,1113,1114],"class_list":["post-5043","post","type-post","status-publish","format-standard","has-post-thumbnail","hentry","category-blog","category-laureat","category-mission-terrain","tag-microprojets","tag-mission-terrain","tag-senegal","tag-jeunesse","tag-insertion"],"yoast_head":"<!-- This site is optimized with the Yoast SEO plugin v27.3 - https:\/\/yoast.com\/product\/yoast-seo-wordpress\/ -->\n<title>Insertion sociale et professionnelle de jeunes au S\u00e9n\u00e9gal<\/title>\n<meta name=\"description\" content=\"La Guilde a r\u00e9alis\u00e9 en d\u00e9cembre 2025 une mission de visites de projets au S\u00e9n\u00e9gal autour de l&#039;insertion sociale et professionnelle de jeunes.\" \/>\n<meta name=\"robots\" content=\"index, follow, max-snippet:-1, max-image-preview:large, max-video-preview:-1\" \/>\n<link rel=\"canonical\" href=\"https:\/\/projets-solidaires.la-guilde.org\/en\/insertion-sociale-et-professionnelle-des-jeunes-au-senegal\/\" \/>\n<script type=\"application\/ld+json\" class=\"yoast-schema-graph\">{\"@context\":\"https:\\\/\\\/schema.org\",\"@graph\":[{\"@type\":\"Article\",\"@id\":\"https:\\\/\\\/projets-solidaires.la-guilde.org\\\/insertion-sociale-et-professionnelle-des-jeunes-au-senegal\\\/#article\",\"isPartOf\":{\"@id\":\"https:\\\/\\\/projets-solidaires.la-guilde.org\\\/insertion-sociale-et-professionnelle-des-jeunes-au-senegal\\\/\"},\"author\":{\"name\":\"H\u00e9lo\u00efse Ruban\",\"@id\":\"https:\\\/\\\/projets-solidaires.la-guilde.org\\\/#\\\/schema\\\/person\\\/807360113a42ef3410bbac3e36a99676\"},\"headline\":\"Insertion sociale et professionnelle des jeunes au S\u00e9n\u00e9gal\",\"datePublished\":\"2026-03-09T09:00:19+00:00\",\"dateModified\":\"2026-03-09T09:00:56+00:00\",\"mainEntityOfPage\":{\"@id\":\"https:\\\/\\\/projets-solidaires.la-guilde.org\\\/insertion-sociale-et-professionnelle-des-jeunes-au-senegal\\\/\"},\"wordCount\":2520,\"commentCount\":0,\"publisher\":{\"@id\":\"https:\\\/\\\/projets-solidaires.la-guilde.org\\\/#organization\"},\"image\":{\"@id\":\"https:\\\/\\\/projets-solidaires.la-guilde.org\\\/insertion-sociale-et-professionnelle-des-jeunes-au-senegal\\\/#primaryimage\"},\"thumbnailUrl\":\"https:\\\/\\\/projets-solidaires.la-guilde.org\\\/wp-content\\\/uploads\\\/2026\\\/03\\\/DSC01296.jpg\",\"keywords\":[\"Microprojets\",\"mission terrain\",\"S\u00e9n\u00e9gal\",\"Jeunesse\",\"Insertion\"],\"articleSection\":[\"Blog\",\"Laur\u00e9at\",\"mission terrain\"],\"inLanguage\":\"en-GB\",\"potentialAction\":[{\"@type\":\"CommentAction\",\"name\":\"Comment\",\"target\":[\"https:\\\/\\\/projets-solidaires.la-guilde.org\\\/insertion-sociale-et-professionnelle-des-jeunes-au-senegal\\\/#respond\"]}]},{\"@type\":\"WebPage\",\"@id\":\"https:\\\/\\\/projets-solidaires.la-guilde.org\\\/insertion-sociale-et-professionnelle-des-jeunes-au-senegal\\\/\",\"url\":\"https:\\\/\\\/projets-solidaires.la-guilde.org\\\/insertion-sociale-et-professionnelle-des-jeunes-au-senegal\\\/\",\"name\":\"Insertion sociale et professionnelle de jeunes au S\u00e9n\u00e9gal\",\"isPartOf\":{\"@id\":\"https:\\\/\\\/projets-solidaires.la-guilde.org\\\/#website\"},\"primaryImageOfPage\":{\"@id\":\"https:\\\/\\\/projets-solidaires.la-guilde.org\\\/insertion-sociale-et-professionnelle-des-jeunes-au-senegal\\\/#primaryimage\"},\"image\":{\"@id\":\"https:\\\/\\\/projets-solidaires.la-guilde.org\\\/insertion-sociale-et-professionnelle-des-jeunes-au-senegal\\\/#primaryimage\"},\"thumbnailUrl\":\"https:\\\/\\\/projets-solidaires.la-guilde.org\\\/wp-content\\\/uploads\\\/2026\\\/03\\\/DSC01296.jpg\",\"datePublished\":\"2026-03-09T09:00:19+00:00\",\"dateModified\":\"2026-03-09T09:00:56+00:00\",\"description\":\"La Guilde a r\u00e9alis\u00e9 en d\u00e9cembre 2025 une mission de visites de projets au S\u00e9n\u00e9gal autour de l'insertion sociale et professionnelle de jeunes.\",\"breadcrumb\":{\"@id\":\"https:\\\/\\\/projets-solidaires.la-guilde.org\\\/insertion-sociale-et-professionnelle-des-jeunes-au-senegal\\\/#breadcrumb\"},\"inLanguage\":\"en-GB\",\"potentialAction\":[{\"@type\":\"ReadAction\",\"target\":[\"https:\\\/\\\/projets-solidaires.la-guilde.org\\\/insertion-sociale-et-professionnelle-des-jeunes-au-senegal\\\/\"]}]},{\"@type\":\"ImageObject\",\"inLanguage\":\"en-GB\",\"@id\":\"https:\\\/\\\/projets-solidaires.la-guilde.org\\\/insertion-sociale-et-professionnelle-des-jeunes-au-senegal\\\/#primaryimage\",\"url\":\"https:\\\/\\\/projets-solidaires.la-guilde.org\\\/wp-content\\\/uploads\\\/2026\\\/03\\\/DSC01296.jpg\",\"contentUrl\":\"https:\\\/\\\/projets-solidaires.la-guilde.org\\\/wp-content\\\/uploads\\\/2026\\\/03\\\/DSC01296.jpg\",\"width\":1920,\"height\":1280},{\"@type\":\"BreadcrumbList\",\"@id\":\"https:\\\/\\\/projets-solidaires.la-guilde.org\\\/insertion-sociale-et-professionnelle-des-jeunes-au-senegal\\\/#breadcrumb\",\"itemListElement\":[{\"@type\":\"ListItem\",\"position\":1,\"name\":\"Accueil\",\"item\":\"https:\\\/\\\/projets-solidaires.la-guilde.org\\\/\"},{\"@type\":\"ListItem\",\"position\":2,\"name\":\"Insertion sociale et professionnelle des jeunes au S\u00e9n\u00e9gal\"}]},{\"@type\":\"WebSite\",\"@id\":\"https:\\\/\\\/projets-solidaires.la-guilde.org\\\/#website\",\"url\":\"https:\\\/\\\/projets-solidaires.la-guilde.org\\\/\",\"name\":\"Microprojet La Guilde\",\"description\":\"\",\"publisher\":{\"@id\":\"https:\\\/\\\/projets-solidaires.la-guilde.org\\\/#organization\"},\"potentialAction\":[{\"@type\":\"SearchAction\",\"target\":{\"@type\":\"EntryPoint\",\"urlTemplate\":\"https:\\\/\\\/projets-solidaires.la-guilde.org\\\/?s={search_term_string}\"},\"query-input\":{\"@type\":\"PropertyValueSpecification\",\"valueRequired\":true,\"valueName\":\"search_term_string\"}}],\"inLanguage\":\"en-GB\"},{\"@type\":\"Organization\",\"@id\":\"https:\\\/\\\/projets-solidaires.la-guilde.org\\\/#organization\",\"name\":\"Microprojet La Guilde\",\"url\":\"https:\\\/\\\/projets-solidaires.la-guilde.org\\\/\",\"logo\":{\"@type\":\"ImageObject\",\"inLanguage\":\"en-GB\",\"@id\":\"https:\\\/\\\/projets-solidaires.la-guilde.org\\\/#\\\/schema\\\/logo\\\/image\\\/\",\"url\":\"https:\\\/\\\/projets-solidaires.la-guilde.org\\\/wp-content\\\/uploads\\\/2025\\\/05\\\/logo-la-guilde-projets-solidaires.png\",\"contentUrl\":\"https:\\\/\\\/projets-solidaires.la-guilde.org\\\/wp-content\\\/uploads\\\/2025\\\/05\\\/logo-la-guilde-projets-solidaires.png\",\"width\":396,\"height\":201,\"caption\":\"Microprojet La Guilde\"},\"image\":{\"@id\":\"https:\\\/\\\/projets-solidaires.la-guilde.org\\\/#\\\/schema\\\/logo\\\/image\\\/\"}},{\"@type\":\"Person\",\"@id\":\"https:\\\/\\\/projets-solidaires.la-guilde.org\\\/#\\\/schema\\\/person\\\/807360113a42ef3410bbac3e36a99676\",\"name\":\"H\u00e9lo\u00efse Ruban\",\"image\":{\"@type\":\"ImageObject\",\"inLanguage\":\"en-GB\",\"@id\":\"https:\\\/\\\/secure.gravatar.com\\\/avatar\\\/6b7768993fca3988ad3e39c3d6c9cb8a06f97f0bf41da9501572da3a2f878c9b?s=96&d=mm&r=g\",\"url\":\"https:\\\/\\\/secure.gravatar.com\\\/avatar\\\/6b7768993fca3988ad3e39c3d6c9cb8a06f97f0bf41da9501572da3a2f878c9b?s=96&d=mm&r=g\",\"contentUrl\":\"https:\\\/\\\/secure.gravatar.com\\\/avatar\\\/6b7768993fca3988ad3e39c3d6c9cb8a06f97f0bf41da9501572da3a2f878c9b?s=96&d=mm&r=g\",\"caption\":\"H\u00e9lo\u00efse Ruban\"}}]}<\/script>\n<!-- \/ Yoast SEO plugin. -->","yoast_head_json":{"title":"Insertion sociale et professionnelle de jeunes au S\u00e9n\u00e9gal","description":"La Guilde a r\u00e9alis\u00e9 en d\u00e9cembre 2025 une mission de visites de projets au S\u00e9n\u00e9gal autour de l'insertion sociale et professionnelle de jeunes.","robots":{"index":"index","follow":"follow","max-snippet":"max-snippet:-1","max-image-preview":"max-image-preview:large","max-video-preview":"max-video-preview:-1"},"canonical":"https:\/\/projets-solidaires.la-guilde.org\/en\/insertion-sociale-et-professionnelle-des-jeunes-au-senegal\/","schema":{"@context":"https:\/\/schema.org","@graph":[{"@type":"Article","@id":"https:\/\/projets-solidaires.la-guilde.org\/insertion-sociale-et-professionnelle-des-jeunes-au-senegal\/#article","isPartOf":{"@id":"https:\/\/projets-solidaires.la-guilde.org\/insertion-sociale-et-professionnelle-des-jeunes-au-senegal\/"},"author":{"name":"H\u00e9lo\u00efse Ruban","@id":"https:\/\/projets-solidaires.la-guilde.org\/#\/schema\/person\/807360113a42ef3410bbac3e36a99676"},"headline":"Insertion sociale et professionnelle des jeunes au S\u00e9n\u00e9gal","datePublished":"2026-03-09T09:00:19+00:00","dateModified":"2026-03-09T09:00:56+00:00","mainEntityOfPage":{"@id":"https:\/\/projets-solidaires.la-guilde.org\/insertion-sociale-et-professionnelle-des-jeunes-au-senegal\/"},"wordCount":2520,"commentCount":0,"publisher":{"@id":"https:\/\/projets-solidaires.la-guilde.org\/#organization"},"image":{"@id":"https:\/\/projets-solidaires.la-guilde.org\/insertion-sociale-et-professionnelle-des-jeunes-au-senegal\/#primaryimage"},"thumbnailUrl":"https:\/\/projets-solidaires.la-guilde.org\/wp-content\/uploads\/2026\/03\/DSC01296.jpg","keywords":["Microprojets","mission terrain","S\u00e9n\u00e9gal","Jeunesse","Insertion"],"articleSection":["Blog","Laur\u00e9at","mission terrain"],"inLanguage":"en-GB","potentialAction":[{"@type":"CommentAction","name":"Comment","target":["https:\/\/projets-solidaires.la-guilde.org\/insertion-sociale-et-professionnelle-des-jeunes-au-senegal\/#respond"]}]},{"@type":"WebPage","@id":"https:\/\/projets-solidaires.la-guilde.org\/insertion-sociale-et-professionnelle-des-jeunes-au-senegal\/","url":"https:\/\/projets-solidaires.la-guilde.org\/insertion-sociale-et-professionnelle-des-jeunes-au-senegal\/","name":"Insertion sociale et professionnelle de jeunes au S\u00e9n\u00e9gal","isPartOf":{"@id":"https:\/\/projets-solidaires.la-guilde.org\/#website"},"primaryImageOfPage":{"@id":"https:\/\/projets-solidaires.la-guilde.org\/insertion-sociale-et-professionnelle-des-jeunes-au-senegal\/#primaryimage"},"image":{"@id":"https:\/\/projets-solidaires.la-guilde.org\/insertion-sociale-et-professionnelle-des-jeunes-au-senegal\/#primaryimage"},"thumbnailUrl":"https:\/\/projets-solidaires.la-guilde.org\/wp-content\/uploads\/2026\/03\/DSC01296.jpg","datePublished":"2026-03-09T09:00:19+00:00","dateModified":"2026-03-09T09:00:56+00:00","description":"La Guilde a r\u00e9alis\u00e9 en d\u00e9cembre 2025 une mission de visites de projets au S\u00e9n\u00e9gal autour de l'insertion sociale et professionnelle de jeunes.","breadcrumb":{"@id":"https:\/\/projets-solidaires.la-guilde.org\/insertion-sociale-et-professionnelle-des-jeunes-au-senegal\/#breadcrumb"},"inLanguage":"en-GB","potentialAction":[{"@type":"ReadAction","target":["https:\/\/projets-solidaires.la-guilde.org\/insertion-sociale-et-professionnelle-des-jeunes-au-senegal\/"]}]},{"@type":"ImageObject","inLanguage":"en-GB","@id":"https:\/\/projets-solidaires.la-guilde.org\/insertion-sociale-et-professionnelle-des-jeunes-au-senegal\/#primaryimage","url":"https:\/\/projets-solidaires.la-guilde.org\/wp-content\/uploads\/2026\/03\/DSC01296.jpg","contentUrl":"https:\/\/projets-solidaires.la-guilde.org\/wp-content\/uploads\/2026\/03\/DSC01296.jpg","width":1920,"height":1280},{"@type":"BreadcrumbList","@id":"https:\/\/projets-solidaires.la-guilde.org\/insertion-sociale-et-professionnelle-des-jeunes-au-senegal\/#breadcrumb","itemListElement":[{"@type":"ListItem","position":1,"name":"Accueil","item":"https:\/\/projets-solidaires.la-guilde.org\/"},{"@type":"ListItem","position":2,"name":"Insertion sociale et professionnelle des jeunes au S\u00e9n\u00e9gal"}]},{"@type":"WebSite","@id":"https:\/\/projets-solidaires.la-guilde.org\/#website","url":"https:\/\/projets-solidaires.la-guilde.org\/","name":"La Guilde Microproject","description":"","publisher":{"@id":"https:\/\/projets-solidaires.la-guilde.org\/#organization"},"potentialAction":[{"@type":"SearchAction","target":{"@type":"EntryPoint","urlTemplate":"https:\/\/projets-solidaires.la-guilde.org\/?s={search_term_string}"},"query-input":{"@type":"PropertyValueSpecification","valueRequired":true,"valueName":"search_term_string"}}],"inLanguage":"en-GB"},{"@type":"Organization","@id":"https:\/\/projets-solidaires.la-guilde.org\/#organization","name":"La Guilde Microproject","url":"https:\/\/projets-solidaires.la-guilde.org\/","logo":{"@type":"ImageObject","inLanguage":"en-GB","@id":"https:\/\/projets-solidaires.la-guilde.org\/#\/schema\/logo\/image\/","url":"https:\/\/projets-solidaires.la-guilde.org\/wp-content\/uploads\/2025\/05\/logo-la-guilde-projets-solidaires.png","contentUrl":"https:\/\/projets-solidaires.la-guilde.org\/wp-content\/uploads\/2025\/05\/logo-la-guilde-projets-solidaires.png","width":396,"height":201,"caption":"Microprojet La Guilde"},"image":{"@id":"https:\/\/projets-solidaires.la-guilde.org\/#\/schema\/logo\/image\/"}},{"@type":"Person","@id":"https:\/\/projets-solidaires.la-guilde.org\/#\/schema\/person\/807360113a42ef3410bbac3e36a99676","name":"Heloise Ruban","image":{"@type":"ImageObject","inLanguage":"en-GB","@id":"https:\/\/secure.gravatar.com\/avatar\/6b7768993fca3988ad3e39c3d6c9cb8a06f97f0bf41da9501572da3a2f878c9b?s=96&d=mm&r=g","url":"https:\/\/secure.gravatar.com\/avatar\/6b7768993fca3988ad3e39c3d6c9cb8a06f97f0bf41da9501572da3a2f878c9b?s=96&d=mm&r=g","contentUrl":"https:\/\/secure.gravatar.com\/avatar\/6b7768993fca3988ad3e39c3d6c9cb8a06f97f0bf41da9501572da3a2f878c9b?s=96&d=mm&r=g","caption":"H\u00e9lo\u00efse Ruban"}}]}},"publishpress_future_action":{"enabled":false,"date":"2026-05-06 11:17:55","action":"change-status","newStatus":"draft","terms":[],"taxonomy":"category","extraData":[]},"publishpress_future_workflow_manual_trigger":{"enabledWorkflows":[]},"_links":{"self":[{"href":"https:\/\/projets-solidaires.la-guilde.org\/en\/wp-json\/wp\/v2\/posts\/5043","targetHints":{"allow":["GET"]}}],"collection":[{"href":"https:\/\/projets-solidaires.la-guilde.org\/en\/wp-json\/wp\/v2\/posts"}],"about":[{"href":"https:\/\/projets-solidaires.la-guilde.org\/en\/wp-json\/wp\/v2\/types\/post"}],"author":[{"embeddable":true,"href":"https:\/\/projets-solidaires.la-guilde.org\/en\/wp-json\/wp\/v2\/users\/13"}],"replies":[{"embeddable":true,"href":"https:\/\/projets-solidaires.la-guilde.org\/en\/wp-json\/wp\/v2\/comments?post=5043"}],"version-history":[{"count":0,"href":"https:\/\/projets-solidaires.la-guilde.org\/en\/wp-json\/wp\/v2\/posts\/5043\/revisions"}],"wp:featuredmedia":[{"embeddable":true,"href":"https:\/\/projets-solidaires.la-guilde.org\/en\/wp-json\/wp\/v2\/media\/5237"}],"wp:attachment":[{"href":"https:\/\/projets-solidaires.la-guilde.org\/en\/wp-json\/wp\/v2\/media?parent=5043"}],"wp:term":[{"taxonomy":"category","embeddable":true,"href":"https:\/\/projets-solidaires.la-guilde.org\/en\/wp-json\/wp\/v2\/categories?post=5043"},{"taxonomy":"post_tag","embeddable":true,"href":"https:\/\/projets-solidaires.la-guilde.org\/en\/wp-json\/wp\/v2\/tags?post=5043"}],"curies":[{"name":"wp","href":"https:\/\/api.w.org\/{rel}","templated":true}]}}