{"id":4694,"date":"2025-11-15T11:23:00","date_gmt":"2025-11-15T11:23:00","guid":{"rendered":"https:\/\/projets-solidaires.la-guilde.org\/?p=4694"},"modified":"2025-12-27T17:54:47","modified_gmt":"2025-12-27T17:54:47","slug":"an-ba-lanme-created-from-the-caribbean-to-foster-regional-cooperation-and-solidarity","status":"publish","type":"post","link":"https:\/\/projets-solidaires.la-guilde.org\/en\/an-ba-lanme-created-from-the-caribbean-to-foster-regional-cooperation-and-solidarity\/","title":{"rendered":"An Ba Lanm\u00e8: created from the Caribbean to foster regional cooperation and solidarity"},"content":{"rendered":"<p><em>Led from Martinique by ZOFI, the Labo des Histoires and the Station Culturelle and supported by the COR\u00c9OM program, the \u00abAn Ba Lanm\u00e8\u00bb project mobilizes artistic creation as a lever for regional cooperation and solidarity between Martinique, Dominica and Saint Lucia, by promoting the cultural heritage and shared knowledge of the Caribbean.<\/em><\/p>\n\n\n\n<figure class=\"wp-block-image size-large\"><img fetchpriority=\"high\" decoding=\"async\" width=\"1024\" height=\"683\" src=\"https:\/\/projets-solidaires.la-guilde.org\/wp-content\/uploads\/2025\/12\/DSC00195-\u00a9Nicolas-Derne-An-ba-lanme-project-2025-1-1024x683.jpg\" alt=\"\" class=\"wp-image-4700\" srcset=\"https:\/\/projets-solidaires.la-guilde.org\/wp-content\/uploads\/2025\/12\/DSC00195-\u00a9Nicolas-Derne-An-ba-lanme-project-2025-1-1024x683.jpg 1024w, https:\/\/projets-solidaires.la-guilde.org\/wp-content\/uploads\/2025\/12\/DSC00195-\u00a9Nicolas-Derne-An-ba-lanme-project-2025-1-300x200.jpg 300w, https:\/\/projets-solidaires.la-guilde.org\/wp-content\/uploads\/2025\/12\/DSC00195-\u00a9Nicolas-Derne-An-ba-lanme-project-2025-1-768x512.jpg 768w, https:\/\/projets-solidaires.la-guilde.org\/wp-content\/uploads\/2025\/12\/DSC00195-\u00a9Nicolas-Derne-An-ba-lanme-project-2025-1-1536x1024.jpg 1536w, https:\/\/projets-solidaires.la-guilde.org\/wp-content\/uploads\/2025\/12\/DSC00195-\u00a9Nicolas-Derne-An-ba-lanme-project-2025-1-18x12.jpg 18w, https:\/\/projets-solidaires.la-guilde.org\/wp-content\/uploads\/2025\/12\/DSC00195-\u00a9Nicolas-Derne-An-ba-lanme-project-2025-1.jpg 1920w\" sizes=\"(max-width: 1024px) 100vw, 1024px\" \/><\/figure>\n\n\n\n<p>In the Caribbean, regional cooperation is often built at the local level, through working together, meetings, and shared experiences. It is in this spirit that [the project] was conceived. <strong>An Ba Lanm\u00e8 \u2013 What binds us<\/strong>, a regional cultural cooperation project led by the association <strong>ZOFI<\/strong>, in partnership with <strong>The Story Lab \u2013 Martinique<\/strong> And <strong>The Cultural Station<\/strong>, and supported by the program <strong>COREOOM<\/strong>.<\/p>\n\n\n\n<p>Deployed between the <strong>Martinique, Dominica and Saint Lucia<\/strong>, The project is part of a clear objective: to make the <strong>artistic creation<\/strong> a lever for cooperation, solidarity and structuring of cultural actors on a Caribbean scale, while promoting a shared intangible cultural heritage.<\/p>\n\n\n\n<h3 class=\"wp-block-heading\">A creative residency as a territorial anchor point<\/h3>\n\n\n\n<p>A key moment in the project was held <strong>from November 7th to 14th<\/strong>, on the occasion of a <strong>creative residency in Saint Lucia<\/strong>. This field immersion brought together artists and cultural professionals from the three partner territories for a collaborative project focused on the <strong>sea as a common space<\/strong>, at once a link, a memory and a shared horizon of Caribbean societies.<\/p>\n\n\n\n<p>This residency was not conceived as a simple period of artistic production, but as a <strong>space for collective experimentation<\/strong>, blending creation, transmission and exchange of practices. The artists worked together, combined their approaches and shared their know-how, while opening up to local communities through <strong>workshops and feedback sessions<\/strong> intended for school groups and residents.<\/p>\n\n\n\n<p>The field mission thus made it possible to concretely materialize the objectives of the project: to create favorable conditions for meeting, cooperation between peers and the emergence of sustainable solidarities between territories.<\/p>\n\n\n\n<figure class=\"wp-block-gallery has-nested-images columns-default is-cropped wp-block-gallery-1 is-layout-flex wp-block-gallery-is-layout-flex\">\n<figure class=\"wp-block-image size-large\"><img decoding=\"async\" width=\"1024\" height=\"683\" data-id=\"4703\" src=\"https:\/\/projets-solidaires.la-guilde.org\/wp-content\/uploads\/2025\/12\/DSC04672-\u00a9Nicolas-Derne-An-ba-lanme-project-2025-1.jpg-1.jpg-1-1024x683.jpg\" alt=\"\" class=\"wp-image-4703\" srcset=\"https:\/\/projets-solidaires.la-guilde.org\/wp-content\/uploads\/2025\/12\/DSC04672-\u00a9Nicolas-Derne-An-ba-lanme-project-2025-1.jpg-1.jpg-1-1024x683.jpg 1024w, https:\/\/projets-solidaires.la-guilde.org\/wp-content\/uploads\/2025\/12\/DSC04672-\u00a9Nicolas-Derne-An-ba-lanme-project-2025-1.jpg-1.jpg-1-300x200.jpg 300w, https:\/\/projets-solidaires.la-guilde.org\/wp-content\/uploads\/2025\/12\/DSC04672-\u00a9Nicolas-Derne-An-ba-lanme-project-2025-1.jpg-1.jpg-1-768x512.jpg 768w, https:\/\/projets-solidaires.la-guilde.org\/wp-content\/uploads\/2025\/12\/DSC04672-\u00a9Nicolas-Derne-An-ba-lanme-project-2025-1.jpg-1.jpg-1-1536x1024.jpg 1536w, https:\/\/projets-solidaires.la-guilde.org\/wp-content\/uploads\/2025\/12\/DSC04672-\u00a9Nicolas-Derne-An-ba-lanme-project-2025-1.jpg-1.jpg-1-18x12.jpg 18w, https:\/\/projets-solidaires.la-guilde.org\/wp-content\/uploads\/2025\/12\/DSC04672-\u00a9Nicolas-Derne-An-ba-lanme-project-2025-1.jpg-1.jpg-1.jpg 1920w\" sizes=\"(max-width: 1024px) 100vw, 1024px\" \/><\/figure>\n\n\n\n<figure class=\"wp-block-image size-large\"><img decoding=\"async\" width=\"1024\" height=\"683\" data-id=\"4701\" src=\"https:\/\/projets-solidaires.la-guilde.org\/wp-content\/uploads\/2025\/12\/DSC00200-\u00a9Nicolas-Derne-An-ba-lanme-project-2025-1.jpg-1-1024x683.jpg\" alt=\"\" class=\"wp-image-4701\" srcset=\"https:\/\/projets-solidaires.la-guilde.org\/wp-content\/uploads\/2025\/12\/DSC00200-\u00a9Nicolas-Derne-An-ba-lanme-project-2025-1.jpg-1-1024x683.jpg 1024w, https:\/\/projets-solidaires.la-guilde.org\/wp-content\/uploads\/2025\/12\/DSC00200-\u00a9Nicolas-Derne-An-ba-lanme-project-2025-1.jpg-1-300x200.jpg 300w, https:\/\/projets-solidaires.la-guilde.org\/wp-content\/uploads\/2025\/12\/DSC00200-\u00a9Nicolas-Derne-An-ba-lanme-project-2025-1.jpg-1-768x512.jpg 768w, https:\/\/projets-solidaires.la-guilde.org\/wp-content\/uploads\/2025\/12\/DSC00200-\u00a9Nicolas-Derne-An-ba-lanme-project-2025-1.jpg-1-1536x1024.jpg 1536w, https:\/\/projets-solidaires.la-guilde.org\/wp-content\/uploads\/2025\/12\/DSC00200-\u00a9Nicolas-Derne-An-ba-lanme-project-2025-1.jpg-1-18x12.jpg 18w, https:\/\/projets-solidaires.la-guilde.org\/wp-content\/uploads\/2025\/12\/DSC00200-\u00a9Nicolas-Derne-An-ba-lanme-project-2025-1.jpg-1.jpg 1920w\" sizes=\"(max-width: 1024px) 100vw, 1024px\" \/><\/figure>\n\n\n\n<figure class=\"wp-block-image size-large\"><img loading=\"lazy\" decoding=\"async\" width=\"1024\" height=\"683\" data-id=\"4704\" src=\"https:\/\/projets-solidaires.la-guilde.org\/wp-content\/uploads\/2025\/12\/DSC04680-\u00a9Nicolas-Derne-An-ba-lanme-project-2025-1-1024x683.jpg\" alt=\"\" class=\"wp-image-4704\" srcset=\"https:\/\/projets-solidaires.la-guilde.org\/wp-content\/uploads\/2025\/12\/DSC04680-\u00a9Nicolas-Derne-An-ba-lanme-project-2025-1-1024x683.jpg 1024w, https:\/\/projets-solidaires.la-guilde.org\/wp-content\/uploads\/2025\/12\/DSC04680-\u00a9Nicolas-Derne-An-ba-lanme-project-2025-1-300x200.jpg 300w, https:\/\/projets-solidaires.la-guilde.org\/wp-content\/uploads\/2025\/12\/DSC04680-\u00a9Nicolas-Derne-An-ba-lanme-project-2025-1-768x512.jpg 768w, https:\/\/projets-solidaires.la-guilde.org\/wp-content\/uploads\/2025\/12\/DSC04680-\u00a9Nicolas-Derne-An-ba-lanme-project-2025-1-1536x1024.jpg 1536w, https:\/\/projets-solidaires.la-guilde.org\/wp-content\/uploads\/2025\/12\/DSC04680-\u00a9Nicolas-Derne-An-ba-lanme-project-2025-1-18x12.jpg 18w, https:\/\/projets-solidaires.la-guilde.org\/wp-content\/uploads\/2025\/12\/DSC04680-\u00a9Nicolas-Derne-An-ba-lanme-project-2025-1.jpg 1920w\" sizes=\"(max-width: 1024px) 100vw, 1024px\" \/><\/figure>\n\n\n\n<figure class=\"wp-block-image size-large\"><img loading=\"lazy\" decoding=\"async\" width=\"1024\" height=\"683\" data-id=\"4702\" src=\"https:\/\/projets-solidaires.la-guilde.org\/wp-content\/uploads\/2025\/12\/DSC04647-\u00a9Nicolas-Derne-An-ba-lanme-project-2025-1.jpg-1-1024x683.jpg\" alt=\"\" class=\"wp-image-4702\" srcset=\"https:\/\/projets-solidaires.la-guilde.org\/wp-content\/uploads\/2025\/12\/DSC04647-\u00a9Nicolas-Derne-An-ba-lanme-project-2025-1.jpg-1-1024x683.jpg 1024w, https:\/\/projets-solidaires.la-guilde.org\/wp-content\/uploads\/2025\/12\/DSC04647-\u00a9Nicolas-Derne-An-ba-lanme-project-2025-1.jpg-1-300x200.jpg 300w, https:\/\/projets-solidaires.la-guilde.org\/wp-content\/uploads\/2025\/12\/DSC04647-\u00a9Nicolas-Derne-An-ba-lanme-project-2025-1.jpg-1-768x512.jpg 768w, https:\/\/projets-solidaires.la-guilde.org\/wp-content\/uploads\/2025\/12\/DSC04647-\u00a9Nicolas-Derne-An-ba-lanme-project-2025-1.jpg-1-1536x1024.jpg 1536w, https:\/\/projets-solidaires.la-guilde.org\/wp-content\/uploads\/2025\/12\/DSC04647-\u00a9Nicolas-Derne-An-ba-lanme-project-2025-1.jpg-1-18x12.jpg 18w, https:\/\/projets-solidaires.la-guilde.org\/wp-content\/uploads\/2025\/12\/DSC04647-\u00a9Nicolas-Derne-An-ba-lanme-project-2025-1.jpg-1.jpg 1920w\" sizes=\"(max-width: 1024px) 100vw, 1024px\" \/><\/figure>\n<\/figure>\n\n\n\n<p><em>Photo credit: Nicolas Dern\u00e9, An ba lanm\u00e8 project<\/em><\/p>\n\n\n\n<h3 class=\"wp-block-heading\">Strengthening the capacities and structuring the career paths of cultural actors<\/h3>\n\n\n\n<p>Beyond the residence, <em>An Ba Lanm\u00e8<\/em> addresses a structural challenge identified in the region: the <strong>lack of training, professional development and networking opportunities<\/strong> for Caribbean artists and cultural actors, especially the younger ones.<\/p>\n\n\n\n<p>The project therefore aims to <strong>strengthen capacities<\/strong> artists and cultural organizations, supporting them in developing their skills, structuring their career paths, and integrating into regional dynamics. Cooperation here becomes a <strong>mutual learning tool<\/strong>, where each territory brings its own practices, references and experiences.<\/p>\n\n\n\n<p>By fostering the creation of lasting connections between artists, <em>An Ba Lanm\u00e8<\/em> contributes to laying the foundations of a <strong>regional network of cultural cooperation<\/strong>, capable of enduring beyond the periods of residence and of projecting itself into future joint projects.<\/p>\n\n\n\n<h3 class=\"wp-block-heading\">Culture as a living heritage and a vehicle for solidarity<\/h3>\n\n\n\n<p>At the heart of the approach, the <strong>promotion of intangible Caribbean cultural heritage<\/strong> occupies a central place. The creations resulting from the residency explore the stories, languages, memories and knowledge related to the sea, considered as a common good that connects the islands beyond administrative borders.<\/p>\n\n\n\n<p>Culture thus becomes a <strong>vector of solidarity<\/strong>, This is a way to strengthen dialogue between generations, to recognize shared heritages, and to foster a collective voice at the regional level. As the project coordinator emphasizes, the aim is to make transmission an act of cooperation, and creation a space for connection.<\/p>\n\n\n\n<figure class=\"wp-block-pullquote\"><blockquote><p><em>\u00ab&quot;Passing on heritage means making culture a living link between the islands, a bridge between generations.&quot;\u00bb<\/em><\/p><cite><strong>Eline Gourgues<\/strong> \u2013 The Cultural Station<\/cite><\/blockquote><\/figure>\n\n\n\n<h3 class=\"wp-block-heading\">A project embedded in sustainable regional cooperation<\/h3>\n\n\n\n<p>Supported by the program <strong>COREOOM<\/strong>, <em>An Ba Lanm\u00e8<\/em> This project is part of a structured regional cooperation dynamic, based on reciprocity, networking, and local integration. The project will unfold over a period of <strong>12 months<\/strong>, with an overall budget of <strong>165 600 \u20ac<\/strong>, of which <strong>\u20ac120,000 funded by COR\u00c9OM<\/strong>, illustrating the importance given to culture as a lever for solidarity and regional development.<\/p>\n\n\n\n<p>By combining fieldwork, capacity building, and the structuring of partnerships, <em>An Ba Lanm\u00e8<\/em> shows how overseas cultural actors are able to design and carry out regional cooperation projects from their territories, making artistic creation a shared space for engagement, solidarity and transformation.<\/p>","protected":false},"excerpt":{"rendered":"<p>Port\u00e9 depuis la Martinique par ZOFI,le Labo des Histoires et la Station Culturelle et soutenu par le programme COR\u00c9OM, le projet \u00ab\u00a0An Ba Lanm\u00e8\u00a0\u00bb mobilise la cr\u00e9ation artistique comme levier de coop\u00e9ration et de solidarit\u00e9 r\u00e9gionales entre la Martinique, la Dominique et Sainte-Lucie, en valorisant les patrimoines culturels et les savoirs partag\u00e9s de la Cara\u00efbe. [&hellip;]<\/p>\n","protected":false},"author":5,"featured_media":4699,"comment_status":"closed","ping_status":"open","sticky":false,"template":"","format":"standard","meta":{"inline_featured_image":false,"footnotes":"[]"},"categories":[39,41,1014,1085],"tags":[1066,1076,1077,1087,1089,1028,1030,1039],"class_list":["post-4694","post","type-post","status-publish","format-standard","has-post-thumbnail","hentry","category-actualite-porteur","category-aide-au-developpement","category-coreom","category-mission-terrain","tag-culture","tag-cooperation","tag-partenariat","tag-laureat","tag-sainte-lucie","tag-outre-mer","tag-coreom","tag-martinique"],"yoast_head":"<!-- This site is optimized with the Yoast SEO plugin v27.3 - https:\/\/yoast.com\/product\/yoast-seo-wordpress\/ -->\n<title>An Ba Lanm\u00e8 : cr\u00e9er depuis la Cara\u00efbe pour faire coop\u00e9ration et solidarit\u00e9 r\u00e9gionales - Microprojet La Guilde<\/title>\n<meta name=\"robots\" content=\"index, follow, max-snippet:-1, max-image-preview:large, max-video-preview:-1\" \/>\n<link rel=\"canonical\" href=\"https:\/\/projets-solidaires.la-guilde.org\/en\/an-ba-lanme-created-from-the-caribbean-to-foster-regional-cooperation-and-solidarity\/\" \/>\n<script type=\"application\/ld+json\" class=\"yoast-schema-graph\">{\"@context\":\"https:\\\/\\\/schema.org\",\"@graph\":[{\"@type\":\"Article\",\"@id\":\"https:\\\/\\\/projets-solidaires.la-guilde.org\\\/an-ba-lanme-creer-depuis-la-caraibe-pour-faire-cooperation-et-solidarite-regionales\\\/#article\",\"isPartOf\":{\"@id\":\"https:\\\/\\\/projets-solidaires.la-guilde.org\\\/an-ba-lanme-creer-depuis-la-caraibe-pour-faire-cooperation-et-solidarite-regionales\\\/\"},\"author\":{\"name\":\"Angela Fontana\",\"@id\":\"https:\\\/\\\/projets-solidaires.la-guilde.org\\\/#\\\/schema\\\/person\\\/421d0c9c85fe814021accae2818eaabe\"},\"headline\":\"An Ba Lanm\u00e8 : cr\u00e9er depuis la Cara\u00efbe pour faire coop\u00e9ration et solidarit\u00e9 r\u00e9gionales\",\"datePublished\":\"2025-11-15T11:23:00+00:00\",\"dateModified\":\"2025-12-27T17:54:47+00:00\",\"mainEntityOfPage\":{\"@id\":\"https:\\\/\\\/projets-solidaires.la-guilde.org\\\/an-ba-lanme-creer-depuis-la-caraibe-pour-faire-cooperation-et-solidarite-regionales\\\/\"},\"wordCount\":871,\"publisher\":{\"@id\":\"https:\\\/\\\/projets-solidaires.la-guilde.org\\\/#organization\"},\"image\":{\"@id\":\"https:\\\/\\\/projets-solidaires.la-guilde.org\\\/an-ba-lanme-creer-depuis-la-caraibe-pour-faire-cooperation-et-solidarite-regionales\\\/#primaryimage\"},\"thumbnailUrl\":\"https:\\\/\\\/projets-solidaires.la-guilde.org\\\/wp-content\\\/uploads\\\/2025\\\/12\\\/DSC04680-\u00a9Nicolas-Derne-An-ba-lanme-project-2025.jpg\",\"keywords\":[\"Culture\",\"coop\u00e9ration\",\"partenariat\",\"laur\u00e9at\",\"Sainte-Lucie\",\"Outre-mer\",\"COREOM\",\"Martinique\"],\"articleSection\":[\"Actualit\u00e9 porteur\",\"Aide au d\u00e9veloppement\",\"Coreom\",\"mission terrain\"],\"inLanguage\":\"en-GB\"},{\"@type\":\"WebPage\",\"@id\":\"https:\\\/\\\/projets-solidaires.la-guilde.org\\\/an-ba-lanme-creer-depuis-la-caraibe-pour-faire-cooperation-et-solidarite-regionales\\\/\",\"url\":\"https:\\\/\\\/projets-solidaires.la-guilde.org\\\/an-ba-lanme-creer-depuis-la-caraibe-pour-faire-cooperation-et-solidarite-regionales\\\/\",\"name\":\"An Ba Lanm\u00e8 : cr\u00e9er depuis la Cara\u00efbe pour faire coop\u00e9ration et solidarit\u00e9 r\u00e9gionales - Microprojet La Guilde\",\"isPartOf\":{\"@id\":\"https:\\\/\\\/projets-solidaires.la-guilde.org\\\/#website\"},\"primaryImageOfPage\":{\"@id\":\"https:\\\/\\\/projets-solidaires.la-guilde.org\\\/an-ba-lanme-creer-depuis-la-caraibe-pour-faire-cooperation-et-solidarite-regionales\\\/#primaryimage\"},\"image\":{\"@id\":\"https:\\\/\\\/projets-solidaires.la-guilde.org\\\/an-ba-lanme-creer-depuis-la-caraibe-pour-faire-cooperation-et-solidarite-regionales\\\/#primaryimage\"},\"thumbnailUrl\":\"https:\\\/\\\/projets-solidaires.la-guilde.org\\\/wp-content\\\/uploads\\\/2025\\\/12\\\/DSC04680-\u00a9Nicolas-Derne-An-ba-lanme-project-2025.jpg\",\"datePublished\":\"2025-11-15T11:23:00+00:00\",\"dateModified\":\"2025-12-27T17:54:47+00:00\",\"breadcrumb\":{\"@id\":\"https:\\\/\\\/projets-solidaires.la-guilde.org\\\/an-ba-lanme-creer-depuis-la-caraibe-pour-faire-cooperation-et-solidarite-regionales\\\/#breadcrumb\"},\"inLanguage\":\"en-GB\",\"potentialAction\":[{\"@type\":\"ReadAction\",\"target\":[\"https:\\\/\\\/projets-solidaires.la-guilde.org\\\/an-ba-lanme-creer-depuis-la-caraibe-pour-faire-cooperation-et-solidarite-regionales\\\/\"]}]},{\"@type\":\"ImageObject\",\"inLanguage\":\"en-GB\",\"@id\":\"https:\\\/\\\/projets-solidaires.la-guilde.org\\\/an-ba-lanme-creer-depuis-la-caraibe-pour-faire-cooperation-et-solidarite-regionales\\\/#primaryimage\",\"url\":\"https:\\\/\\\/projets-solidaires.la-guilde.org\\\/wp-content\\\/uploads\\\/2025\\\/12\\\/DSC04680-\u00a9Nicolas-Derne-An-ba-lanme-project-2025.jpg\",\"contentUrl\":\"https:\\\/\\\/projets-solidaires.la-guilde.org\\\/wp-content\\\/uploads\\\/2025\\\/12\\\/DSC04680-\u00a9Nicolas-Derne-An-ba-lanme-project-2025.jpg\",\"width\":1920,\"height\":1280},{\"@type\":\"BreadcrumbList\",\"@id\":\"https:\\\/\\\/projets-solidaires.la-guilde.org\\\/an-ba-lanme-creer-depuis-la-caraibe-pour-faire-cooperation-et-solidarite-regionales\\\/#breadcrumb\",\"itemListElement\":[{\"@type\":\"ListItem\",\"position\":1,\"name\":\"Accueil\",\"item\":\"https:\\\/\\\/projets-solidaires.la-guilde.org\\\/\"},{\"@type\":\"ListItem\",\"position\":2,\"name\":\"An Ba Lanm\u00e8 : cr\u00e9er depuis la Cara\u00efbe pour faire coop\u00e9ration et solidarit\u00e9 r\u00e9gionales\"}]},{\"@type\":\"WebSite\",\"@id\":\"https:\\\/\\\/projets-solidaires.la-guilde.org\\\/#website\",\"url\":\"https:\\\/\\\/projets-solidaires.la-guilde.org\\\/\",\"name\":\"Microprojet La Guilde\",\"description\":\"\",\"publisher\":{\"@id\":\"https:\\\/\\\/projets-solidaires.la-guilde.org\\\/#organization\"},\"potentialAction\":[{\"@type\":\"SearchAction\",\"target\":{\"@type\":\"EntryPoint\",\"urlTemplate\":\"https:\\\/\\\/projets-solidaires.la-guilde.org\\\/?s={search_term_string}\"},\"query-input\":{\"@type\":\"PropertyValueSpecification\",\"valueRequired\":true,\"valueName\":\"search_term_string\"}}],\"inLanguage\":\"en-GB\"},{\"@type\":\"Organization\",\"@id\":\"https:\\\/\\\/projets-solidaires.la-guilde.org\\\/#organization\",\"name\":\"Microprojet La Guilde\",\"url\":\"https:\\\/\\\/projets-solidaires.la-guilde.org\\\/\",\"logo\":{\"@type\":\"ImageObject\",\"inLanguage\":\"en-GB\",\"@id\":\"https:\\\/\\\/projets-solidaires.la-guilde.org\\\/#\\\/schema\\\/logo\\\/image\\\/\",\"url\":\"https:\\\/\\\/projets-solidaires.la-guilde.org\\\/wp-content\\\/uploads\\\/2025\\\/05\\\/logo-la-guilde-projets-solidaires.png\",\"contentUrl\":\"https:\\\/\\\/projets-solidaires.la-guilde.org\\\/wp-content\\\/uploads\\\/2025\\\/05\\\/logo-la-guilde-projets-solidaires.png\",\"width\":396,\"height\":201,\"caption\":\"Microprojet La Guilde\"},\"image\":{\"@id\":\"https:\\\/\\\/projets-solidaires.la-guilde.org\\\/#\\\/schema\\\/logo\\\/image\\\/\"}},{\"@type\":\"Person\",\"@id\":\"https:\\\/\\\/projets-solidaires.la-guilde.org\\\/#\\\/schema\\\/person\\\/421d0c9c85fe814021accae2818eaabe\",\"name\":\"Angela Fontana\",\"image\":{\"@type\":\"ImageObject\",\"inLanguage\":\"en-GB\",\"@id\":\"https:\\\/\\\/secure.gravatar.com\\\/avatar\\\/f8b4587bed7a67c9c6ae12dbdf373c0d20adf69e7a479cab64ef75bdb1800294?s=96&d=mm&r=g\",\"url\":\"https:\\\/\\\/secure.gravatar.com\\\/avatar\\\/f8b4587bed7a67c9c6ae12dbdf373c0d20adf69e7a479cab64ef75bdb1800294?s=96&d=mm&r=g\",\"contentUrl\":\"https:\\\/\\\/secure.gravatar.com\\\/avatar\\\/f8b4587bed7a67c9c6ae12dbdf373c0d20adf69e7a479cab64ef75bdb1800294?s=96&d=mm&r=g\",\"caption\":\"Angela Fontana\"}}]}<\/script>\n<!-- \/ Yoast SEO plugin. -->","yoast_head_json":{"title":"An Ba Lanm\u00e8: Creating from the Caribbean to foster regional cooperation and solidarity - La Guilde Microproject","robots":{"index":"index","follow":"follow","max-snippet":"max-snippet:-1","max-image-preview":"max-image-preview:large","max-video-preview":"max-video-preview:-1"},"canonical":"https:\/\/projets-solidaires.la-guilde.org\/en\/an-ba-lanme-created-from-the-caribbean-to-foster-regional-cooperation-and-solidarity\/","schema":{"@context":"https:\/\/schema.org","@graph":[{"@type":"Article","@id":"https:\/\/projets-solidaires.la-guilde.org\/an-ba-lanme-creer-depuis-la-caraibe-pour-faire-cooperation-et-solidarite-regionales\/#article","isPartOf":{"@id":"https:\/\/projets-solidaires.la-guilde.org\/an-ba-lanme-creer-depuis-la-caraibe-pour-faire-cooperation-et-solidarite-regionales\/"},"author":{"name":"Angela Fontana","@id":"https:\/\/projets-solidaires.la-guilde.org\/#\/schema\/person\/421d0c9c85fe814021accae2818eaabe"},"headline":"An Ba Lanm\u00e8 : cr\u00e9er depuis la Cara\u00efbe pour faire coop\u00e9ration et solidarit\u00e9 r\u00e9gionales","datePublished":"2025-11-15T11:23:00+00:00","dateModified":"2025-12-27T17:54:47+00:00","mainEntityOfPage":{"@id":"https:\/\/projets-solidaires.la-guilde.org\/an-ba-lanme-creer-depuis-la-caraibe-pour-faire-cooperation-et-solidarite-regionales\/"},"wordCount":871,"publisher":{"@id":"https:\/\/projets-solidaires.la-guilde.org\/#organization"},"image":{"@id":"https:\/\/projets-solidaires.la-guilde.org\/an-ba-lanme-creer-depuis-la-caraibe-pour-faire-cooperation-et-solidarite-regionales\/#primaryimage"},"thumbnailUrl":"https:\/\/projets-solidaires.la-guilde.org\/wp-content\/uploads\/2025\/12\/DSC04680-\u00a9Nicolas-Derne-An-ba-lanme-project-2025.jpg","keywords":["Culture","coop\u00e9ration","partenariat","laur\u00e9at","Sainte-Lucie","Outre-mer","COREOM","Martinique"],"articleSection":["Actualit\u00e9 porteur","Aide au d\u00e9veloppement","Coreom","mission terrain"],"inLanguage":"en-GB"},{"@type":"WebPage","@id":"https:\/\/projets-solidaires.la-guilde.org\/an-ba-lanme-creer-depuis-la-caraibe-pour-faire-cooperation-et-solidarite-regionales\/","url":"https:\/\/projets-solidaires.la-guilde.org\/an-ba-lanme-creer-depuis-la-caraibe-pour-faire-cooperation-et-solidarite-regionales\/","name":"An Ba Lanm\u00e8: Creating from the Caribbean to foster regional cooperation and solidarity - La Guilde Microproject","isPartOf":{"@id":"https:\/\/projets-solidaires.la-guilde.org\/#website"},"primaryImageOfPage":{"@id":"https:\/\/projets-solidaires.la-guilde.org\/an-ba-lanme-creer-depuis-la-caraibe-pour-faire-cooperation-et-solidarite-regionales\/#primaryimage"},"image":{"@id":"https:\/\/projets-solidaires.la-guilde.org\/an-ba-lanme-creer-depuis-la-caraibe-pour-faire-cooperation-et-solidarite-regionales\/#primaryimage"},"thumbnailUrl":"https:\/\/projets-solidaires.la-guilde.org\/wp-content\/uploads\/2025\/12\/DSC04680-\u00a9Nicolas-Derne-An-ba-lanme-project-2025.jpg","datePublished":"2025-11-15T11:23:00+00:00","dateModified":"2025-12-27T17:54:47+00:00","breadcrumb":{"@id":"https:\/\/projets-solidaires.la-guilde.org\/an-ba-lanme-creer-depuis-la-caraibe-pour-faire-cooperation-et-solidarite-regionales\/#breadcrumb"},"inLanguage":"en-GB","potentialAction":[{"@type":"ReadAction","target":["https:\/\/projets-solidaires.la-guilde.org\/an-ba-lanme-creer-depuis-la-caraibe-pour-faire-cooperation-et-solidarite-regionales\/"]}]},{"@type":"ImageObject","inLanguage":"en-GB","@id":"https:\/\/projets-solidaires.la-guilde.org\/an-ba-lanme-creer-depuis-la-caraibe-pour-faire-cooperation-et-solidarite-regionales\/#primaryimage","url":"https:\/\/projets-solidaires.la-guilde.org\/wp-content\/uploads\/2025\/12\/DSC04680-\u00a9Nicolas-Derne-An-ba-lanme-project-2025.jpg","contentUrl":"https:\/\/projets-solidaires.la-guilde.org\/wp-content\/uploads\/2025\/12\/DSC04680-\u00a9Nicolas-Derne-An-ba-lanme-project-2025.jpg","width":1920,"height":1280},{"@type":"BreadcrumbList","@id":"https:\/\/projets-solidaires.la-guilde.org\/an-ba-lanme-creer-depuis-la-caraibe-pour-faire-cooperation-et-solidarite-regionales\/#breadcrumb","itemListElement":[{"@type":"ListItem","position":1,"name":"Accueil","item":"https:\/\/projets-solidaires.la-guilde.org\/"},{"@type":"ListItem","position":2,"name":"An Ba Lanm\u00e8 : cr\u00e9er depuis la Cara\u00efbe pour faire coop\u00e9ration et solidarit\u00e9 r\u00e9gionales"}]},{"@type":"WebSite","@id":"https:\/\/projets-solidaires.la-guilde.org\/#website","url":"https:\/\/projets-solidaires.la-guilde.org\/","name":"La Guilde Microproject","description":"","publisher":{"@id":"https:\/\/projets-solidaires.la-guilde.org\/#organization"},"potentialAction":[{"@type":"SearchAction","target":{"@type":"EntryPoint","urlTemplate":"https:\/\/projets-solidaires.la-guilde.org\/?s={search_term_string}"},"query-input":{"@type":"PropertyValueSpecification","valueRequired":true,"valueName":"search_term_string"}}],"inLanguage":"en-GB"},{"@type":"Organization","@id":"https:\/\/projets-solidaires.la-guilde.org\/#organization","name":"La Guilde Microproject","url":"https:\/\/projets-solidaires.la-guilde.org\/","logo":{"@type":"ImageObject","inLanguage":"en-GB","@id":"https:\/\/projets-solidaires.la-guilde.org\/#\/schema\/logo\/image\/","url":"https:\/\/projets-solidaires.la-guilde.org\/wp-content\/uploads\/2025\/05\/logo-la-guilde-projets-solidaires.png","contentUrl":"https:\/\/projets-solidaires.la-guilde.org\/wp-content\/uploads\/2025\/05\/logo-la-guilde-projets-solidaires.png","width":396,"height":201,"caption":"Microprojet La Guilde"},"image":{"@id":"https:\/\/projets-solidaires.la-guilde.org\/#\/schema\/logo\/image\/"}},{"@type":"Person","@id":"https:\/\/projets-solidaires.la-guilde.org\/#\/schema\/person\/421d0c9c85fe814021accae2818eaabe","name":"Angela Fontana","image":{"@type":"ImageObject","inLanguage":"en-GB","@id":"https:\/\/secure.gravatar.com\/avatar\/f8b4587bed7a67c9c6ae12dbdf373c0d20adf69e7a479cab64ef75bdb1800294?s=96&d=mm&r=g","url":"https:\/\/secure.gravatar.com\/avatar\/f8b4587bed7a67c9c6ae12dbdf373c0d20adf69e7a479cab64ef75bdb1800294?s=96&d=mm&r=g","contentUrl":"https:\/\/secure.gravatar.com\/avatar\/f8b4587bed7a67c9c6ae12dbdf373c0d20adf69e7a479cab64ef75bdb1800294?s=96&d=mm&r=g","caption":"Angela Fontana"}}]}},"publishpress_future_action":{"enabled":false,"date":"2026-05-06 11:28:06","action":"change-status","newStatus":"draft","terms":[],"taxonomy":"category","extraData":[]},"publishpress_future_workflow_manual_trigger":{"enabledWorkflows":[]},"_links":{"self":[{"href":"https:\/\/projets-solidaires.la-guilde.org\/en\/wp-json\/wp\/v2\/posts\/4694","targetHints":{"allow":["GET"]}}],"collection":[{"href":"https:\/\/projets-solidaires.la-guilde.org\/en\/wp-json\/wp\/v2\/posts"}],"about":[{"href":"https:\/\/projets-solidaires.la-guilde.org\/en\/wp-json\/wp\/v2\/types\/post"}],"author":[{"embeddable":true,"href":"https:\/\/projets-solidaires.la-guilde.org\/en\/wp-json\/wp\/v2\/users\/5"}],"replies":[{"embeddable":true,"href":"https:\/\/projets-solidaires.la-guilde.org\/en\/wp-json\/wp\/v2\/comments?post=4694"}],"version-history":[{"count":0,"href":"https:\/\/projets-solidaires.la-guilde.org\/en\/wp-json\/wp\/v2\/posts\/4694\/revisions"}],"wp:featuredmedia":[{"embeddable":true,"href":"https:\/\/projets-solidaires.la-guilde.org\/en\/wp-json\/wp\/v2\/media\/4699"}],"wp:attachment":[{"href":"https:\/\/projets-solidaires.la-guilde.org\/en\/wp-json\/wp\/v2\/media?parent=4694"}],"wp:term":[{"taxonomy":"category","embeddable":true,"href":"https:\/\/projets-solidaires.la-guilde.org\/en\/wp-json\/wp\/v2\/categories?post=4694"},{"taxonomy":"post_tag","embeddable":true,"href":"https:\/\/projets-solidaires.la-guilde.org\/en\/wp-json\/wp\/v2\/tags?post=4694"}],"curies":[{"name":"wp","href":"https:\/\/api.w.org\/{rel}","templated":true}]}}