{"id":4638,"date":"2025-12-15T16:28:39","date_gmt":"2025-12-15T16:28:39","guid":{"rendered":"https:\/\/projets-solidaires.la-guilde.org\/?p=4638"},"modified":"2026-01-07T10:51:41","modified_gmt":"2026-01-07T10:51:41","slug":"3-questions-for-stephanie-gaymard","status":"publish","type":"post","link":"https:\/\/projets-solidaires.la-guilde.org\/en\/3-questions-for-stephanie-gaymard\/","title":{"rendered":"3 questions for: St\u00e9phanie Gaymard, project manager at AFD \u2013 Understanding the challenges of the COR\u00c9OM program"},"content":{"rendered":"<p><strong>Following a program from Paris provides a global perspective; experiencing it firsthand offers different viewpoints. After a mission to Guadeloupe and Martinique in November 2025, St\u00e9phanie Gaymard shares<\/strong> <strong>what she remembers from the deployment of COR\u00c9OM<\/strong>.<\/p>\n\n\n\n<div class=\"wp-block-media-text is-stacked-on-mobile has-cyan-bluish-gray-background-color has-background\" style=\"grid-template-columns:53% auto\"><figure class=\"wp-block-media-text__media\"><img fetchpriority=\"high\" decoding=\"async\" width=\"1024\" height=\"795\" src=\"https:\/\/projets-solidaires.la-guilde.org\/wp-content\/uploads\/2025\/12\/stephanie-gaymard-4-e1766419205256-1024x795.jpeg\" alt=\"\" class=\"wp-image-4647 size-full\" srcset=\"https:\/\/projets-solidaires.la-guilde.org\/wp-content\/uploads\/2025\/12\/stephanie-gaymard-4-e1766419205256-1024x795.jpeg 1024w, https:\/\/projets-solidaires.la-guilde.org\/wp-content\/uploads\/2025\/12\/stephanie-gaymard-4-e1766419205256-300x233.jpeg 300w, https:\/\/projets-solidaires.la-guilde.org\/wp-content\/uploads\/2025\/12\/stephanie-gaymard-4-e1766419205256-768x596.jpeg 768w, https:\/\/projets-solidaires.la-guilde.org\/wp-content\/uploads\/2025\/12\/stephanie-gaymard-4-e1766419205256-15x12.jpeg 15w, https:\/\/projets-solidaires.la-guilde.org\/wp-content\/uploads\/2025\/12\/stephanie-gaymard-4-e1766419205256.jpeg 1286w\" sizes=\"(max-width: 1024px) 100vw, 1024px\" \/><\/figure><div class=\"wp-block-media-text__content\">\n<blockquote class=\"wp-block-quote is-layout-flow wp-block-quote-is-layout-flow\">\n<p class=\"has-white-color has-text-color has-link-color wp-elements-8e31797ab67e2f6218d83d179240c512\"><strong>St\u00e9phanie Gaymard is the Biodiversity-Environment-Oceans and Overseas Project Manager at the Civil Society Organizations Division<\/strong> <strong>has <strong>the French Development Agency<\/strong>, where she notably oversees programs supporting civil society and regional cooperation. In this interview, she offers the perspective of one of the financial partners of<strong>u programme<\/strong>, offering a strategic vision on its deployment and prospects for <strong>COREOOM<\/strong><\/strong>, <strong>program co-financed by the AFD, in partnership with the Fondation de France<\/strong>.<\/p>\n<\/blockquote>\n\n\n\n<figure class=\"wp-block-image size-large\"><img decoding=\"async\" width=\"1024\" height=\"576\" src=\"https:\/\/projets-solidaires.la-guilde.org\/wp-content\/uploads\/2025\/12\/logo-bailleurs-1024x576.png\" alt=\"\" class=\"wp-image-4865\" srcset=\"https:\/\/projets-solidaires.la-guilde.org\/wp-content\/uploads\/2025\/12\/logo-bailleurs-1024x576.png 1024w, https:\/\/projets-solidaires.la-guilde.org\/wp-content\/uploads\/2025\/12\/logo-bailleurs-300x169.png 300w, https:\/\/projets-solidaires.la-guilde.org\/wp-content\/uploads\/2025\/12\/logo-bailleurs-768x432.png 768w, https:\/\/projets-solidaires.la-guilde.org\/wp-content\/uploads\/2025\/12\/logo-bailleurs-1536x864.png 1536w, https:\/\/projets-solidaires.la-guilde.org\/wp-content\/uploads\/2025\/12\/logo-bailleurs-18x10.png 18w, https:\/\/projets-solidaires.la-guilde.org\/wp-content\/uploads\/2025\/12\/logo-bailleurs.png 1920w\" sizes=\"(max-width: 1024px) 100vw, 1024px\" \/><\/figure>\n<\/div><\/div>\n\n\n\n<h3 class=\"wp-block-heading\"><strong>Following this mission to Guadeloupe and Martinique, what key observations have you made regarding the deployment of COR\u00c9OM on the ground?<\/strong>&nbsp;<\/h3>\n\n\n\n<p>This mission allowed me, above all, to &quot;bring to life&quot; a program I had previously followed remotely. From Paris, you receive information, reports, and an overall view\u2014but you don&#039;t always grasp the daily realities, the nuances, or what&#039;s being said between the lines. Being on the ground gave me a much more complete understanding: the program&#039;s value for the associations, how the partners implement it, and what this concretely changes for the winning projects.&nbsp;<\/p>\n\n\n\n<p>What I remember first is&nbsp;<strong>COR\u00c9OM&#039;s strong alignment with the needs of organizations<\/strong>. The program arrives \u201cat the right time\u201d: it responds to a genuine, existing desire to develop cooperation with neighboring regions. Several associations told me they had long harbored these intentions but lacked the resources to get started. With COR\u00c9OM, the momentum began at the perfect moment, coinciding with the existence of opportunities and connections within these regions.&nbsp;<\/p>\n\n\n\n<p>Finally, I note a collective dynamic already underway, driven by networks: it creates bridges, opportunities for joint action, and a form of collective legitimacy. However, this dynamic remains concentrated within relatively small circles of actors, often the same people mobilized. This is a strength\u2026 and already a challenge for the future.&nbsp;<\/p>\n\n\n\n<h3 class=\"wp-block-heading\"><strong>One of the program&#039;s hallmarks is support. What kind of support are we talking about exactly, and how does it make a difference for associations?<\/strong>&nbsp;<\/h3>\n\n\n\n<p>We&#039;re talking about very practical, highly valued, and above all, very tailored support, adapted to individual needs. For some organizations, it helps structure their vision, mission, and sometimes even their operational framework. For others, which already have a solid foundation, it provides more technical and operational support: project engineering, milestones, monitoring, indicators, steering committee meetings, and methodologies. In both cases, the award recipients clearly identified it as a major added value of the program.&nbsp;<\/p>\n\n\n\n<p>What also emerges is that there would likely be gains in efficiency \u2013 and added value \u2013 by better combining collective and customized approaches. Currently, support has been very much &quot;\u00e0 la carte,&quot; tailored to each association individually. However, it&#039;s clear that common needs exist across several regions and among various types of organizations.&nbsp;<strong>common core<\/strong>&nbsp;<strong>skills development,<\/strong>&nbsp;Sharing would allow for more exchanges between associations, laying common ground, and then supplementing with tailor-made solutions based on the realities of each.&nbsp;<\/p>\n\n\n\n<p>The idea is not to standardize: the life of an association evolves, needs change, and agility must remain a strength of the system. Building a clearer pathway, with a common foundation and in-depth exploration, could make the support even more coherent and efficient.&nbsp;<\/p>\n\n\n\n<h3 class=\"wp-block-heading\"><strong>You mention the issue of visibility and institutional connections. What is currently lacking to broaden the COR\u00c9OM ecosystem and prepare for the next phase of the program?<\/strong>&nbsp;<\/h3>\n\n\n\n<p>There is a need to create more <strong>structural connections<\/strong>, in particular between ecosystems which play a central role in regional cooperation and solidarity dynamics: institutions, private sector, foundations, support actors, etc.<\/p>\n\n\n\n<p>To amplify COR\u00c9OM, the next step is to <strong>\u00ab&quot;coming out of the woodwork&quot;\u00bb<\/strong> : to make the actions carried out within the program more visible, to better explain them, to better share them, and above all <strong>to better connect the different networks and spheres of actors<\/strong>. This requires coordination, communication, and knowledge sharing at a macro level, as well as the establishment of regular meetings on the ground, and the development of lasting and structured links between the Regional Multi-Actor Networks (RRMA) and other local networks, institutional actors, agencies, local authorities, program partners, associations, and other financial actors, particularly foundations. This is what <strong>collective and interconnected dynamic<\/strong> which helps to strengthen the impact of the program.<\/p>\n\n\n\n<figure class=\"wp-block-pullquote\"><blockquote><p>To amplify its impact, COR\u00c9OM now needs to tell its story better. <br>and better connect the stakeholders with each other.\u00bb<\/p><cite>St\u00e9phanie Gaymard<\/cite><\/blockquote><\/figure>\n\n\n\n<p>I also strongly believe in a more assertive role for&nbsp;<strong>award winners as spokespeople for the program.<\/strong>&nbsp;The winning organizations can explain what the program enables, how it provides support, and how it changes their practices. This enhances both the visibility of the projects and the clarity of the system. However, it requires a minimum of structure: a framework, key messages, and sometimes some tools to help organizations promote their work while highlighting the support provided by COR\u00c9OM.&nbsp;<\/p>\n\n\n\n<p><strong>This dynamic would benefit from being more visible in the territories<\/strong> in order to amplify more broadly the participation of actors in the international solidarity and regional cooperation ecosystem, to promote the involvement of new donors and thus to better contribute to the structuring of the local associative fabric and the deployment of their initiatives in citizenship education, international solidarity and cooperation on the scale of the Caribbean basin.&nbsp;<\/p>\n\n\n\n<p>Finally, we are at a point where we must preserve&nbsp;<strong>The added value of the scheme lies in: subsidies of an intermediate amount, a financing method that facilitates action (particularly through pre-financing), and support deemed decisive.<\/strong>&nbsp;Looking ahead, one issue clearly emerges:&nbsp;<strong>thinking about sustainability and leverage<\/strong>. In other words: how can the momentum generated be sustained, how can we avoid a &quot;one-off&quot; effect, and how can we also support access to other funding \u2013 public or private \u2013 in addition to COR\u00c9OM? There&#039;s a real need to accelerate this process.&nbsp;<\/p>\n\n\n\n<div class=\"wp-block-cover has-custom-content-position is-position-center-left wp-duotone-blue-orange\" style=\"min-height:192px;aspect-ratio:unset;\"><span aria-hidden=\"true\" class=\"wp-block-cover__background has-background-dim\"><\/span><div class=\"wp-block-cover__inner-container is-layout-flow wp-block-cover-is-layout-flow\">\n<div class=\"wp-block-group is-layout-constrained wp-block-group-is-layout-constrained\">\n<p><strong>Key points to remember:&nbsp;<\/strong>&nbsp;<\/p>\n\n\n\n<div class=\"wp-block-group is-layout-constrained wp-block-group-is-layout-constrained\">\n<ul class=\"wp-block-list\">\n<li>A field mission that confirms the strong relevance of the program<\/li>\n<\/ul>\n\n\n\n<ul class=\"wp-block-list\">\n<li>Support perceived as crucial<\/li>\n<\/ul>\n\n\n\n<ul class=\"wp-block-list\">\n<li>A clear need for amplification through visibility, networking, and the structuring of a broader ecosystem&nbsp;<\/li>\n<\/ul>\n<\/div>\n<\/div>\n<\/div><\/div>\n\n\n\n<figure class=\"wp-block-image aligncenter size-large is-resized\"><img decoding=\"async\" width=\"1024\" height=\"593\" src=\"https:\/\/projets-solidaires.la-guilde.org\/wp-content\/uploads\/2025\/12\/shared-image-1-1024x593.jpg\" alt=\"\" class=\"wp-image-4710\" style=\"width:328px;height:auto\" srcset=\"https:\/\/projets-solidaires.la-guilde.org\/wp-content\/uploads\/2025\/12\/shared-image-1-1024x593.jpg 1024w, https:\/\/projets-solidaires.la-guilde.org\/wp-content\/uploads\/2025\/12\/shared-image-1-300x174.jpg 300w, https:\/\/projets-solidaires.la-guilde.org\/wp-content\/uploads\/2025\/12\/shared-image-1-768x444.jpg 768w, https:\/\/projets-solidaires.la-guilde.org\/wp-content\/uploads\/2025\/12\/shared-image-1-1536x889.jpg 1536w, https:\/\/projets-solidaires.la-guilde.org\/wp-content\/uploads\/2025\/12\/shared-image-1-18x10.jpg 18w, https:\/\/projets-solidaires.la-guilde.org\/wp-content\/uploads\/2025\/12\/shared-image-1.jpg 1920w\" sizes=\"(max-width: 1024px) 100vw, 1024px\" \/><figcaption class=\"wp-element-caption\"><a href=\"https:\/\/projets-solidaires.la-guilde.org\/en\/overseas-regional-cooperation-meets-with-stakeholders-involved-in-guadeloupe-and-martinique\/\">See the article dedicated to the mission in Guadeloupe and Martinique<\/a><\/figcaption><\/figure>\n\n\n\n<p><\/p>","protected":false},"excerpt":{"rendered":"<p>Suivre un programme depuis Paris donne une vision globale; le vivre sur le terrain apporte d&rsquo;autres perspectives. \u00c0 l\u2019issue d\u2019une mission en Guadeloupe et en Martinique\u00a0en novembre 2025, St\u00e9phanie Gaymard partage ce qu\u2019elle retient du d\u00e9ploiement du COR\u00c9OM. Apr\u00e8s cette mission en Guadeloupe et en Martinique, quels constats forts retenez-vous sur le d\u00e9ploiement de COR\u00c9OM [&hellip;]<\/p>\n","protected":false},"author":5,"featured_media":4642,"comment_status":"closed","ping_status":"open","sticky":false,"template":"","format":"standard","meta":{"inline_featured_image":false,"footnotes":"[]"},"categories":[40,41,1014,1085],"tags":[1028,1030,1038,1076,1077],"class_list":["post-4638","post","type-post","status-publish","format-standard","has-post-thumbnail","hentry","category-actualite-bailleur","category-aide-au-developpement","category-coreom","category-mission-terrain","tag-outre-mer","tag-coreom","tag-gouvernance","tag-cooperation","tag-partenariat"],"yoast_head":"<!-- This site is optimized with the Yoast SEO plugin v27.3 - https:\/\/yoast.com\/product\/yoast-seo-wordpress\/ -->\n<title>3 questions \u00e0\u202f:\u00a0St\u00e9phanie Gaymard, cheffe de projets \u00e0 l&#039;AFD - Comprendre les enjeux du programme COR\u00c9OM - Microprojet La Guilde<\/title>\n<meta name=\"robots\" content=\"index, follow, max-snippet:-1, max-image-preview:large, max-video-preview:-1\" \/>\n<link rel=\"canonical\" href=\"https:\/\/projets-solidaires.la-guilde.org\/en\/3-questions-for-stephanie-gaymard\/\" \/>\n<script type=\"application\/ld+json\" class=\"yoast-schema-graph\">{\"@context\":\"https:\\\/\\\/schema.org\",\"@graph\":[{\"@type\":\"Article\",\"@id\":\"https:\\\/\\\/projets-solidaires.la-guilde.org\\\/3-questions-a-stephanie-gaymard\\\/#article\",\"isPartOf\":{\"@id\":\"https:\\\/\\\/projets-solidaires.la-guilde.org\\\/3-questions-a-stephanie-gaymard\\\/\"},\"author\":{\"name\":\"Angela Fontana\",\"@id\":\"https:\\\/\\\/projets-solidaires.la-guilde.org\\\/#\\\/schema\\\/person\\\/421d0c9c85fe814021accae2818eaabe\"},\"headline\":\"3 questions \u00e0\u202f:\u00a0St\u00e9phanie Gaymard, cheffe de projets \u00e0 l&rsquo;AFD &#8211; Comprendre les enjeux du programme COR\u00c9OM\",\"datePublished\":\"2025-12-15T16:28:39+00:00\",\"dateModified\":\"2026-01-07T10:51:41+00:00\",\"mainEntityOfPage\":{\"@id\":\"https:\\\/\\\/projets-solidaires.la-guilde.org\\\/3-questions-a-stephanie-gaymard\\\/\"},\"wordCount\":1257,\"publisher\":{\"@id\":\"https:\\\/\\\/projets-solidaires.la-guilde.org\\\/#organization\"},\"image\":{\"@id\":\"https:\\\/\\\/projets-solidaires.la-guilde.org\\\/3-questions-a-stephanie-gaymard\\\/#primaryimage\"},\"thumbnailUrl\":\"https:\\\/\\\/projets-solidaires.la-guilde.org\\\/wp-content\\\/uploads\\\/2025\\\/12\\\/stephanie-gaymard-2-e1765848837421.jpeg\",\"keywords\":[\"Outre-mer\",\"COREOM\",\"gouvernance\",\"coop\u00e9ration\",\"partenariat\"],\"articleSection\":[\"Actualit\u00e9 bailleur\",\"Aide au d\u00e9veloppement\",\"Coreom\",\"mission terrain\"],\"inLanguage\":\"en-GB\"},{\"@type\":\"WebPage\",\"@id\":\"https:\\\/\\\/projets-solidaires.la-guilde.org\\\/3-questions-a-stephanie-gaymard\\\/\",\"url\":\"https:\\\/\\\/projets-solidaires.la-guilde.org\\\/3-questions-a-stephanie-gaymard\\\/\",\"name\":\"3 questions \u00e0\u202f:\u00a0St\u00e9phanie Gaymard, cheffe de projets \u00e0 l'AFD - Comprendre les enjeux du programme COR\u00c9OM - Microprojet La Guilde\",\"isPartOf\":{\"@id\":\"https:\\\/\\\/projets-solidaires.la-guilde.org\\\/#website\"},\"primaryImageOfPage\":{\"@id\":\"https:\\\/\\\/projets-solidaires.la-guilde.org\\\/3-questions-a-stephanie-gaymard\\\/#primaryimage\"},\"image\":{\"@id\":\"https:\\\/\\\/projets-solidaires.la-guilde.org\\\/3-questions-a-stephanie-gaymard\\\/#primaryimage\"},\"thumbnailUrl\":\"https:\\\/\\\/projets-solidaires.la-guilde.org\\\/wp-content\\\/uploads\\\/2025\\\/12\\\/stephanie-gaymard-2-e1765848837421.jpeg\",\"datePublished\":\"2025-12-15T16:28:39+00:00\",\"dateModified\":\"2026-01-07T10:51:41+00:00\",\"breadcrumb\":{\"@id\":\"https:\\\/\\\/projets-solidaires.la-guilde.org\\\/3-questions-a-stephanie-gaymard\\\/#breadcrumb\"},\"inLanguage\":\"en-GB\",\"potentialAction\":[{\"@type\":\"ReadAction\",\"target\":[\"https:\\\/\\\/projets-solidaires.la-guilde.org\\\/3-questions-a-stephanie-gaymard\\\/\"]}]},{\"@type\":\"ImageObject\",\"inLanguage\":\"en-GB\",\"@id\":\"https:\\\/\\\/projets-solidaires.la-guilde.org\\\/3-questions-a-stephanie-gaymard\\\/#primaryimage\",\"url\":\"https:\\\/\\\/projets-solidaires.la-guilde.org\\\/wp-content\\\/uploads\\\/2025\\\/12\\\/stephanie-gaymard-2-e1765848837421.jpeg\",\"contentUrl\":\"https:\\\/\\\/projets-solidaires.la-guilde.org\\\/wp-content\\\/uploads\\\/2025\\\/12\\\/stephanie-gaymard-2-e1765848837421.jpeg\",\"width\":438,\"height\":242},{\"@type\":\"BreadcrumbList\",\"@id\":\"https:\\\/\\\/projets-solidaires.la-guilde.org\\\/3-questions-a-stephanie-gaymard\\\/#breadcrumb\",\"itemListElement\":[{\"@type\":\"ListItem\",\"position\":1,\"name\":\"Accueil\",\"item\":\"https:\\\/\\\/projets-solidaires.la-guilde.org\\\/\"},{\"@type\":\"ListItem\",\"position\":2,\"name\":\"3 questions \u00e0\u202f:\u00a0St\u00e9phanie Gaymard, cheffe de projets \u00e0 l&#8217;AFD &#8211; Comprendre les enjeux du programme COR\u00c9OM\"}]},{\"@type\":\"WebSite\",\"@id\":\"https:\\\/\\\/projets-solidaires.la-guilde.org\\\/#website\",\"url\":\"https:\\\/\\\/projets-solidaires.la-guilde.org\\\/\",\"name\":\"Microprojet La Guilde\",\"description\":\"\",\"publisher\":{\"@id\":\"https:\\\/\\\/projets-solidaires.la-guilde.org\\\/#organization\"},\"potentialAction\":[{\"@type\":\"SearchAction\",\"target\":{\"@type\":\"EntryPoint\",\"urlTemplate\":\"https:\\\/\\\/projets-solidaires.la-guilde.org\\\/?s={search_term_string}\"},\"query-input\":{\"@type\":\"PropertyValueSpecification\",\"valueRequired\":true,\"valueName\":\"search_term_string\"}}],\"inLanguage\":\"en-GB\"},{\"@type\":\"Organization\",\"@id\":\"https:\\\/\\\/projets-solidaires.la-guilde.org\\\/#organization\",\"name\":\"Microprojet La Guilde\",\"url\":\"https:\\\/\\\/projets-solidaires.la-guilde.org\\\/\",\"logo\":{\"@type\":\"ImageObject\",\"inLanguage\":\"en-GB\",\"@id\":\"https:\\\/\\\/projets-solidaires.la-guilde.org\\\/#\\\/schema\\\/logo\\\/image\\\/\",\"url\":\"https:\\\/\\\/projets-solidaires.la-guilde.org\\\/wp-content\\\/uploads\\\/2025\\\/05\\\/logo-la-guilde-projets-solidaires.png\",\"contentUrl\":\"https:\\\/\\\/projets-solidaires.la-guilde.org\\\/wp-content\\\/uploads\\\/2025\\\/05\\\/logo-la-guilde-projets-solidaires.png\",\"width\":396,\"height\":201,\"caption\":\"Microprojet La Guilde\"},\"image\":{\"@id\":\"https:\\\/\\\/projets-solidaires.la-guilde.org\\\/#\\\/schema\\\/logo\\\/image\\\/\"}},{\"@type\":\"Person\",\"@id\":\"https:\\\/\\\/projets-solidaires.la-guilde.org\\\/#\\\/schema\\\/person\\\/421d0c9c85fe814021accae2818eaabe\",\"name\":\"Angela Fontana\",\"image\":{\"@type\":\"ImageObject\",\"inLanguage\":\"en-GB\",\"@id\":\"https:\\\/\\\/secure.gravatar.com\\\/avatar\\\/f8b4587bed7a67c9c6ae12dbdf373c0d20adf69e7a479cab64ef75bdb1800294?s=96&d=mm&r=g\",\"url\":\"https:\\\/\\\/secure.gravatar.com\\\/avatar\\\/f8b4587bed7a67c9c6ae12dbdf373c0d20adf69e7a479cab64ef75bdb1800294?s=96&d=mm&r=g\",\"contentUrl\":\"https:\\\/\\\/secure.gravatar.com\\\/avatar\\\/f8b4587bed7a67c9c6ae12dbdf373c0d20adf69e7a479cab64ef75bdb1800294?s=96&d=mm&r=g\",\"caption\":\"Angela Fontana\"}}]}<\/script>\n<!-- \/ Yoast SEO plugin. -->","yoast_head_json":{"title":"3 questions for: St\u00e9phanie Gaymard, project manager at AFD - Understanding the challenges of the COR\u00c9OM program - La Guilde micro-project","robots":{"index":"index","follow":"follow","max-snippet":"max-snippet:-1","max-image-preview":"max-image-preview:large","max-video-preview":"max-video-preview:-1"},"canonical":"https:\/\/projets-solidaires.la-guilde.org\/en\/3-questions-for-stephanie-gaymard\/","schema":{"@context":"https:\/\/schema.org","@graph":[{"@type":"Article","@id":"https:\/\/projets-solidaires.la-guilde.org\/3-questions-a-stephanie-gaymard\/#article","isPartOf":{"@id":"https:\/\/projets-solidaires.la-guilde.org\/3-questions-a-stephanie-gaymard\/"},"author":{"name":"Angela Fontana","@id":"https:\/\/projets-solidaires.la-guilde.org\/#\/schema\/person\/421d0c9c85fe814021accae2818eaabe"},"headline":"3 questions \u00e0\u202f:\u00a0St\u00e9phanie Gaymard, cheffe de projets \u00e0 l&rsquo;AFD &#8211; Comprendre les enjeux du programme COR\u00c9OM","datePublished":"2025-12-15T16:28:39+00:00","dateModified":"2026-01-07T10:51:41+00:00","mainEntityOfPage":{"@id":"https:\/\/projets-solidaires.la-guilde.org\/3-questions-a-stephanie-gaymard\/"},"wordCount":1257,"publisher":{"@id":"https:\/\/projets-solidaires.la-guilde.org\/#organization"},"image":{"@id":"https:\/\/projets-solidaires.la-guilde.org\/3-questions-a-stephanie-gaymard\/#primaryimage"},"thumbnailUrl":"https:\/\/projets-solidaires.la-guilde.org\/wp-content\/uploads\/2025\/12\/stephanie-gaymard-2-e1765848837421.jpeg","keywords":["Outre-mer","COREOM","gouvernance","coop\u00e9ration","partenariat"],"articleSection":["Actualit\u00e9 bailleur","Aide au d\u00e9veloppement","Coreom","mission terrain"],"inLanguage":"en-GB"},{"@type":"WebPage","@id":"https:\/\/projets-solidaires.la-guilde.org\/3-questions-a-stephanie-gaymard\/","url":"https:\/\/projets-solidaires.la-guilde.org\/3-questions-a-stephanie-gaymard\/","name":"3 questions for: St\u00e9phanie Gaymard, project manager at AFD - Understanding the challenges of the COR\u00c9OM program - La Guilde micro-project","isPartOf":{"@id":"https:\/\/projets-solidaires.la-guilde.org\/#website"},"primaryImageOfPage":{"@id":"https:\/\/projets-solidaires.la-guilde.org\/3-questions-a-stephanie-gaymard\/#primaryimage"},"image":{"@id":"https:\/\/projets-solidaires.la-guilde.org\/3-questions-a-stephanie-gaymard\/#primaryimage"},"thumbnailUrl":"https:\/\/projets-solidaires.la-guilde.org\/wp-content\/uploads\/2025\/12\/stephanie-gaymard-2-e1765848837421.jpeg","datePublished":"2025-12-15T16:28:39+00:00","dateModified":"2026-01-07T10:51:41+00:00","breadcrumb":{"@id":"https:\/\/projets-solidaires.la-guilde.org\/3-questions-a-stephanie-gaymard\/#breadcrumb"},"inLanguage":"en-GB","potentialAction":[{"@type":"ReadAction","target":["https:\/\/projets-solidaires.la-guilde.org\/3-questions-a-stephanie-gaymard\/"]}]},{"@type":"ImageObject","inLanguage":"en-GB","@id":"https:\/\/projets-solidaires.la-guilde.org\/3-questions-a-stephanie-gaymard\/#primaryimage","url":"https:\/\/projets-solidaires.la-guilde.org\/wp-content\/uploads\/2025\/12\/stephanie-gaymard-2-e1765848837421.jpeg","contentUrl":"https:\/\/projets-solidaires.la-guilde.org\/wp-content\/uploads\/2025\/12\/stephanie-gaymard-2-e1765848837421.jpeg","width":438,"height":242},{"@type":"BreadcrumbList","@id":"https:\/\/projets-solidaires.la-guilde.org\/3-questions-a-stephanie-gaymard\/#breadcrumb","itemListElement":[{"@type":"ListItem","position":1,"name":"Accueil","item":"https:\/\/projets-solidaires.la-guilde.org\/"},{"@type":"ListItem","position":2,"name":"3 questions \u00e0\u202f:\u00a0St\u00e9phanie Gaymard, cheffe de projets \u00e0 l&#8217;AFD &#8211; Comprendre les enjeux du programme COR\u00c9OM"}]},{"@type":"WebSite","@id":"https:\/\/projets-solidaires.la-guilde.org\/#website","url":"https:\/\/projets-solidaires.la-guilde.org\/","name":"La Guilde Microproject","description":"","publisher":{"@id":"https:\/\/projets-solidaires.la-guilde.org\/#organization"},"potentialAction":[{"@type":"SearchAction","target":{"@type":"EntryPoint","urlTemplate":"https:\/\/projets-solidaires.la-guilde.org\/?s={search_term_string}"},"query-input":{"@type":"PropertyValueSpecification","valueRequired":true,"valueName":"search_term_string"}}],"inLanguage":"en-GB"},{"@type":"Organization","@id":"https:\/\/projets-solidaires.la-guilde.org\/#organization","name":"La Guilde Microproject","url":"https:\/\/projets-solidaires.la-guilde.org\/","logo":{"@type":"ImageObject","inLanguage":"en-GB","@id":"https:\/\/projets-solidaires.la-guilde.org\/#\/schema\/logo\/image\/","url":"https:\/\/projets-solidaires.la-guilde.org\/wp-content\/uploads\/2025\/05\/logo-la-guilde-projets-solidaires.png","contentUrl":"https:\/\/projets-solidaires.la-guilde.org\/wp-content\/uploads\/2025\/05\/logo-la-guilde-projets-solidaires.png","width":396,"height":201,"caption":"Microprojet La Guilde"},"image":{"@id":"https:\/\/projets-solidaires.la-guilde.org\/#\/schema\/logo\/image\/"}},{"@type":"Person","@id":"https:\/\/projets-solidaires.la-guilde.org\/#\/schema\/person\/421d0c9c85fe814021accae2818eaabe","name":"Angela Fontana","image":{"@type":"ImageObject","inLanguage":"en-GB","@id":"https:\/\/secure.gravatar.com\/avatar\/f8b4587bed7a67c9c6ae12dbdf373c0d20adf69e7a479cab64ef75bdb1800294?s=96&d=mm&r=g","url":"https:\/\/secure.gravatar.com\/avatar\/f8b4587bed7a67c9c6ae12dbdf373c0d20adf69e7a479cab64ef75bdb1800294?s=96&d=mm&r=g","contentUrl":"https:\/\/secure.gravatar.com\/avatar\/f8b4587bed7a67c9c6ae12dbdf373c0d20adf69e7a479cab64ef75bdb1800294?s=96&d=mm&r=g","caption":"Angela Fontana"}}]}},"publishpress_future_action":{"enabled":false,"date":"2026-05-06 11:23:54","action":"change-status","newStatus":"draft","terms":[],"taxonomy":"category","extraData":[]},"publishpress_future_workflow_manual_trigger":{"enabledWorkflows":[]},"_links":{"self":[{"href":"https:\/\/projets-solidaires.la-guilde.org\/en\/wp-json\/wp\/v2\/posts\/4638","targetHints":{"allow":["GET"]}}],"collection":[{"href":"https:\/\/projets-solidaires.la-guilde.org\/en\/wp-json\/wp\/v2\/posts"}],"about":[{"href":"https:\/\/projets-solidaires.la-guilde.org\/en\/wp-json\/wp\/v2\/types\/post"}],"author":[{"embeddable":true,"href":"https:\/\/projets-solidaires.la-guilde.org\/en\/wp-json\/wp\/v2\/users\/5"}],"replies":[{"embeddable":true,"href":"https:\/\/projets-solidaires.la-guilde.org\/en\/wp-json\/wp\/v2\/comments?post=4638"}],"version-history":[{"count":0,"href":"https:\/\/projets-solidaires.la-guilde.org\/en\/wp-json\/wp\/v2\/posts\/4638\/revisions"}],"wp:featuredmedia":[{"embeddable":true,"href":"https:\/\/projets-solidaires.la-guilde.org\/en\/wp-json\/wp\/v2\/media\/4642"}],"wp:attachment":[{"href":"https:\/\/projets-solidaires.la-guilde.org\/en\/wp-json\/wp\/v2\/media?parent=4638"}],"wp:term":[{"taxonomy":"category","embeddable":true,"href":"https:\/\/projets-solidaires.la-guilde.org\/en\/wp-json\/wp\/v2\/categories?post=4638"},{"taxonomy":"post_tag","embeddable":true,"href":"https:\/\/projets-solidaires.la-guilde.org\/en\/wp-json\/wp\/v2\/tags?post=4638"}],"curies":[{"name":"wp","href":"https:\/\/api.w.org\/{rel}","templated":true}]}}