{"id":4635,"date":"2025-11-20T14:16:00","date_gmt":"2025-11-20T14:16:00","guid":{"rendered":"https:\/\/projets-solidaires.la-guilde.org\/?p=4635"},"modified":"2025-12-27T16:37:28","modified_gmt":"2025-12-27T16:37:28","slug":"overseas-regional-cooperation-meets-with-stakeholders-involved-in-guadeloupe-and-martinique","status":"publish","type":"post","link":"https:\/\/projets-solidaires.la-guilde.org\/en\/overseas-regional-cooperation-meets-with-stakeholders-involved-in-guadeloupe-and-martinique\/","title":{"rendered":"Overseas regional cooperation: meeting with stakeholders involved in Guadeloupe and Martinique\u00a0"},"content":{"rendered":"<p><em>From November 17 to 21, 2025, a delegation of program partners <\/em><strong><em><strong>COREOOM<\/strong> \u2013 Regional Cooperation in Overseas Territories <\/em><\/strong><em>She traveled to Guadeloupe and Martinique to meet with the winning associations of the first call for projects, the local AFD agencies, and to exchange ideas with the stakeholders involved in and supporting regional cooperation. This highly informative mission confirmed the growing momentum of international solidarity in the French West Indies.&nbsp;<\/em>&nbsp;<\/p>\n\n\n\n<h2 class=\"wp-block-heading\"><strong>A delegation mobilized to listen, share and understand<\/strong>&nbsp;<\/h2>\n\n\n\n<p>Composed of representatives from the French Development Agency (AFD), the NGO La Guilde, and the Guadeloupe Multi-Stakeholder Regional Network Karib Horizon, the delegation alternated between bilateral and group meetings with a diverse range of stakeholders to review ongoing projects, understand the challenges encountered, and identify future prospects for the COR\u00c9OM program. A highlight of the trip was a &quot;cooperation breakfast&quot; organized in Fort-de-France by Karib Horizon, bringing together associations, local authorities, and institutions to discuss current issues related to cooperation across the Caribbean.&nbsp;&nbsp;&nbsp;<\/p>\n\n\n\n<figure class=\"wp-block-image size-large\"><img fetchpriority=\"high\" decoding=\"async\" width=\"1024\" height=\"677\" src=\"https:\/\/projets-solidaires.la-guilde.org\/wp-content\/uploads\/2025\/12\/shared-image-1024x677.jpg\" alt=\"\" class=\"wp-image-4709\" srcset=\"https:\/\/projets-solidaires.la-guilde.org\/wp-content\/uploads\/2025\/12\/shared-image-1024x677.jpg 1024w, https:\/\/projets-solidaires.la-guilde.org\/wp-content\/uploads\/2025\/12\/shared-image-300x198.jpg 300w, https:\/\/projets-solidaires.la-guilde.org\/wp-content\/uploads\/2025\/12\/shared-image-768x508.jpg 768w, https:\/\/projets-solidaires.la-guilde.org\/wp-content\/uploads\/2025\/12\/shared-image-1536x1015.jpg 1536w, https:\/\/projets-solidaires.la-guilde.org\/wp-content\/uploads\/2025\/12\/shared-image-18x12.jpg 18w, https:\/\/projets-solidaires.la-guilde.org\/wp-content\/uploads\/2025\/12\/shared-image.jpg 1920w\" sizes=\"(max-width: 1024px) 100vw, 1024px\" \/><\/figure>\n\n\n\n<p><em>St\u00e9phanie Gaymard with the participating associations at the cooperation breakfast - Martinique<\/em><\/p>\n\n\n\n<h2 class=\"wp-block-heading\"><strong>Projects rooted in the heart of the Caribbean<\/strong>&nbsp;<\/h2>\n\n\n\n<p>The meetings in Guadeloupe and Martinique* highlighted inspiring initiatives, driven by stakeholders deeply convinced of the value of regional cooperation. Their projects, addressing themes of regional interest\u2014preservation of intangible cultural heritage, environmental education, biodiversity protection, and raising awareness of gender issues\u2014concretely illustrate the potential of strengthened ties with neighboring countries.&nbsp;<\/p>\n\n\n\n<ul class=\"wp-block-list\">\n<li>ACP Environment (Guadeloupe) \u2013 Raising awareness among young people about Caribbean biodiversity&nbsp;<\/li>\n<\/ul>\n\n\n\n<p>With &quot;<em>Karibiodiv Dominica<\/em>&quot;, <strong>ACP-Environment<\/strong> (Guadeloupe) is mobilizing its experience in creating interactive educational tools and educational actions alongside its Dominican partners to develop a program to educate and raise awareness among young people about the richness of Caribbean biodiversity and the need to preserve fragile ecosystems in island contexts.&nbsp;<\/p>\n\n\n\n<ul class=\"wp-block-list\">\n<li>Zofi (Martinique) \u2013 Promoting intangible cultural heritage&nbsp;<\/li>\n<\/ul>\n\n\n\n<p>The project<em>An ban la m\u00e8: What binds us<\/em>\u00bbThis initiative generates inter-island dynamics between Martinique, Dominica, and Saint Lucia, based on training, artistic residencies, and professional exchanges. Led in partnership with Le labo des histoires and La Station Culturelle, it aims to facilitate access for young Caribbean artists and cultural professionals to training, dissemination, and development opportunities.\u00a0<\/p>\n\n\n\n<p><\/p>\n\n\n\n<ul class=\"wp-block-list\">\n<li>Caribbean Cetacean Society (Martinique) \u2013 Protecting cetaceans on a regional scale&nbsp;<\/li>\n<\/ul>\n\n\n\n<p>Through its multi-stakeholder approach, the CCS aims to strengthen knowledge and protection of cetaceans in the Caribbean, with the long-term ambition of creating a &quot;blue corridor&quot; for migration. Its project <em>Dolphin Pani Frontiers<\/em> proposes a comprehensive response combining scientific research, citizen awareness and support for institutions in setting up regional governance tools at the scale of the Lesser Antilles.&nbsp;&nbsp;<\/p>\n\n\n\n<ul class=\"wp-block-list\">\n<li>Konbit (Martinique) \u2013 Fighting against sexist and sexual violence through theatre&nbsp;&nbsp;<\/li>\n<\/ul>\n\n\n\n<p>Deployed in Saint Lucia, the project <em>X=Y Theater<\/em> It uses the Theatre of the Oppressed method as a lever for social transformation. With a next phase already planned in Dominica, the project ultimately aims to create a regional cooperation network to address issues of gender equality and gender-based violence.&nbsp;&nbsp;&nbsp;<\/p>\n\n\n\n<h2 class=\"wp-block-heading\"><strong>Support recognized as a major lever<\/strong>&nbsp;<\/h2>\n\n\n\n<p>The winning associations unanimously praised the individualized support offered by COR\u00c9OM, provided in the Atlantic Ocean region by the Emergence Carib\u00e9enne association. This support, mobilized both during project development and implementation, is seen as a genuine added value, complementing the financial assistance. The latter is further enhanced by the group training and facilitation activities offered in partnership with Karib Horizon, providing real opportunities for skills development open to all organizations wishing to engage in international solidarity.&nbsp;&nbsp;<\/p>\n\n\n\n<h2 class=\"wp-block-heading\"><strong>Dynamics of cooperation that offer promising prospects<\/strong>&nbsp;<\/h2>\n\n\n\n<p>The mission thus confirmed a strong trend: international cooperation is generating considerable interest in the Caribbean and attracting a growing number of actors. It also reiterated the Caribbean&#039;s fundamental capacity to connect local realities with global challenges. This message was echoed during the morning session. <em>Koz\u00e9ESS<\/em> organized by the CRESS of the Guadeloupe Islands, during which the COR\u00c9OM program was also presented. A promising dynamic that illustrates the potential of regional cooperation as a source of synergies, openness, and strengthened solidarity among Caribbean territories.&nbsp;&nbsp;<\/p>\n\n\n\n<p><em>* The F&#039;Kr\u00e9yol association, which is leading the &quot;Karakolor&quot; project and was in the field at the time of the mission, could not be contacted.\u00a0<\/em>\u00a0<\/p>","protected":false},"excerpt":{"rendered":"<p>Du 17 au 21 novembre 2025, une d\u00e9l\u00e9gation de partenaires du programme COR\u00c9OM \u2013 Coop\u00e9rations R\u00e9gionales des Outre-mers s\u2019est rendue en Guadeloupe et Martinique pour rencontrer les associations laur\u00e9ates du premier appel \u00e0 projets, les agences AFD locales et \u00e9changer avec les acteurs qui font et accompagnent la coop\u00e9ration r\u00e9gionale.&nbsp; Une mission riche en enseignements [&hellip;]<\/p>\n","protected":false},"author":5,"featured_media":4710,"comment_status":"closed","ping_status":"open","sticky":false,"template":"","format":"standard","meta":{"inline_featured_image":false,"footnotes":"[]"},"categories":[1014,1085],"tags":[1070,1076,1090,1028,1030,1039],"class_list":["post-4635","post","type-post","status-publish","format-standard","has-post-thumbnail","hentry","category-coreom","category-mission-terrain","tag-guadeloupe","tag-cooperation","tag-mission-terrain","tag-outre-mer","tag-coreom","tag-martinique"],"yoast_head":"<!-- This site is optimized with the Yoast SEO plugin v27.3 - https:\/\/yoast.com\/product\/yoast-seo-wordpress\/ -->\n<title>Coop\u00e9ration r\u00e9gionale\u202fultramarine : \u00e0 la rencontre des acteurs engag\u00e9s en Guadeloupe et Martinique\u00a0 - Microprojet La Guilde<\/title>\n<meta name=\"robots\" content=\"index, follow, max-snippet:-1, max-image-preview:large, max-video-preview:-1\" \/>\n<link rel=\"canonical\" href=\"https:\/\/projets-solidaires.la-guilde.org\/en\/overseas-regional-cooperation-meets-with-stakeholders-involved-in-guadeloupe-and-martinique\/\" \/>\n<script type=\"application\/ld+json\" class=\"yoast-schema-graph\">{\"@context\":\"https:\\\/\\\/schema.org\",\"@graph\":[{\"@type\":\"Article\",\"@id\":\"https:\\\/\\\/projets-solidaires.la-guilde.org\\\/cooperation-regionale-ultramarine-a-la-rencontre-des-acteurs-engages-en-guadeloupe-et-martinique\\\/#article\",\"isPartOf\":{\"@id\":\"https:\\\/\\\/projets-solidaires.la-guilde.org\\\/cooperation-regionale-ultramarine-a-la-rencontre-des-acteurs-engages-en-guadeloupe-et-martinique\\\/\"},\"author\":{\"name\":\"Angela Fontana\",\"@id\":\"https:\\\/\\\/projets-solidaires.la-guilde.org\\\/#\\\/schema\\\/person\\\/421d0c9c85fe814021accae2818eaabe\"},\"headline\":\"Coop\u00e9ration r\u00e9gionale\u202fultramarine : \u00e0 la rencontre des acteurs engag\u00e9s en Guadeloupe et Martinique\u00a0\",\"datePublished\":\"2025-11-20T14:16:00+00:00\",\"dateModified\":\"2025-12-27T16:37:28+00:00\",\"mainEntityOfPage\":{\"@id\":\"https:\\\/\\\/projets-solidaires.la-guilde.org\\\/cooperation-regionale-ultramarine-a-la-rencontre-des-acteurs-engages-en-guadeloupe-et-martinique\\\/\"},\"wordCount\":917,\"publisher\":{\"@id\":\"https:\\\/\\\/projets-solidaires.la-guilde.org\\\/#organization\"},\"image\":{\"@id\":\"https:\\\/\\\/projets-solidaires.la-guilde.org\\\/cooperation-regionale-ultramarine-a-la-rencontre-des-acteurs-engages-en-guadeloupe-et-martinique\\\/#primaryimage\"},\"thumbnailUrl\":\"https:\\\/\\\/projets-solidaires.la-guilde.org\\\/wp-content\\\/uploads\\\/2025\\\/12\\\/shared-image-1.jpg\",\"keywords\":[\"Guadeloupe\",\"coop\u00e9ration\",\"mission terrain\",\"Outre-mer\",\"COREOM\",\"Martinique\"],\"articleSection\":[\"Coreom\",\"mission terrain\"],\"inLanguage\":\"en-GB\"},{\"@type\":\"WebPage\",\"@id\":\"https:\\\/\\\/projets-solidaires.la-guilde.org\\\/cooperation-regionale-ultramarine-a-la-rencontre-des-acteurs-engages-en-guadeloupe-et-martinique\\\/\",\"url\":\"https:\\\/\\\/projets-solidaires.la-guilde.org\\\/cooperation-regionale-ultramarine-a-la-rencontre-des-acteurs-engages-en-guadeloupe-et-martinique\\\/\",\"name\":\"Coop\u00e9ration r\u00e9gionale\u202fultramarine : \u00e0 la rencontre des acteurs engag\u00e9s en Guadeloupe et Martinique\u00a0 - Microprojet La Guilde\",\"isPartOf\":{\"@id\":\"https:\\\/\\\/projets-solidaires.la-guilde.org\\\/#website\"},\"primaryImageOfPage\":{\"@id\":\"https:\\\/\\\/projets-solidaires.la-guilde.org\\\/cooperation-regionale-ultramarine-a-la-rencontre-des-acteurs-engages-en-guadeloupe-et-martinique\\\/#primaryimage\"},\"image\":{\"@id\":\"https:\\\/\\\/projets-solidaires.la-guilde.org\\\/cooperation-regionale-ultramarine-a-la-rencontre-des-acteurs-engages-en-guadeloupe-et-martinique\\\/#primaryimage\"},\"thumbnailUrl\":\"https:\\\/\\\/projets-solidaires.la-guilde.org\\\/wp-content\\\/uploads\\\/2025\\\/12\\\/shared-image-1.jpg\",\"datePublished\":\"2025-11-20T14:16:00+00:00\",\"dateModified\":\"2025-12-27T16:37:28+00:00\",\"breadcrumb\":{\"@id\":\"https:\\\/\\\/projets-solidaires.la-guilde.org\\\/cooperation-regionale-ultramarine-a-la-rencontre-des-acteurs-engages-en-guadeloupe-et-martinique\\\/#breadcrumb\"},\"inLanguage\":\"en-GB\",\"potentialAction\":[{\"@type\":\"ReadAction\",\"target\":[\"https:\\\/\\\/projets-solidaires.la-guilde.org\\\/cooperation-regionale-ultramarine-a-la-rencontre-des-acteurs-engages-en-guadeloupe-et-martinique\\\/\"]}]},{\"@type\":\"ImageObject\",\"inLanguage\":\"en-GB\",\"@id\":\"https:\\\/\\\/projets-solidaires.la-guilde.org\\\/cooperation-regionale-ultramarine-a-la-rencontre-des-acteurs-engages-en-guadeloupe-et-martinique\\\/#primaryimage\",\"url\":\"https:\\\/\\\/projets-solidaires.la-guilde.org\\\/wp-content\\\/uploads\\\/2025\\\/12\\\/shared-image-1.jpg\",\"contentUrl\":\"https:\\\/\\\/projets-solidaires.la-guilde.org\\\/wp-content\\\/uploads\\\/2025\\\/12\\\/shared-image-1.jpg\",\"width\":1920,\"height\":1111},{\"@type\":\"BreadcrumbList\",\"@id\":\"https:\\\/\\\/projets-solidaires.la-guilde.org\\\/cooperation-regionale-ultramarine-a-la-rencontre-des-acteurs-engages-en-guadeloupe-et-martinique\\\/#breadcrumb\",\"itemListElement\":[{\"@type\":\"ListItem\",\"position\":1,\"name\":\"Accueil\",\"item\":\"https:\\\/\\\/projets-solidaires.la-guilde.org\\\/\"},{\"@type\":\"ListItem\",\"position\":2,\"name\":\"Coop\u00e9ration r\u00e9gionale\u202fultramarine : \u00e0 la rencontre des acteurs engag\u00e9s en Guadeloupe et Martinique\u00a0\"}]},{\"@type\":\"WebSite\",\"@id\":\"https:\\\/\\\/projets-solidaires.la-guilde.org\\\/#website\",\"url\":\"https:\\\/\\\/projets-solidaires.la-guilde.org\\\/\",\"name\":\"Microprojet La Guilde\",\"description\":\"\",\"publisher\":{\"@id\":\"https:\\\/\\\/projets-solidaires.la-guilde.org\\\/#organization\"},\"potentialAction\":[{\"@type\":\"SearchAction\",\"target\":{\"@type\":\"EntryPoint\",\"urlTemplate\":\"https:\\\/\\\/projets-solidaires.la-guilde.org\\\/?s={search_term_string}\"},\"query-input\":{\"@type\":\"PropertyValueSpecification\",\"valueRequired\":true,\"valueName\":\"search_term_string\"}}],\"inLanguage\":\"en-GB\"},{\"@type\":\"Organization\",\"@id\":\"https:\\\/\\\/projets-solidaires.la-guilde.org\\\/#organization\",\"name\":\"Microprojet La Guilde\",\"url\":\"https:\\\/\\\/projets-solidaires.la-guilde.org\\\/\",\"logo\":{\"@type\":\"ImageObject\",\"inLanguage\":\"en-GB\",\"@id\":\"https:\\\/\\\/projets-solidaires.la-guilde.org\\\/#\\\/schema\\\/logo\\\/image\\\/\",\"url\":\"https:\\\/\\\/projets-solidaires.la-guilde.org\\\/wp-content\\\/uploads\\\/2025\\\/05\\\/logo-la-guilde-projets-solidaires.png\",\"contentUrl\":\"https:\\\/\\\/projets-solidaires.la-guilde.org\\\/wp-content\\\/uploads\\\/2025\\\/05\\\/logo-la-guilde-projets-solidaires.png\",\"width\":396,\"height\":201,\"caption\":\"Microprojet La Guilde\"},\"image\":{\"@id\":\"https:\\\/\\\/projets-solidaires.la-guilde.org\\\/#\\\/schema\\\/logo\\\/image\\\/\"}},{\"@type\":\"Person\",\"@id\":\"https:\\\/\\\/projets-solidaires.la-guilde.org\\\/#\\\/schema\\\/person\\\/421d0c9c85fe814021accae2818eaabe\",\"name\":\"Angela Fontana\",\"image\":{\"@type\":\"ImageObject\",\"inLanguage\":\"en-GB\",\"@id\":\"https:\\\/\\\/secure.gravatar.com\\\/avatar\\\/f8b4587bed7a67c9c6ae12dbdf373c0d20adf69e7a479cab64ef75bdb1800294?s=96&d=mm&r=g\",\"url\":\"https:\\\/\\\/secure.gravatar.com\\\/avatar\\\/f8b4587bed7a67c9c6ae12dbdf373c0d20adf69e7a479cab64ef75bdb1800294?s=96&d=mm&r=g\",\"contentUrl\":\"https:\\\/\\\/secure.gravatar.com\\\/avatar\\\/f8b4587bed7a67c9c6ae12dbdf373c0d20adf69e7a479cab64ef75bdb1800294?s=96&d=mm&r=g\",\"caption\":\"Angela Fontana\"}}]}<\/script>\n<!-- \/ Yoast SEO plugin. -->","yoast_head_json":{"title":"Overseas regional cooperation: meeting with stakeholders involved in Guadeloupe and Martinique - La Guilde micro-project","robots":{"index":"index","follow":"follow","max-snippet":"max-snippet:-1","max-image-preview":"max-image-preview:large","max-video-preview":"max-video-preview:-1"},"canonical":"https:\/\/projets-solidaires.la-guilde.org\/en\/overseas-regional-cooperation-meets-with-stakeholders-involved-in-guadeloupe-and-martinique\/","schema":{"@context":"https:\/\/schema.org","@graph":[{"@type":"Article","@id":"https:\/\/projets-solidaires.la-guilde.org\/cooperation-regionale-ultramarine-a-la-rencontre-des-acteurs-engages-en-guadeloupe-et-martinique\/#article","isPartOf":{"@id":"https:\/\/projets-solidaires.la-guilde.org\/cooperation-regionale-ultramarine-a-la-rencontre-des-acteurs-engages-en-guadeloupe-et-martinique\/"},"author":{"name":"Angela Fontana","@id":"https:\/\/projets-solidaires.la-guilde.org\/#\/schema\/person\/421d0c9c85fe814021accae2818eaabe"},"headline":"Coop\u00e9ration r\u00e9gionale\u202fultramarine : \u00e0 la rencontre des acteurs engag\u00e9s en Guadeloupe et Martinique\u00a0","datePublished":"2025-11-20T14:16:00+00:00","dateModified":"2025-12-27T16:37:28+00:00","mainEntityOfPage":{"@id":"https:\/\/projets-solidaires.la-guilde.org\/cooperation-regionale-ultramarine-a-la-rencontre-des-acteurs-engages-en-guadeloupe-et-martinique\/"},"wordCount":917,"publisher":{"@id":"https:\/\/projets-solidaires.la-guilde.org\/#organization"},"image":{"@id":"https:\/\/projets-solidaires.la-guilde.org\/cooperation-regionale-ultramarine-a-la-rencontre-des-acteurs-engages-en-guadeloupe-et-martinique\/#primaryimage"},"thumbnailUrl":"https:\/\/projets-solidaires.la-guilde.org\/wp-content\/uploads\/2025\/12\/shared-image-1.jpg","keywords":["Guadeloupe","coop\u00e9ration","mission terrain","Outre-mer","COREOM","Martinique"],"articleSection":["Coreom","mission terrain"],"inLanguage":"en-GB"},{"@type":"WebPage","@id":"https:\/\/projets-solidaires.la-guilde.org\/cooperation-regionale-ultramarine-a-la-rencontre-des-acteurs-engages-en-guadeloupe-et-martinique\/","url":"https:\/\/projets-solidaires.la-guilde.org\/cooperation-regionale-ultramarine-a-la-rencontre-des-acteurs-engages-en-guadeloupe-et-martinique\/","name":"Overseas regional cooperation: meeting with stakeholders involved in Guadeloupe and Martinique - La Guilde micro-project","isPartOf":{"@id":"https:\/\/projets-solidaires.la-guilde.org\/#website"},"primaryImageOfPage":{"@id":"https:\/\/projets-solidaires.la-guilde.org\/cooperation-regionale-ultramarine-a-la-rencontre-des-acteurs-engages-en-guadeloupe-et-martinique\/#primaryimage"},"image":{"@id":"https:\/\/projets-solidaires.la-guilde.org\/cooperation-regionale-ultramarine-a-la-rencontre-des-acteurs-engages-en-guadeloupe-et-martinique\/#primaryimage"},"thumbnailUrl":"https:\/\/projets-solidaires.la-guilde.org\/wp-content\/uploads\/2025\/12\/shared-image-1.jpg","datePublished":"2025-11-20T14:16:00+00:00","dateModified":"2025-12-27T16:37:28+00:00","breadcrumb":{"@id":"https:\/\/projets-solidaires.la-guilde.org\/cooperation-regionale-ultramarine-a-la-rencontre-des-acteurs-engages-en-guadeloupe-et-martinique\/#breadcrumb"},"inLanguage":"en-GB","potentialAction":[{"@type":"ReadAction","target":["https:\/\/projets-solidaires.la-guilde.org\/cooperation-regionale-ultramarine-a-la-rencontre-des-acteurs-engages-en-guadeloupe-et-martinique\/"]}]},{"@type":"ImageObject","inLanguage":"en-GB","@id":"https:\/\/projets-solidaires.la-guilde.org\/cooperation-regionale-ultramarine-a-la-rencontre-des-acteurs-engages-en-guadeloupe-et-martinique\/#primaryimage","url":"https:\/\/projets-solidaires.la-guilde.org\/wp-content\/uploads\/2025\/12\/shared-image-1.jpg","contentUrl":"https:\/\/projets-solidaires.la-guilde.org\/wp-content\/uploads\/2025\/12\/shared-image-1.jpg","width":1920,"height":1111},{"@type":"BreadcrumbList","@id":"https:\/\/projets-solidaires.la-guilde.org\/cooperation-regionale-ultramarine-a-la-rencontre-des-acteurs-engages-en-guadeloupe-et-martinique\/#breadcrumb","itemListElement":[{"@type":"ListItem","position":1,"name":"Accueil","item":"https:\/\/projets-solidaires.la-guilde.org\/"},{"@type":"ListItem","position":2,"name":"Coop\u00e9ration r\u00e9gionale\u202fultramarine : \u00e0 la rencontre des acteurs engag\u00e9s en Guadeloupe et Martinique\u00a0"}]},{"@type":"WebSite","@id":"https:\/\/projets-solidaires.la-guilde.org\/#website","url":"https:\/\/projets-solidaires.la-guilde.org\/","name":"La Guilde Microproject","description":"","publisher":{"@id":"https:\/\/projets-solidaires.la-guilde.org\/#organization"},"potentialAction":[{"@type":"SearchAction","target":{"@type":"EntryPoint","urlTemplate":"https:\/\/projets-solidaires.la-guilde.org\/?s={search_term_string}"},"query-input":{"@type":"PropertyValueSpecification","valueRequired":true,"valueName":"search_term_string"}}],"inLanguage":"en-GB"},{"@type":"Organization","@id":"https:\/\/projets-solidaires.la-guilde.org\/#organization","name":"La Guilde Microproject","url":"https:\/\/projets-solidaires.la-guilde.org\/","logo":{"@type":"ImageObject","inLanguage":"en-GB","@id":"https:\/\/projets-solidaires.la-guilde.org\/#\/schema\/logo\/image\/","url":"https:\/\/projets-solidaires.la-guilde.org\/wp-content\/uploads\/2025\/05\/logo-la-guilde-projets-solidaires.png","contentUrl":"https:\/\/projets-solidaires.la-guilde.org\/wp-content\/uploads\/2025\/05\/logo-la-guilde-projets-solidaires.png","width":396,"height":201,"caption":"Microprojet La Guilde"},"image":{"@id":"https:\/\/projets-solidaires.la-guilde.org\/#\/schema\/logo\/image\/"}},{"@type":"Person","@id":"https:\/\/projets-solidaires.la-guilde.org\/#\/schema\/person\/421d0c9c85fe814021accae2818eaabe","name":"Angela Fontana","image":{"@type":"ImageObject","inLanguage":"en-GB","@id":"https:\/\/secure.gravatar.com\/avatar\/f8b4587bed7a67c9c6ae12dbdf373c0d20adf69e7a479cab64ef75bdb1800294?s=96&d=mm&r=g","url":"https:\/\/secure.gravatar.com\/avatar\/f8b4587bed7a67c9c6ae12dbdf373c0d20adf69e7a479cab64ef75bdb1800294?s=96&d=mm&r=g","contentUrl":"https:\/\/secure.gravatar.com\/avatar\/f8b4587bed7a67c9c6ae12dbdf373c0d20adf69e7a479cab64ef75bdb1800294?s=96&d=mm&r=g","caption":"Angela Fontana"}}]}},"publishpress_future_action":{"enabled":false,"date":"2026-05-06 12:34:16","action":"change-status","newStatus":"draft","terms":[],"taxonomy":"category","extraData":[]},"publishpress_future_workflow_manual_trigger":{"enabledWorkflows":[]},"_links":{"self":[{"href":"https:\/\/projets-solidaires.la-guilde.org\/en\/wp-json\/wp\/v2\/posts\/4635","targetHints":{"allow":["GET"]}}],"collection":[{"href":"https:\/\/projets-solidaires.la-guilde.org\/en\/wp-json\/wp\/v2\/posts"}],"about":[{"href":"https:\/\/projets-solidaires.la-guilde.org\/en\/wp-json\/wp\/v2\/types\/post"}],"author":[{"embeddable":true,"href":"https:\/\/projets-solidaires.la-guilde.org\/en\/wp-json\/wp\/v2\/users\/5"}],"replies":[{"embeddable":true,"href":"https:\/\/projets-solidaires.la-guilde.org\/en\/wp-json\/wp\/v2\/comments?post=4635"}],"version-history":[{"count":0,"href":"https:\/\/projets-solidaires.la-guilde.org\/en\/wp-json\/wp\/v2\/posts\/4635\/revisions"}],"wp:featuredmedia":[{"embeddable":true,"href":"https:\/\/projets-solidaires.la-guilde.org\/en\/wp-json\/wp\/v2\/media\/4710"}],"wp:attachment":[{"href":"https:\/\/projets-solidaires.la-guilde.org\/en\/wp-json\/wp\/v2\/media?parent=4635"}],"wp:term":[{"taxonomy":"category","embeddable":true,"href":"https:\/\/projets-solidaires.la-guilde.org\/en\/wp-json\/wp\/v2\/categories?post=4635"},{"taxonomy":"post_tag","embeddable":true,"href":"https:\/\/projets-solidaires.la-guilde.org\/en\/wp-json\/wp\/v2\/tags?post=4635"}],"curies":[{"name":"wp","href":"https:\/\/api.w.org\/{rel}","templated":true}]}}