{"id":453,"date":"2024-05-06T20:49:53","date_gmt":"2024-05-06T20:49:53","guid":{"rendered":"https:\/\/preprod.projets-solidaires.la-guilde.org\/?p=453"},"modified":"2025-09-17T08:34:17","modified_gmt":"2025-09-17T08:34:17","slug":"call-for-projects-autumn-2025","status":"publish","type":"post","link":"https:\/\/projets-solidaires.la-guilde.org\/en\/call-for-projects-autumn-2025\/","title":{"rendered":"Call for projects Armenia 2024"},"content":{"rendered":"<p><strong>The Guild, through its Microprojects division, is launching, with the support of the French Development Agency, a call for microdevelopment projects, specifically for Armenia following the arrival of more than 100,000 displaced people from Artsakh in Armenia.<\/strong>&nbsp;<\/p>\n\n\n\n<p class=\"has-text-align-left\"><strong> This system makes it possible to offer endowments ranging from<\/strong> <strong>up to \u20ac12,500.<\/strong><\/p>\n\n\n\n<p><em>Thanks to the government&#039;s mobilization and the surge of solidarity from Armenian civil society, the displaced people of Nagorno-Karabakh were able to benefit from shelter and emergency food aid.<\/em>&nbsp;<em>It is now necessary to give these populations the opportunity to remain on Armenian territory and to provide development aid aimed at the integration and inclusion of displaced persons from Nagorno-Karabakh as well as support for the Armenian population.<\/em><\/p>\n\n\n\n<p><\/p>\n\n\n\n<div class=\"wp-block-buttons is-layout-flex wp-block-buttons-is-layout-flex\">\n<div class=\"wp-block-button has-custom-width wp-block-button__width-50 is-style-fill\"><a class=\"wp-block-button__link has-white-color has-text-color has-background wp-element-button\" href=\"https:\/\/www.portailsolidaire.org\/projets\/login\" style=\"background-color:#14414f\" target=\"_blank\" rel=\"noreferrer noopener\">Log in to your space<\/a><\/div>\n\n\n\n<div class=\"wp-block-button has-custom-width wp-block-button__width-50 is-style-fill\"><a class=\"wp-block-button__link has-white-color has-text-color has-background wp-element-button\" href=\"https:\/\/www.portailsolidaire.org\/wp-content\/uploads\/2023\/12\/Reglement-Financements-Armenie-2024-1-1.pdf\" style=\"background-color:#14414f\" target=\"_blank\" rel=\"noreferrer noopener\">Consult the rules of the call for projects<\/a><\/div>\n\n\n\n<div class=\"wp-block-button has-custom-width wp-block-button__width-100 is-style-fill\"><a class=\"wp-block-button__link has-white-color has-text-color has-background wp-element-button\" href=\"mailto:armenie2024@la-guilde.org\" style=\"background-color:#f97660\" target=\"_blank\" rel=\"noreferrer noopener\">Contact us!<\/a><\/div>\n<\/div>\n\n\n\n<div style=\"height:29px\" aria-hidden=\"true\" class=\"wp-block-spacer\"><\/div>\n\n\n\n<p class=\"has-text-align-center\"><em>Don&#039;t wait until the last week to contact us, we are here to support you!<\/em><\/p>\n\n\n\n<hr class=\"wp-block-separator has-css-opacity\"\/>\n\n\n\n<h3 class=\"wp-block-heading\">Calendar<\/h3>\n\n\n\n<ul class=\"wp-block-list\">\n<li>Launch of the call for projects:\u00a0<strong>January 8, 2024<\/strong><\/li>\n\n\n\n<li>Closing of the call for projects<strong> : February 28, 2024<\/strong><\/li>\n<\/ul>\n\n\n\n<hr class=\"wp-block-separator has-css-opacity\"\/>\n\n\n\n<h3 class=\"wp-block-heading\">Context<\/h3>\n\n\n\n<p class=\"has-text-align-left\">Following the arrival of more than 100,000 displaced people from Artsakh in Armenia, La Guilde, whose Microprojects division organizes calls for projects intended to encourage initiatives by international solidarity associations through support and funding, has decided to launch a specific call for microprojects for Armenia. In order to give these populations the opportunity to remain on Armenian territory and to provide development assistance aimed at the integration and inclusion of displaced people from Nagorno-Karabakh as well as support for the Armenian population. This call for projects is funded by the French Development Agency (AFD).&nbsp;<\/p>\n\n\n\n<hr class=\"wp-block-separator has-css-opacity\"\/>\n\n\n\n<h3 class=\"wp-block-heading\">Funding<\/h3>\n\n\n\n<p>The grants awarded can range from&nbsp;<strong>\u20ac3,000 to \u20ac12,500<\/strong>&nbsp;per project.<\/p>\n\n\n\n<p><\/p>\n\n\n\n<p><\/p>\n\n\n\n<p><strong>For actions<\/strong> \u202f<strong>related to the integration and insertion of displaced persons from Nagorno-Karabakh in Armenia:<\/strong><\/p>\n\n\n\n<p>\u2013  <span style=\"font-size: revert;\">support for the reception of displaced persons from Nagorno-Karabakh,<\/span><\/p>\n\n\n\n<p>\u2013 revival and development of income-generating activities,<\/p>\n\n\n\n<p> \u2013 training for professional integration, <\/p>\n\n\n\n<p> \u2013 capacity building of organizations (training, hosting Civic Service volunteers and International Solidarity Volunteers),<\/p>\n\n\n\n<p> \u2013 promotion of agriculture, food production and support for smallholders <\/p>\n\n\n\n<hr class=\"wp-block-separator has-css-opacity\"\/>\n\n\n\n<h3 class=\"wp-block-heading\">Eligibility criteria<\/h3>\n\n\n\n<h4 class=\"wp-block-heading\"><span style=\"background-color:rgba(0, 0, 0, 0)\" class=\"has-inline-color has-black-color\">Eligible organizations<\/span><\/h4>\n\n\n\n<ul class=\"wp-block-list\">\n<li>Being an association under the 1901 law <strong>under French law<\/strong> (annual resources equal to or less than EUR 200,000 in 2023),<\/li>\n\n\n\n<li>OR an association <strong>of Armenian law<\/strong>(annual resources equal to or less than EUR 500,000 in 2023),<\/li>\n\n\n\n<li>Have more than 2 years of seniority on the closing date of the session,\u00a0<\/li>\n\n\n\n<li>have a legal existence and their own accounting (for regional branches of national structures),\u00a0<\/li>\n\n\n\n<li>not to intervene within the framework of decentralized cooperation (twinning committees are not eligible).\u00a0<\/li>\n<\/ul>\n\n\n\n<h4 class=\"wp-block-heading\">The project<\/h4>\n\n\n\n<p>Projects eligible for Armenia 2024 grants must meet the following criteria:&nbsp;&nbsp;<\/p>\n\n\n\n<ul class=\"wp-block-list\">\n<li>to be carried out in Armenia. <em>Projects in France are not eligible.\u00a0<\/em>\u00a0<\/li>\n\n\n\n<li>have an implementation period of between 12 and 18 months (including monitoring and evaluation phases)\u00a0<\/li>\n\n\n\n<li>present future activities and not past or current ones (if activities have already taken place in the past, they should be summarized in the historical section of the project). Expenses will be eligible from the closing date of the call for projects, for associations having the possibility of initiating expenses from their own funds.\u00a0\u00a0<\/li>\n\n\n\n<li>concern actions linked to the integration and insertion of displaced persons from Nagorno-Karabakh in Armenia and to the support of the impacted Armenian population<\/li>\n<\/ul>\n\n\n\n<p><\/p>\n\n\n\n<p><span style=\"background-color:rgba(0, 0, 0, 0)\" class=\"has-inline-color has-black-color\"><strong>Eligible expenses are those related to:<\/strong> <\/span> <\/p>\n\n\n\n<ul class=\"wp-block-list\">\n<li>construction (subject to real financial autonomy),\u00a0<\/li>\n\n\n\n<li>the equipment,\u00a0\u00a0<\/li>\n\n\n\n<li>capacity building (training &amp; support),\u00a0\u00a0<\/li>\n\n\n\n<li>monitoring\/evaluation.\u00a0<\/li>\n<\/ul>\n\n\n\n<h4 class=\"wp-block-heading has-text-color\" style=\"color:#f97660\"><span style=\"background-color:rgba(0, 0, 0, 0)\" class=\"has-inline-color has-black-color\">Are not eligible<\/span><\/h4>\n\n\n\n<p>Expenses <strong>not eligible<\/strong> are those related:&nbsp;<\/p>\n\n\n\n<ul class=\"wp-block-list\">\n<li>to expenses already incurred\u00a0\u00a0<\/li>\n\n\n\n<li>to expenses dedicated entirely to local salaries or other operating costs\u00a0<\/li>\n\n\n\n<li>to salaries in France\u00a0<\/li>\n\n\n\n<li>to equipment purchased in France\u00a0<\/li>\n\n\n\n<li>to the transport of equipment from France\u00a0\u00a0<\/li>\n\n\n\n<li>international travel (tickets, visa, vaccinations, etc.) and local travel (rental of a means of transport, accommodation, food, etc.) of the French association\u00a0<\/li>\n<\/ul>\n\n\n\n<p><strong>These ineligible expenses can nevertheless be mentioned in the project budget to be consistent with the narrative, but they must be covered by another donor or by the association&#039;s own funds.&nbsp;<\/strong><\/p>\n\n\n\n<p><\/p>\n\n\n\n<p><strong>Projects that have already received direct or indirect funding from:<\/strong><\/p>\n\n\n\n<ul class=\"wp-block-list\">\n<li>Financial arrangements of the French Embassies,<\/li>\n\n\n\n<li>Youth, International Solidarity \/ City, Life, Vacation-International Solidarity (JSI\/VVV-SI) schemes,<\/li>\n\n\n\n<li>Fonjep,<\/li>\n\n\n\n<li>Funds from the International Organization of the Francophonie from the MEAE.<\/li>\n<\/ul>\n\n\n\n<p><strong>\u2013 from the French Development Agency (AFD) \u2013 non-exhaustive list:&nbsp;<\/strong>&nbsp;<\/p>\n\n\n\n<ul class=\"wp-block-list\">\n<li>Forum of International Solidarity Organizations from Migration (FORIM) in particular via the Support Program for Projects of International Solidarity Organizations from Immigration (PRA\/OSIM),<\/li>\n\n\n\n<li>Small Initiatives Programme of the International Union for Conservation of Nature (IUCN),<\/li>\n\n\n\n<li>Family Farming Promotion Scheme in West Africa of the French Committee for International Solidarity (CFSI).<\/li>\n<\/ul>\n\n\n\n<hr class=\"wp-block-separator has-css-opacity is-style-default\"\/>\n\n\n\n<h3 class=\"wp-block-heading\">Selection criteria<\/h3>\n\n\n\n<p><strong>Particular attention will be paid to the following aspects:<\/strong><\/p>\n\n\n\n<ul class=\"wp-block-list\">\n<li>the relevance of the project<\/li>\n\n\n\n<li>Local anchoring<\/li>\n\n\n\n<li>The sustainability of the project: the project can continue, expand, be reproduced, it becomes autonomous in the medium term...\u00a0<\/li>\n\n\n\n<li>Proportionality between expenditure and expected results\u00a0<\/li>\n\n\n\n<li>The ability to measure changes<\/li>\n\n\n\n<li>Involvement of beneficiaries throughout the project\u00a0<\/li>\n\n\n\n<li>Taking into account the cross-cutting themes of Gender, Youth and Environment.\u00a0\u00a0<\/li>\n\n\n\n<li>The mobilization of volunteers (International Solidarity Volunteers and International Civic Service) is encouraged.\u00a0<\/li>\n\n\n\n<li>Promotions that highlight local civic engagement and that of the French association are encouraged.\u00a0<\/li>\n<\/ul>\n\n\n\n<hr class=\"wp-block-separator has-css-opacity\"\/>\n\n\n\n<p class=\"has-text-align-center\"><strong>Funding applications are made exclusively online on the<a href=\"https:\/\/www.portailsolidaire.org\/projets\/login\" target=\"_blank\" rel=\"noreferrer noopener\"> Solidarity Portal<\/a>. To support you, we invite you to consult the tutorial <a href=\"https:\/\/www.portailsolidaire.org\/wp-content\/uploads\/2023\/12\/Tutoriel-creation-espace-Structure-Armenie-2024-1-1.pdf\" target=\"_blank\" rel=\"noreferrer noopener\">Create your Structure space<\/a> and the <a href=\"https:\/\/www.portailsolidaire.org\/wp-content\/uploads\/2023\/12\/Tutoriel-depot-projet-Armenie-2024-1.pdf\" target=\"_blank\" rel=\"noreferrer noopener\">deposit tutorial<\/a> attached file.<\/strong><\/p>\n\n\n\n<p class=\"has-text-align-center has-text-color\" style=\"color:#f97660\"><strong>Do not hesitate to contact La Guilde if you have any questions or if you would like support in your process.<\/strong><\/p>\n\n\n\n<div class=\"wp-block-buttons is-layout-flex wp-block-buttons-is-layout-flex\">\n<div class=\"wp-block-button has-custom-width wp-block-button__width-50 is-style-fill\"><a class=\"wp-block-button__link has-white-color has-text-color has-background wp-element-button\" href=\"https:\/\/www.portailsolidaire.org\/projets\/login\" style=\"background-color:#14414f\" target=\"_blank\" rel=\"noreferrer noopener\">Log in to your space and apply<\/a><\/div>\n\n\n\n<div class=\"wp-block-button has-custom-width wp-block-button__width-50 is-style-fill\"><a class=\"wp-block-button__link has-white-color has-text-color has-background wp-element-button\" href=\"https:\/\/www.portailsolidaire.org\/wp-content\/uploads\/2023\/12\/Reglement-Financements-Armenie-2024-1-1.pdf\" style=\"background-color:#14414f\" target=\"_blank\" rel=\"noreferrer noopener\">Consult the rules of the call for projects<\/a><\/div>\n\n\n\n<div class=\"wp-block-button has-custom-width wp-block-button__width-100 is-style-fill\"><a class=\"wp-block-button__link has-white-color has-text-color has-background wp-element-button\" href=\"mailto:armenie2024@la-guilde.org\" style=\"background-color:#f97660\" target=\"_blank\" rel=\"noreferrer noopener\">Contact us!<\/a><\/div>\n<\/div>\n\n\n\n<p><\/p>\n\n\n\n<p><\/p>","protected":false},"excerpt":{"rendered":"<p>In support of the French Development Agency, a call for micro-development projects, specific to Armenia following the arrival of more than 100,000 displaced people from Artsakh in Armenia.\u00a0<\/p>","protected":false},"author":1,"featured_media":1596,"comment_status":"open","ping_status":"open","sticky":false,"template":"","format":"standard","meta":{"inline_featured_image":false,"footnotes":""},"categories":[50],"tags":[],"class_list":["post-453","post","type-post","status-publish","format-standard","has-post-thumbnail","hentry","category-appel-a-projet"],"yoast_head":"<!-- This site is optimized with the Yoast SEO plugin v27.3 - https:\/\/yoast.com\/product\/yoast-seo-wordpress\/ -->\n<title>Appel \u00e0 projets Arm\u00e9nie 2024 - Microprojet La Guilde<\/title>\n<meta name=\"description\" content=\"En soutien\u00a0de l\u2019AFD un appel \u00e0 microprojets de d\u00e9veloppement, sp\u00e9cifique pour l\u2019Arm\u00e9nie suite \u00e0 l\u2019arriv\u00e9e de plus de 100 000 d\u00e9plac\u00e9s de Artsakh en Arm\u00e9nie\" \/>\n<meta name=\"robots\" content=\"index, follow, max-snippet:-1, max-image-preview:large, max-video-preview:-1\" \/>\n<link rel=\"canonical\" href=\"https:\/\/projets-solidaires.la-guilde.org\/en\/call-for-projects-autumn-2025\/\" \/>\n<script type=\"application\/ld+json\" class=\"yoast-schema-graph\">{\"@context\":\"https:\\\/\\\/schema.org\",\"@graph\":[{\"@type\":\"Article\",\"@id\":\"https:\\\/\\\/projets-solidaires.la-guilde.org\\\/appel-a-projets-automne-2025\\\/#article\",\"isPartOf\":{\"@id\":\"https:\\\/\\\/projets-solidaires.la-guilde.org\\\/appel-a-projets-automne-2025\\\/\"},\"author\":{\"name\":\"antoinewpcontrol\",\"@id\":\"https:\\\/\\\/projets-solidaires.la-guilde.org\\\/#\\\/schema\\\/person\\\/e03c8e38e88c0df9c070f93eee40aaa2\"},\"headline\":\"Appel \u00e0 projets Arm\u00e9nie 2024\",\"datePublished\":\"2024-05-06T20:49:53+00:00\",\"dateModified\":\"2025-09-17T08:34:17+00:00\",\"mainEntityOfPage\":{\"@id\":\"https:\\\/\\\/projets-solidaires.la-guilde.org\\\/appel-a-projets-automne-2025\\\/\"},\"wordCount\":1101,\"commentCount\":0,\"publisher\":{\"@id\":\"https:\\\/\\\/projets-solidaires.la-guilde.org\\\/#organization\"},\"image\":{\"@id\":\"https:\\\/\\\/projets-solidaires.la-guilde.org\\\/appel-a-projets-automne-2025\\\/#primaryimage\"},\"thumbnailUrl\":\"https:\\\/\\\/projets-solidaires.la-guilde.org\\\/wp-content\\\/uploads\\\/2025\\\/05\\\/MDDSC2834-3-scaled-1.jpeg\",\"articleSection\":[\"Appel \u00e0 projets\"],\"inLanguage\":\"en-GB\",\"potentialAction\":[{\"@type\":\"CommentAction\",\"name\":\"Comment\",\"target\":[\"https:\\\/\\\/projets-solidaires.la-guilde.org\\\/appel-a-projets-automne-2025\\\/#respond\"]}]},{\"@type\":\"WebPage\",\"@id\":\"https:\\\/\\\/projets-solidaires.la-guilde.org\\\/appel-a-projets-automne-2025\\\/\",\"url\":\"https:\\\/\\\/projets-solidaires.la-guilde.org\\\/appel-a-projets-automne-2025\\\/\",\"name\":\"Appel \u00e0 projets Arm\u00e9nie 2024 - Microprojet La Guilde\",\"isPartOf\":{\"@id\":\"https:\\\/\\\/projets-solidaires.la-guilde.org\\\/#website\"},\"primaryImageOfPage\":{\"@id\":\"https:\\\/\\\/projets-solidaires.la-guilde.org\\\/appel-a-projets-automne-2025\\\/#primaryimage\"},\"image\":{\"@id\":\"https:\\\/\\\/projets-solidaires.la-guilde.org\\\/appel-a-projets-automne-2025\\\/#primaryimage\"},\"thumbnailUrl\":\"https:\\\/\\\/projets-solidaires.la-guilde.org\\\/wp-content\\\/uploads\\\/2025\\\/05\\\/MDDSC2834-3-scaled-1.jpeg\",\"datePublished\":\"2024-05-06T20:49:53+00:00\",\"dateModified\":\"2025-09-17T08:34:17+00:00\",\"description\":\"En soutien\u00a0de l\u2019AFD un appel \u00e0 microprojets de d\u00e9veloppement, sp\u00e9cifique pour l\u2019Arm\u00e9nie suite \u00e0 l\u2019arriv\u00e9e de plus de 100 000 d\u00e9plac\u00e9s de Artsakh en Arm\u00e9nie\",\"breadcrumb\":{\"@id\":\"https:\\\/\\\/projets-solidaires.la-guilde.org\\\/appel-a-projets-automne-2025\\\/#breadcrumb\"},\"inLanguage\":\"en-GB\",\"potentialAction\":[{\"@type\":\"ReadAction\",\"target\":[\"https:\\\/\\\/projets-solidaires.la-guilde.org\\\/appel-a-projets-automne-2025\\\/\"]}]},{\"@type\":\"ImageObject\",\"inLanguage\":\"en-GB\",\"@id\":\"https:\\\/\\\/projets-solidaires.la-guilde.org\\\/appel-a-projets-automne-2025\\\/#primaryimage\",\"url\":\"https:\\\/\\\/projets-solidaires.la-guilde.org\\\/wp-content\\\/uploads\\\/2025\\\/05\\\/MDDSC2834-3-scaled-1.jpeg\",\"contentUrl\":\"https:\\\/\\\/projets-solidaires.la-guilde.org\\\/wp-content\\\/uploads\\\/2025\\\/05\\\/MDDSC2834-3-scaled-1.jpeg\",\"width\":1920,\"height\":1275},{\"@type\":\"BreadcrumbList\",\"@id\":\"https:\\\/\\\/projets-solidaires.la-guilde.org\\\/appel-a-projets-automne-2025\\\/#breadcrumb\",\"itemListElement\":[{\"@type\":\"ListItem\",\"position\":1,\"name\":\"Accueil\",\"item\":\"https:\\\/\\\/projets-solidaires.la-guilde.org\\\/\"},{\"@type\":\"ListItem\",\"position\":2,\"name\":\"Appel \u00e0 projets Arm\u00e9nie 2024\"}]},{\"@type\":\"WebSite\",\"@id\":\"https:\\\/\\\/projets-solidaires.la-guilde.org\\\/#website\",\"url\":\"https:\\\/\\\/projets-solidaires.la-guilde.org\\\/\",\"name\":\"Microprojet La Guilde\",\"description\":\"\",\"publisher\":{\"@id\":\"https:\\\/\\\/projets-solidaires.la-guilde.org\\\/#organization\"},\"potentialAction\":[{\"@type\":\"SearchAction\",\"target\":{\"@type\":\"EntryPoint\",\"urlTemplate\":\"https:\\\/\\\/projets-solidaires.la-guilde.org\\\/?s={search_term_string}\"},\"query-input\":{\"@type\":\"PropertyValueSpecification\",\"valueRequired\":true,\"valueName\":\"search_term_string\"}}],\"inLanguage\":\"en-GB\"},{\"@type\":\"Organization\",\"@id\":\"https:\\\/\\\/projets-solidaires.la-guilde.org\\\/#organization\",\"name\":\"Microprojet La Guilde\",\"url\":\"https:\\\/\\\/projets-solidaires.la-guilde.org\\\/\",\"logo\":{\"@type\":\"ImageObject\",\"inLanguage\":\"en-GB\",\"@id\":\"https:\\\/\\\/projets-solidaires.la-guilde.org\\\/#\\\/schema\\\/logo\\\/image\\\/\",\"url\":\"https:\\\/\\\/projets-solidaires.la-guilde.org\\\/wp-content\\\/uploads\\\/2025\\\/05\\\/logo-la-guilde-projets-solidaires.png\",\"contentUrl\":\"https:\\\/\\\/projets-solidaires.la-guilde.org\\\/wp-content\\\/uploads\\\/2025\\\/05\\\/logo-la-guilde-projets-solidaires.png\",\"width\":396,\"height\":201,\"caption\":\"Microprojet La Guilde\"},\"image\":{\"@id\":\"https:\\\/\\\/projets-solidaires.la-guilde.org\\\/#\\\/schema\\\/logo\\\/image\\\/\"}},{\"@type\":\"Person\",\"@id\":\"https:\\\/\\\/projets-solidaires.la-guilde.org\\\/#\\\/schema\\\/person\\\/e03c8e38e88c0df9c070f93eee40aaa2\",\"name\":\"antoinewpcontrol\",\"image\":{\"@type\":\"ImageObject\",\"inLanguage\":\"en-GB\",\"@id\":\"https:\\\/\\\/secure.gravatar.com\\\/avatar\\\/960594c814bb3d66d45ddf67d6e55bf34f5631ce800a6bd67254afd91bdf1bfd?s=96&d=mm&r=g\",\"url\":\"https:\\\/\\\/secure.gravatar.com\\\/avatar\\\/960594c814bb3d66d45ddf67d6e55bf34f5631ce800a6bd67254afd91bdf1bfd?s=96&d=mm&r=g\",\"contentUrl\":\"https:\\\/\\\/secure.gravatar.com\\\/avatar\\\/960594c814bb3d66d45ddf67d6e55bf34f5631ce800a6bd67254afd91bdf1bfd?s=96&d=mm&r=g\",\"caption\":\"antoinewpcontrol\"},\"sameAs\":[\"https:\\\/\\\/preprod.projets-solidaires.la-guilde.org\"]}]}<\/script>\n<!-- \/ Yoast SEO plugin. -->","yoast_head_json":{"title":"Call for projects Armenia 2024 - La Guilde microproject","description":"In support of the AFD, a call for micro-development projects, specific to Armenia following the arrival of more than 100,000 displaced people from Artsakh in Armenia","robots":{"index":"index","follow":"follow","max-snippet":"max-snippet:-1","max-image-preview":"max-image-preview:large","max-video-preview":"max-video-preview:-1"},"canonical":"https:\/\/projets-solidaires.la-guilde.org\/en\/call-for-projects-autumn-2025\/","schema":{"@context":"https:\/\/schema.org","@graph":[{"@type":"Article","@id":"https:\/\/projets-solidaires.la-guilde.org\/appel-a-projets-automne-2025\/#article","isPartOf":{"@id":"https:\/\/projets-solidaires.la-guilde.org\/appel-a-projets-automne-2025\/"},"author":{"name":"antoinewpcontrol","@id":"https:\/\/projets-solidaires.la-guilde.org\/#\/schema\/person\/e03c8e38e88c0df9c070f93eee40aaa2"},"headline":"Appel \u00e0 projets Arm\u00e9nie 2024","datePublished":"2024-05-06T20:49:53+00:00","dateModified":"2025-09-17T08:34:17+00:00","mainEntityOfPage":{"@id":"https:\/\/projets-solidaires.la-guilde.org\/appel-a-projets-automne-2025\/"},"wordCount":1101,"commentCount":0,"publisher":{"@id":"https:\/\/projets-solidaires.la-guilde.org\/#organization"},"image":{"@id":"https:\/\/projets-solidaires.la-guilde.org\/appel-a-projets-automne-2025\/#primaryimage"},"thumbnailUrl":"https:\/\/projets-solidaires.la-guilde.org\/wp-content\/uploads\/2025\/05\/MDDSC2834-3-scaled-1.jpeg","articleSection":["Appel \u00e0 projets"],"inLanguage":"en-GB","potentialAction":[{"@type":"CommentAction","name":"Comment","target":["https:\/\/projets-solidaires.la-guilde.org\/appel-a-projets-automne-2025\/#respond"]}]},{"@type":"WebPage","@id":"https:\/\/projets-solidaires.la-guilde.org\/appel-a-projets-automne-2025\/","url":"https:\/\/projets-solidaires.la-guilde.org\/appel-a-projets-automne-2025\/","name":"Call for projects Armenia 2024 - La Guilde microproject","isPartOf":{"@id":"https:\/\/projets-solidaires.la-guilde.org\/#website"},"primaryImageOfPage":{"@id":"https:\/\/projets-solidaires.la-guilde.org\/appel-a-projets-automne-2025\/#primaryimage"},"image":{"@id":"https:\/\/projets-solidaires.la-guilde.org\/appel-a-projets-automne-2025\/#primaryimage"},"thumbnailUrl":"https:\/\/projets-solidaires.la-guilde.org\/wp-content\/uploads\/2025\/05\/MDDSC2834-3-scaled-1.jpeg","datePublished":"2024-05-06T20:49:53+00:00","dateModified":"2025-09-17T08:34:17+00:00","description":"In support of the AFD, a call for micro-development projects, specific to Armenia following the arrival of more than 100,000 displaced people from Artsakh in Armenia","breadcrumb":{"@id":"https:\/\/projets-solidaires.la-guilde.org\/appel-a-projets-automne-2025\/#breadcrumb"},"inLanguage":"en-GB","potentialAction":[{"@type":"ReadAction","target":["https:\/\/projets-solidaires.la-guilde.org\/appel-a-projets-automne-2025\/"]}]},{"@type":"ImageObject","inLanguage":"en-GB","@id":"https:\/\/projets-solidaires.la-guilde.org\/appel-a-projets-automne-2025\/#primaryimage","url":"https:\/\/projets-solidaires.la-guilde.org\/wp-content\/uploads\/2025\/05\/MDDSC2834-3-scaled-1.jpeg","contentUrl":"https:\/\/projets-solidaires.la-guilde.org\/wp-content\/uploads\/2025\/05\/MDDSC2834-3-scaled-1.jpeg","width":1920,"height":1275},{"@type":"BreadcrumbList","@id":"https:\/\/projets-solidaires.la-guilde.org\/appel-a-projets-automne-2025\/#breadcrumb","itemListElement":[{"@type":"ListItem","position":1,"name":"Accueil","item":"https:\/\/projets-solidaires.la-guilde.org\/"},{"@type":"ListItem","position":2,"name":"Appel \u00e0 projets Arm\u00e9nie 2024"}]},{"@type":"WebSite","@id":"https:\/\/projets-solidaires.la-guilde.org\/#website","url":"https:\/\/projets-solidaires.la-guilde.org\/","name":"La Guilde Microproject","description":"","publisher":{"@id":"https:\/\/projets-solidaires.la-guilde.org\/#organization"},"potentialAction":[{"@type":"SearchAction","target":{"@type":"EntryPoint","urlTemplate":"https:\/\/projets-solidaires.la-guilde.org\/?s={search_term_string}"},"query-input":{"@type":"PropertyValueSpecification","valueRequired":true,"valueName":"search_term_string"}}],"inLanguage":"en-GB"},{"@type":"Organization","@id":"https:\/\/projets-solidaires.la-guilde.org\/#organization","name":"La Guilde Microproject","url":"https:\/\/projets-solidaires.la-guilde.org\/","logo":{"@type":"ImageObject","inLanguage":"en-GB","@id":"https:\/\/projets-solidaires.la-guilde.org\/#\/schema\/logo\/image\/","url":"https:\/\/projets-solidaires.la-guilde.org\/wp-content\/uploads\/2025\/05\/logo-la-guilde-projets-solidaires.png","contentUrl":"https:\/\/projets-solidaires.la-guilde.org\/wp-content\/uploads\/2025\/05\/logo-la-guilde-projets-solidaires.png","width":396,"height":201,"caption":"Microprojet La Guilde"},"image":{"@id":"https:\/\/projets-solidaires.la-guilde.org\/#\/schema\/logo\/image\/"}},{"@type":"Person","@id":"https:\/\/projets-solidaires.la-guilde.org\/#\/schema\/person\/e03c8e38e88c0df9c070f93eee40aaa2","name":"antoinewpcontrol","image":{"@type":"ImageObject","inLanguage":"en-GB","@id":"https:\/\/secure.gravatar.com\/avatar\/960594c814bb3d66d45ddf67d6e55bf34f5631ce800a6bd67254afd91bdf1bfd?s=96&d=mm&r=g","url":"https:\/\/secure.gravatar.com\/avatar\/960594c814bb3d66d45ddf67d6e55bf34f5631ce800a6bd67254afd91bdf1bfd?s=96&d=mm&r=g","contentUrl":"https:\/\/secure.gravatar.com\/avatar\/960594c814bb3d66d45ddf67d6e55bf34f5631ce800a6bd67254afd91bdf1bfd?s=96&d=mm&r=g","caption":"antoinewpcontrol"},"sameAs":["https:\/\/preprod.projets-solidaires.la-guilde.org"]}]}},"publishpress_future_action":{"enabled":false,"date":"2026-05-06 11:22:58","action":"change-status","newStatus":"draft","terms":[],"taxonomy":"category","extraData":[]},"publishpress_future_workflow_manual_trigger":{"enabledWorkflows":[]},"_links":{"self":[{"href":"https:\/\/projets-solidaires.la-guilde.org\/en\/wp-json\/wp\/v2\/posts\/453","targetHints":{"allow":["GET"]}}],"collection":[{"href":"https:\/\/projets-solidaires.la-guilde.org\/en\/wp-json\/wp\/v2\/posts"}],"about":[{"href":"https:\/\/projets-solidaires.la-guilde.org\/en\/wp-json\/wp\/v2\/types\/post"}],"author":[{"embeddable":true,"href":"https:\/\/projets-solidaires.la-guilde.org\/en\/wp-json\/wp\/v2\/users\/1"}],"replies":[{"embeddable":true,"href":"https:\/\/projets-solidaires.la-guilde.org\/en\/wp-json\/wp\/v2\/comments?post=453"}],"version-history":[{"count":0,"href":"https:\/\/projets-solidaires.la-guilde.org\/en\/wp-json\/wp\/v2\/posts\/453\/revisions"}],"wp:featuredmedia":[{"embeddable":true,"href":"https:\/\/projets-solidaires.la-guilde.org\/en\/wp-json\/wp\/v2\/media\/1596"}],"wp:attachment":[{"href":"https:\/\/projets-solidaires.la-guilde.org\/en\/wp-json\/wp\/v2\/media?parent=453"}],"wp:term":[{"taxonomy":"category","embeddable":true,"href":"https:\/\/projets-solidaires.la-guilde.org\/en\/wp-json\/wp\/v2\/categories?post=453"},{"taxonomy":"post_tag","embeddable":true,"href":"https:\/\/projets-solidaires.la-guilde.org\/en\/wp-json\/wp\/v2\/tags?post=453"}],"curies":[{"name":"wp","href":"https:\/\/api.w.org\/{rel}","templated":true}]}}