{"id":4273,"date":"2025-09-29T09:07:49","date_gmt":"2025-09-29T09:07:49","guid":{"rendered":"https:\/\/projets-solidaires.la-guilde.org\/?p=4273"},"modified":"2026-02-02T09:36:00","modified_gmt":"2026-02-02T09:36:00","slug":"inspire-the-empowerment-of-women-solinfo-les-flamboyants-and-lajvci-in-ivory-coast","status":"publish","type":"post","link":"https:\/\/projets-solidaires.la-guilde.org\/en\/inspire-the-empowerment-of-women-solinfo-les-flamboyants-and-lajvci-in-ivory-coast\/","title":{"rendered":"Inspiring women&#039;s empowerment: Solinfo, Les Flamboyants and AJVCI in Ivory Coast."},"content":{"rendered":"\n<p><em style=\"font-weight: bold;\">Tout au long du mois de mars, en c\u00e9l\u00e9bration de la Journ\u00e9e internationale des droits des femmes, le p\u00f4le Microprojets de La Guilde souhaite mettre en lumi\u00e8re les associations partenaires qui impulsent des initiatives visant \u00e0 renforcer l&rsquo;autonomisation des femmes et \u00e0 promouvoir une meilleure \u00e9galit\u00e9 <\/em><strong><em>entre tous. Pour amorcer cette s\u00e9rie, nous avons choisi de pr\u00e9senter le projet men\u00e9 entre l\u2019association fran\u00e7aise SOLINFO et deux ONG ivoiriennes\u202f: les Flamboyants et l\u2019AJVCI.<\/em><\/strong>&nbsp;<\/p>\n\n\n\n<figure class=\"wp-block-image aligncenter size-full\"><img decoding=\"async\" src=\"https:\/\/la-guilde.org\/wp-content\/uploads\/2024\/03\/alphacouture_RCI_feki_jacques-Krako_les-flamboyants_02-2023-1.jpg\" alt=\"\" class=\"wp-image-8399\"\/><\/figure>\n\n\n\n<p><\/p>\n\n\n\n<p><strong>Nous avons men\u00e9 un entretien avec Edouard, pr\u00e9sident de SOLINFO, Jack, directeur des Flamboyants et diff\u00e9rentes participantes de l\u2019initiative Alpha Couture. Ce microprojet, financ\u00e9 par La Guilde en 2021 s\u2019est d\u00e9roul\u00e9 dans une zone tr\u00e8s sensible au Nord de la C\u00f4te d\u2019Ivoire, \u00e0 la fronti\u00e8re avec le Burkina Faso et le Mali\u202f. Ils racontent :<\/strong> <em>\u00ab\u202f Nous nous trouvons \u00e0 la zone frontali\u00e8re o\u00f9, malheureusement, il y a beaucoup d&rsquo;\u00e9conomie informelle parce que les fronti\u00e8res sont poreuses. Il y a beaucoup de dangers li\u00e9s \u00e0 la pauvret\u00e9 surtout concernant les jeunes filles. Cette \u00e9conomie informelle provoque des \u00e9changes \u00e9conomiques ill\u00e9gaux dont la plus grande trace est l&rsquo;orpaillage clandestin. Elle provoque aussi des dangers li\u00e9s \u00e0 la prostitution, au travail des jeunes filles exploit\u00e9es par les orpailleurs ainsi que par diff\u00e9rents syst\u00e8mes quasi-mafieux qui peuvent exister entre ces fronti\u00e8res. Les Flamboyants et  l&rsquo;Association des Jeunes Visionnaires de la C\u00f4te d&rsquo;Ivoire (AJVCI) se sont mobilis\u00e9s pour promouvoir une solution qui consiste \u00e0 d&rsquo;une part \u00e9lever le niveau du fran\u00e7ais, c&rsquo;est-\u00e0-dire alphab\u00e9tiser les jeunes filles et femmes<\/em> <em>et d&rsquo;autre part leur apprendre un m\u00e9tier, la couture, qui vise \u00e0 l&rsquo;autonomie des jeunes filles. C&rsquo;est un test grandeur nature que nous avons men\u00e9 lors d&rsquo;une premi\u00e8re \u00e9dition\u202f\u00bb.&nbsp;&nbsp;<\/em><\/p>\n\n\n\n<p><strong>28 jeunes femmes de Doropo et Kanakono ont pu b\u00e9n\u00e9ficier de formations d\u2019alphab\u00e9tisation et de couture\u202f:<\/strong> <em>\u00ab\u202fLe matin, nous avions les cours d\u2019alphab\u00e9tisation et le soir, ceux de couture. On a aussi eu des machines pour apprendre la technique\u202f\u00bb.<\/em> <strong>De plus, certaines d\u2019entre elles sont devenues \u00e0 leur tour encadrantes en couture pour les promotions suivantes\u202f: <\/strong><em>\u00ab\u202fJe suis devenue monitrice. Je suis tr\u00e8s contente d\u2019encadrer les filles qui participent au projet Alpha Couture \u202f\u00bb<\/em>.<\/p>\n\n\n\n<figure class=\"wp-block-image aligncenter size-full\"><img decoding=\"async\" src=\"https:\/\/la-guilde.org\/wp-content\/uploads\/2024\/03\/photo-KNK-2.jpg\" alt=\"\" class=\"wp-image-8384\"\/><\/figure>\n\n\n\n<p><\/p>\n\n\n\n<p><strong>Gr\u00e2ce \u00e0 cette initiative, de nombreux r\u00e9sultats positifs ont \u00e9t\u00e9 observ\u00e9s, principalement au regard de la lutte contre la pauvret\u00e9, les mariages pr\u00e9coces, la coh\u00e9sion sociale et communautaire, et plus largement sur une meilleure insertion socio-professionnelle des femmes :<\/strong> <em>\u00ab \u202fAu long terme, le premier impact, c&rsquo;est la lutte contre la pauvret\u00e9. On aura sorti au moins 80% de ces 14 filles de la pauvret\u00e9. Nous sommes r\u00e9ellement dans une zone avec un syst\u00e8me d\u2019orpaillage, avec une prostitution tr\u00e8s pr\u00e9sente. Avant ce programme, elles pouvaient s\u2019adonner \u00e0 ces activit\u00e9s illicites. Aujourd&rsquo;hui, elles ont appris un bagage en terme de m\u00e9tier qui va permettre une certaine assurance sociale pour la suite.<\/em><\/p>\n\n\n\n<p><em>Il faut dire que notre objectif est atteint au niveau aussi du mariage pr\u00e9coce. Les filles \u00e0 partir d\u2019un certain \u00e2ge sont consid\u00e9r\u00e9es comme adulte et vu les principes culturels, elles sont mari\u00e9es plus souvent et plus facilement. [\u2026] A ce sujet, au cours de la premi\u00e8re promotion, nous nous sommes confront\u00e9s \u00e0 des difficult\u00e9s douloureuses : une jeune fille s&rsquo;est mari\u00e9e, avec de conseils de contraception pour lui \u00e9viter de tomber enceinte. Pourtant, 8 mois apr\u00e8s, elle est s&rsquo;est retrouv\u00e9e enceinte. \u00c7a a \u00e9t\u00e9 vraiment douloureux pour nous.&nbsp;<\/em><\/p>\n\n\n\n<p><em>Nous avons aussi eu un soutien de la communaut\u00e9 parce que nous avons d\u00e9velopp\u00e9, \u00e0 une p\u00e9riode donn\u00e9e, des cantines, pour pouvoir laisser les jeunes filles avoir \u00e0 manger le midi. C&rsquo;est dans ces cantines que la communaut\u00e9, elle-m\u00eame, a apport\u00e9 soit un peu d\u2019igname, de riz, ou d&rsquo;huile pour soutenir cette formation. Pour nous, c\u2019\u00e9tait tr\u00e8s important. Cela prouvait le soutien des parents autour de ce projet et \u00e7a nous a tous vraiment aid\u00e9.&nbsp;<\/em><\/p>\n\n\n\n<p><em>Aujourd&rsquo;hui, ces 14 jeunes filles ont cr\u00e9\u00e9 un cadre de vie communautaire alors qu&rsquo;elles ne se connaissaient presque pas \u00e0 l&rsquo;origine. D&rsquo;autres jeunes filles viennent des villages environnants et sont ici \u00e0 ce jour. Cela cr\u00e9\u00e9 un ensemble, une v\u00e9ritable force. En un mot, \u00e7a renforce les liens\u202fde coh\u00e9sion sociale au niveau de la communaut\u00e9\u202f\u00bb.&nbsp;<\/em><\/p>\n\n\n\n<figure class=\"wp-block-image aligncenter size-full\"><img decoding=\"async\" src=\"https:\/\/la-guilde.org\/wp-content\/uploads\/2024\/03\/alphacouture_RCI_kanakono_remise-diplome_2_02-2023-1.jpg\" alt=\"\" class=\"wp-image-8385\"\/><\/figure>\n\n\n\n<p><\/p>\n\n\n\n<p><strong>A travers ce projet, l\u2019association Les Flamboyants a \u00e9t\u00e9 r\u00e9compens\u00e9 du Prix du meilleur promoteur de d\u00e9veloppement communautaire par le pr\u00e9sident de la R\u00e9publique de C\u00f4te d\u2019Ivoire, en 2023 :<em>&nbsp;<\/em><\/strong><em> \u00ab Doropo, c&rsquo;est \u00e0 650 km d\u2019Abidjan o\u00f9 nous sommes enclav\u00e9s. Nous \u00e9tions loin d&rsquo;Abidjan. Mais il a fallu qu\u2019\u00e0 travers ce petit projet-l\u00e0, r\u00e9ellement, les autorit\u00e9s locales, d&rsquo;abord, reconnaissent nos efforts. Nous avons \u00e9t\u00e9 rep\u00e9r\u00e9s comme la meilleure organisation au plan r\u00e9gional. Et on a poursuivi au plan national, o\u00f9 nous sommes sortis vainqueur recevant le Prix du Meilleur Promoteur de D\u00e9veloppement Communautaire, d\u00e9cern\u00e9 par le chef de l&rsquo;\u00c9tat, le 11 septembre 2023. Pour nous, c\u2019est vraiment l&rsquo;apoth\u00e9ose. Pour nous, c&rsquo;est vraiment la reconnaissance de tout ce qui a \u00e9t\u00e9 fait, que ce sont des projets qui ne sont pas connus des autres mais \u00e0 travers ces activit\u00e9s, aujourd\u2019hui, nous avons \u00e9t\u00e9 reconnus par notre \u00c9tat, par le chef d&rsquo;\u00c9tat, par la R\u00e9publique de C\u00f4te d&rsquo;Ivoire\u202f\u00bb.&nbsp;<\/em><\/p>\n\n\n\n<p><strong>Jack, pr\u00e9sident de l\u2019association Les Flamboyants conclut :<em>&nbsp;<\/em><\/strong><em><strong> <\/strong>\u00ab\u202f14 filles, ce n\u2019est pas grand-chose face \u00e0 des centaines de filles qui ont des besoins. On dirait que c&rsquo;est une goutte d\u2019eau dans la mer, mais nous pensons que les gouttes d&rsquo;eau, quand elles tombent goutte par goutte, elles sont capables de percer les rochers\u202f\u00bb.&nbsp;<\/em><\/p>\n","protected":false},"excerpt":{"rendered":"<p>Tout au long du mois de mars, en c\u00e9l\u00e9bration de la Journ\u00e9e internationale des droits des femmes, le p\u00f4le Microprojets de La Guilde souhaite mettre en lumi\u00e8re les associations partenaires qui impulsent des initiatives visant \u00e0 renforcer l&rsquo;autonomisation des femmes et \u00e0 promouvoir une meilleure \u00e9galit\u00e9 entre tous. Pour amorcer cette s\u00e9rie, nous avons choisi [&hellip;]<\/p>\n","protected":false},"author":2,"featured_media":4274,"comment_status":"open","ping_status":"open","sticky":false,"template":"","format":"standard","meta":{"inline_featured_image":false,"footnotes":""},"categories":[1,1006],"tags":[300,1100],"class_list":["post-4273","post","type-post","status-publish","format-standard","has-post-thumbnail","hentry","category-blog","category-laureat","tag-formation","tag-genre"],"yoast_head":"<!-- This site is optimized with the Yoast SEO plugin v27.3 - https:\/\/yoast.com\/product\/yoast-seo-wordpress\/ -->\n<title>Inspirer l&#039;autonomisation des femmes : Solinfo, Les Flamboyants et l&#039;AJVCI en C\u00f4te d&#039;Ivoire. - Microprojet La Guilde<\/title>\n<meta name=\"robots\" content=\"index, follow, max-snippet:-1, max-image-preview:large, max-video-preview:-1\" \/>\n<link rel=\"canonical\" href=\"https:\/\/projets-solidaires.la-guilde.org\/en\/inspire-the-empowerment-of-women-solinfo-les-flamboyants-and-lajvci-in-ivory-coast\/\" \/>\n<script type=\"application\/ld+json\" class=\"yoast-schema-graph\">{\"@context\":\"https:\\\/\\\/schema.org\",\"@graph\":[{\"@type\":\"Article\",\"@id\":\"https:\\\/\\\/projets-solidaires.la-guilde.org\\\/inspirer-lautonomisation-des-femmes-solinfo-les-flamboyants-et-lajvci-en-cote-divoire\\\/#article\",\"isPartOf\":{\"@id\":\"https:\\\/\\\/projets-solidaires.la-guilde.org\\\/inspirer-lautonomisation-des-femmes-solinfo-les-flamboyants-et-lajvci-en-cote-divoire\\\/\"},\"author\":{\"name\":\"laguildemp\",\"@id\":\"https:\\\/\\\/projets-solidaires.la-guilde.org\\\/#\\\/schema\\\/person\\\/a1a7a8ab88783bd8e6164de7ec14b181\"},\"headline\":\"Inspirer l&rsquo;autonomisation des femmes : Solinfo, Les Flamboyants et l&rsquo;AJVCI en C\u00f4te d&rsquo;Ivoire.\",\"datePublished\":\"2025-09-29T09:07:49+00:00\",\"dateModified\":\"2026-02-02T09:36:00+00:00\",\"mainEntityOfPage\":{\"@id\":\"https:\\\/\\\/projets-solidaires.la-guilde.org\\\/inspirer-lautonomisation-des-femmes-solinfo-les-flamboyants-et-lajvci-en-cote-divoire\\\/\"},\"wordCount\":1009,\"commentCount\":0,\"publisher\":{\"@id\":\"https:\\\/\\\/projets-solidaires.la-guilde.org\\\/#organization\"},\"image\":{\"@id\":\"https:\\\/\\\/projets-solidaires.la-guilde.org\\\/inspirer-lautonomisation-des-femmes-solinfo-les-flamboyants-et-lajvci-en-cote-divoire\\\/#primaryimage\"},\"thumbnailUrl\":\"https:\\\/\\\/projets-solidaires.la-guilde.org\\\/wp-content\\\/uploads\\\/2025\\\/09\\\/IMG-20240312-WA0002.jpg\",\"keywords\":[\"Formation\",\"Genre\"],\"articleSection\":[\"Blog\",\"Laur\u00e9at\"],\"inLanguage\":\"en-GB\",\"potentialAction\":[{\"@type\":\"CommentAction\",\"name\":\"Comment\",\"target\":[\"https:\\\/\\\/projets-solidaires.la-guilde.org\\\/inspirer-lautonomisation-des-femmes-solinfo-les-flamboyants-et-lajvci-en-cote-divoire\\\/#respond\"]}]},{\"@type\":\"WebPage\",\"@id\":\"https:\\\/\\\/projets-solidaires.la-guilde.org\\\/inspirer-lautonomisation-des-femmes-solinfo-les-flamboyants-et-lajvci-en-cote-divoire\\\/\",\"url\":\"https:\\\/\\\/projets-solidaires.la-guilde.org\\\/inspirer-lautonomisation-des-femmes-solinfo-les-flamboyants-et-lajvci-en-cote-divoire\\\/\",\"name\":\"Inspirer l'autonomisation des femmes : Solinfo, Les Flamboyants et l'AJVCI en C\u00f4te d'Ivoire. - Microprojet La Guilde\",\"isPartOf\":{\"@id\":\"https:\\\/\\\/projets-solidaires.la-guilde.org\\\/#website\"},\"primaryImageOfPage\":{\"@id\":\"https:\\\/\\\/projets-solidaires.la-guilde.org\\\/inspirer-lautonomisation-des-femmes-solinfo-les-flamboyants-et-lajvci-en-cote-divoire\\\/#primaryimage\"},\"image\":{\"@id\":\"https:\\\/\\\/projets-solidaires.la-guilde.org\\\/inspirer-lautonomisation-des-femmes-solinfo-les-flamboyants-et-lajvci-en-cote-divoire\\\/#primaryimage\"},\"thumbnailUrl\":\"https:\\\/\\\/projets-solidaires.la-guilde.org\\\/wp-content\\\/uploads\\\/2025\\\/09\\\/IMG-20240312-WA0002.jpg\",\"datePublished\":\"2025-09-29T09:07:49+00:00\",\"dateModified\":\"2026-02-02T09:36:00+00:00\",\"breadcrumb\":{\"@id\":\"https:\\\/\\\/projets-solidaires.la-guilde.org\\\/inspirer-lautonomisation-des-femmes-solinfo-les-flamboyants-et-lajvci-en-cote-divoire\\\/#breadcrumb\"},\"inLanguage\":\"en-GB\",\"potentialAction\":[{\"@type\":\"ReadAction\",\"target\":[\"https:\\\/\\\/projets-solidaires.la-guilde.org\\\/inspirer-lautonomisation-des-femmes-solinfo-les-flamboyants-et-lajvci-en-cote-divoire\\\/\"]}]},{\"@type\":\"ImageObject\",\"inLanguage\":\"en-GB\",\"@id\":\"https:\\\/\\\/projets-solidaires.la-guilde.org\\\/inspirer-lautonomisation-des-femmes-solinfo-les-flamboyants-et-lajvci-en-cote-divoire\\\/#primaryimage\",\"url\":\"https:\\\/\\\/projets-solidaires.la-guilde.org\\\/wp-content\\\/uploads\\\/2025\\\/09\\\/IMG-20240312-WA0002.jpg\",\"contentUrl\":\"https:\\\/\\\/projets-solidaires.la-guilde.org\\\/wp-content\\\/uploads\\\/2025\\\/09\\\/IMG-20240312-WA0002.jpg\",\"width\":1600,\"height\":1200},{\"@type\":\"BreadcrumbList\",\"@id\":\"https:\\\/\\\/projets-solidaires.la-guilde.org\\\/inspirer-lautonomisation-des-femmes-solinfo-les-flamboyants-et-lajvci-en-cote-divoire\\\/#breadcrumb\",\"itemListElement\":[{\"@type\":\"ListItem\",\"position\":1,\"name\":\"Accueil\",\"item\":\"https:\\\/\\\/projets-solidaires.la-guilde.org\\\/\"},{\"@type\":\"ListItem\",\"position\":2,\"name\":\"Inspirer l&#8217;autonomisation des femmes : Solinfo, Les Flamboyants et l&#8217;AJVCI en C\u00f4te d&#8217;Ivoire.\"}]},{\"@type\":\"WebSite\",\"@id\":\"https:\\\/\\\/projets-solidaires.la-guilde.org\\\/#website\",\"url\":\"https:\\\/\\\/projets-solidaires.la-guilde.org\\\/\",\"name\":\"Microprojet La Guilde\",\"description\":\"\",\"publisher\":{\"@id\":\"https:\\\/\\\/projets-solidaires.la-guilde.org\\\/#organization\"},\"potentialAction\":[{\"@type\":\"SearchAction\",\"target\":{\"@type\":\"EntryPoint\",\"urlTemplate\":\"https:\\\/\\\/projets-solidaires.la-guilde.org\\\/?s={search_term_string}\"},\"query-input\":{\"@type\":\"PropertyValueSpecification\",\"valueRequired\":true,\"valueName\":\"search_term_string\"}}],\"inLanguage\":\"en-GB\"},{\"@type\":\"Organization\",\"@id\":\"https:\\\/\\\/projets-solidaires.la-guilde.org\\\/#organization\",\"name\":\"Microprojet La Guilde\",\"url\":\"https:\\\/\\\/projets-solidaires.la-guilde.org\\\/\",\"logo\":{\"@type\":\"ImageObject\",\"inLanguage\":\"en-GB\",\"@id\":\"https:\\\/\\\/projets-solidaires.la-guilde.org\\\/#\\\/schema\\\/logo\\\/image\\\/\",\"url\":\"https:\\\/\\\/projets-solidaires.la-guilde.org\\\/wp-content\\\/uploads\\\/2025\\\/05\\\/logo-la-guilde-projets-solidaires.png\",\"contentUrl\":\"https:\\\/\\\/projets-solidaires.la-guilde.org\\\/wp-content\\\/uploads\\\/2025\\\/05\\\/logo-la-guilde-projets-solidaires.png\",\"width\":396,\"height\":201,\"caption\":\"Microprojet La Guilde\"},\"image\":{\"@id\":\"https:\\\/\\\/projets-solidaires.la-guilde.org\\\/#\\\/schema\\\/logo\\\/image\\\/\"}},{\"@type\":\"Person\",\"@id\":\"https:\\\/\\\/projets-solidaires.la-guilde.org\\\/#\\\/schema\\\/person\\\/a1a7a8ab88783bd8e6164de7ec14b181\",\"name\":\"laguildemp\",\"image\":{\"@type\":\"ImageObject\",\"inLanguage\":\"en-GB\",\"@id\":\"https:\\\/\\\/secure.gravatar.com\\\/avatar\\\/5eb82fca917987808543c70328e7339a1c500ba9d2f9f1dd27a9e2e0f5b7c041?s=96&d=mm&r=g\",\"url\":\"https:\\\/\\\/secure.gravatar.com\\\/avatar\\\/5eb82fca917987808543c70328e7339a1c500ba9d2f9f1dd27a9e2e0f5b7c041?s=96&d=mm&r=g\",\"contentUrl\":\"https:\\\/\\\/secure.gravatar.com\\\/avatar\\\/5eb82fca917987808543c70328e7339a1c500ba9d2f9f1dd27a9e2e0f5b7c041?s=96&d=mm&r=g\",\"caption\":\"laguildemp\"}}]}<\/script>\n<!-- \/ Yoast SEO plugin. -->","yoast_head_json":{"title":"Inspiring Women&#039;s Empowerment: Solinfo, Les Flamboyants and AJVCI in Ivory Coast. - La Guilde Microproject","robots":{"index":"index","follow":"follow","max-snippet":"max-snippet:-1","max-image-preview":"max-image-preview:large","max-video-preview":"max-video-preview:-1"},"canonical":"https:\/\/projets-solidaires.la-guilde.org\/en\/inspire-the-empowerment-of-women-solinfo-les-flamboyants-and-lajvci-in-ivory-coast\/","schema":{"@context":"https:\/\/schema.org","@graph":[{"@type":"Article","@id":"https:\/\/projets-solidaires.la-guilde.org\/inspirer-lautonomisation-des-femmes-solinfo-les-flamboyants-et-lajvci-en-cote-divoire\/#article","isPartOf":{"@id":"https:\/\/projets-solidaires.la-guilde.org\/inspirer-lautonomisation-des-femmes-solinfo-les-flamboyants-et-lajvci-en-cote-divoire\/"},"author":{"name":"laguildemp","@id":"https:\/\/projets-solidaires.la-guilde.org\/#\/schema\/person\/a1a7a8ab88783bd8e6164de7ec14b181"},"headline":"Inspirer l&rsquo;autonomisation des femmes : Solinfo, Les Flamboyants et l&rsquo;AJVCI en C\u00f4te d&rsquo;Ivoire.","datePublished":"2025-09-29T09:07:49+00:00","dateModified":"2026-02-02T09:36:00+00:00","mainEntityOfPage":{"@id":"https:\/\/projets-solidaires.la-guilde.org\/inspirer-lautonomisation-des-femmes-solinfo-les-flamboyants-et-lajvci-en-cote-divoire\/"},"wordCount":1009,"commentCount":0,"publisher":{"@id":"https:\/\/projets-solidaires.la-guilde.org\/#organization"},"image":{"@id":"https:\/\/projets-solidaires.la-guilde.org\/inspirer-lautonomisation-des-femmes-solinfo-les-flamboyants-et-lajvci-en-cote-divoire\/#primaryimage"},"thumbnailUrl":"https:\/\/projets-solidaires.la-guilde.org\/wp-content\/uploads\/2025\/09\/IMG-20240312-WA0002.jpg","keywords":["Formation","Genre"],"articleSection":["Blog","Laur\u00e9at"],"inLanguage":"en-GB","potentialAction":[{"@type":"CommentAction","name":"Comment","target":["https:\/\/projets-solidaires.la-guilde.org\/inspirer-lautonomisation-des-femmes-solinfo-les-flamboyants-et-lajvci-en-cote-divoire\/#respond"]}]},{"@type":"WebPage","@id":"https:\/\/projets-solidaires.la-guilde.org\/inspirer-lautonomisation-des-femmes-solinfo-les-flamboyants-et-lajvci-en-cote-divoire\/","url":"https:\/\/projets-solidaires.la-guilde.org\/inspirer-lautonomisation-des-femmes-solinfo-les-flamboyants-et-lajvci-en-cote-divoire\/","name":"Inspiring Women&#039;s Empowerment: Solinfo, Les Flamboyants and AJVCI in Ivory Coast. - La Guilde Microproject","isPartOf":{"@id":"https:\/\/projets-solidaires.la-guilde.org\/#website"},"primaryImageOfPage":{"@id":"https:\/\/projets-solidaires.la-guilde.org\/inspirer-lautonomisation-des-femmes-solinfo-les-flamboyants-et-lajvci-en-cote-divoire\/#primaryimage"},"image":{"@id":"https:\/\/projets-solidaires.la-guilde.org\/inspirer-lautonomisation-des-femmes-solinfo-les-flamboyants-et-lajvci-en-cote-divoire\/#primaryimage"},"thumbnailUrl":"https:\/\/projets-solidaires.la-guilde.org\/wp-content\/uploads\/2025\/09\/IMG-20240312-WA0002.jpg","datePublished":"2025-09-29T09:07:49+00:00","dateModified":"2026-02-02T09:36:00+00:00","breadcrumb":{"@id":"https:\/\/projets-solidaires.la-guilde.org\/inspirer-lautonomisation-des-femmes-solinfo-les-flamboyants-et-lajvci-en-cote-divoire\/#breadcrumb"},"inLanguage":"en-GB","potentialAction":[{"@type":"ReadAction","target":["https:\/\/projets-solidaires.la-guilde.org\/inspirer-lautonomisation-des-femmes-solinfo-les-flamboyants-et-lajvci-en-cote-divoire\/"]}]},{"@type":"ImageObject","inLanguage":"en-GB","@id":"https:\/\/projets-solidaires.la-guilde.org\/inspirer-lautonomisation-des-femmes-solinfo-les-flamboyants-et-lajvci-en-cote-divoire\/#primaryimage","url":"https:\/\/projets-solidaires.la-guilde.org\/wp-content\/uploads\/2025\/09\/IMG-20240312-WA0002.jpg","contentUrl":"https:\/\/projets-solidaires.la-guilde.org\/wp-content\/uploads\/2025\/09\/IMG-20240312-WA0002.jpg","width":1600,"height":1200},{"@type":"BreadcrumbList","@id":"https:\/\/projets-solidaires.la-guilde.org\/inspirer-lautonomisation-des-femmes-solinfo-les-flamboyants-et-lajvci-en-cote-divoire\/#breadcrumb","itemListElement":[{"@type":"ListItem","position":1,"name":"Accueil","item":"https:\/\/projets-solidaires.la-guilde.org\/"},{"@type":"ListItem","position":2,"name":"Inspirer l&#8217;autonomisation des femmes : Solinfo, Les Flamboyants et l&#8217;AJVCI en C\u00f4te d&#8217;Ivoire."}]},{"@type":"WebSite","@id":"https:\/\/projets-solidaires.la-guilde.org\/#website","url":"https:\/\/projets-solidaires.la-guilde.org\/","name":"La Guilde Microproject","description":"","publisher":{"@id":"https:\/\/projets-solidaires.la-guilde.org\/#organization"},"potentialAction":[{"@type":"SearchAction","target":{"@type":"EntryPoint","urlTemplate":"https:\/\/projets-solidaires.la-guilde.org\/?s={search_term_string}"},"query-input":{"@type":"PropertyValueSpecification","valueRequired":true,"valueName":"search_term_string"}}],"inLanguage":"en-GB"},{"@type":"Organization","@id":"https:\/\/projets-solidaires.la-guilde.org\/#organization","name":"La Guilde Microproject","url":"https:\/\/projets-solidaires.la-guilde.org\/","logo":{"@type":"ImageObject","inLanguage":"en-GB","@id":"https:\/\/projets-solidaires.la-guilde.org\/#\/schema\/logo\/image\/","url":"https:\/\/projets-solidaires.la-guilde.org\/wp-content\/uploads\/2025\/05\/logo-la-guilde-projets-solidaires.png","contentUrl":"https:\/\/projets-solidaires.la-guilde.org\/wp-content\/uploads\/2025\/05\/logo-la-guilde-projets-solidaires.png","width":396,"height":201,"caption":"Microprojet La Guilde"},"image":{"@id":"https:\/\/projets-solidaires.la-guilde.org\/#\/schema\/logo\/image\/"}},{"@type":"Person","@id":"https:\/\/projets-solidaires.la-guilde.org\/#\/schema\/person\/a1a7a8ab88783bd8e6164de7ec14b181","name":"laguildemp","image":{"@type":"ImageObject","inLanguage":"en-GB","@id":"https:\/\/secure.gravatar.com\/avatar\/5eb82fca917987808543c70328e7339a1c500ba9d2f9f1dd27a9e2e0f5b7c041?s=96&d=mm&r=g","url":"https:\/\/secure.gravatar.com\/avatar\/5eb82fca917987808543c70328e7339a1c500ba9d2f9f1dd27a9e2e0f5b7c041?s=96&d=mm&r=g","contentUrl":"https:\/\/secure.gravatar.com\/avatar\/5eb82fca917987808543c70328e7339a1c500ba9d2f9f1dd27a9e2e0f5b7c041?s=96&d=mm&r=g","caption":"laguildemp"}}]}},"publishpress_future_action":{"enabled":false,"date":"2026-05-06 11:56:40","action":"change-status","newStatus":"draft","terms":[],"taxonomy":"category","extraData":[]},"publishpress_future_workflow_manual_trigger":{"enabledWorkflows":[]},"_links":{"self":[{"href":"https:\/\/projets-solidaires.la-guilde.org\/en\/wp-json\/wp\/v2\/posts\/4273","targetHints":{"allow":["GET"]}}],"collection":[{"href":"https:\/\/projets-solidaires.la-guilde.org\/en\/wp-json\/wp\/v2\/posts"}],"about":[{"href":"https:\/\/projets-solidaires.la-guilde.org\/en\/wp-json\/wp\/v2\/types\/post"}],"author":[{"embeddable":true,"href":"https:\/\/projets-solidaires.la-guilde.org\/en\/wp-json\/wp\/v2\/users\/2"}],"replies":[{"embeddable":true,"href":"https:\/\/projets-solidaires.la-guilde.org\/en\/wp-json\/wp\/v2\/comments?post=4273"}],"version-history":[{"count":0,"href":"https:\/\/projets-solidaires.la-guilde.org\/en\/wp-json\/wp\/v2\/posts\/4273\/revisions"}],"wp:featuredmedia":[{"embeddable":true,"href":"https:\/\/projets-solidaires.la-guilde.org\/en\/wp-json\/wp\/v2\/media\/4274"}],"wp:attachment":[{"href":"https:\/\/projets-solidaires.la-guilde.org\/en\/wp-json\/wp\/v2\/media?parent=4273"}],"wp:term":[{"taxonomy":"category","embeddable":true,"href":"https:\/\/projets-solidaires.la-guilde.org\/en\/wp-json\/wp\/v2\/categories?post=4273"},{"taxonomy":"post_tag","embeddable":true,"href":"https:\/\/projets-solidaires.la-guilde.org\/en\/wp-json\/wp\/v2\/tags?post=4273"}],"curies":[{"name":"wp","href":"https:\/\/api.w.org\/{rel}","templated":true}]}}