{"id":4270,"date":"2025-09-29T09:05:27","date_gmt":"2025-09-29T09:05:27","guid":{"rendered":"https:\/\/projets-solidaires.la-guilde.org\/?p=4270"},"modified":"2025-09-29T09:05:27","modified_gmt":"2025-09-29T09:05:27","slug":"together-for-solidarity-and-development-meeting-between-the-guild-and-our-partners","status":"publish","type":"post","link":"https:\/\/projets-solidaires.la-guilde.org\/en\/together-for-solidarity-and-development-meeting-between-the-guild-and-our-partners\/","title":{"rendered":"Together for solidarity and development: meeting between La Guilde and our partners"},"content":{"rendered":"<p>As part of the program that links the Regional Multi-Actor Networks (RRMA) and La Guilde, whose objective is to promote and support the actions of associations carrying out microprojects, the RRMA teams and the La Guilde Microprojects division met on March 21 and 22 in Angers. This meeting, organized by the RRMA Pays de La Loire Coop\u00e9ration Internationale (PDLCI), aimed to exchange on support practices and methods for microprojects.<\/p>\n\n\n\n<p>Throughout these two days, participants were able to discuss the role of support providers, the types of associations present in the regions, and the appropriate support services. The new challenges that associations face when operating internationally, and adapting our support services to these challenges, were also key topics of this community of practice.<\/p>\n\n\n\n<figure class=\"wp-block-image aligncenter size-large\"><img decoding=\"async\" src=\"https:\/\/la-guilde.org\/wp-content\/uploads\/2024\/03\/IMG-20240326-WA0022-576x1024.jpg\" alt=\"\" class=\"wp-image-8508\"\/><\/figure>\n\n\n\n<p><\/p>\n\n\n\n<p>To achieve this, various workshops were held over the two days. Participants received a comparative presentation of studies conducted in five regions of France on the local international solidarity association network, and were given an understanding of regional specificities and those of associations according to their size and missions. Role-plays were also conducted so that everyone could reflect on the practices to adopt and tools to use in sometimes complex contexts. Finally, discussions on support pathways, based on the specific needs of associations, took place to provide a more qualitative response to associations requesting support.<\/p>\n\n\n\n<p>This sharing of experience, best practices, and reflections is at the heart of the dynamic partnership between La Guilde, the RRMA, and the CIRRMA (Interregional Conference of RRMA). The objective, through this expanded partnership, is to strengthen synergies between stakeholders involved in the field of international solidarity microprojects across all regions.<\/p>\n\n\n\n<p>The missions of the thirteen RRMAs present across a large part of France overlap with those of La Guilde: to promote, expand, and improve the quality of microprojects implemented by civil society organizations. Our shared missions therefore consist of supporting French international solidarity associations in setting up projects, structuring microprojects, and offering skills development on a range of themes related to international solidarity. One of the challenges today is to ensure that associations carrying out international solidarity microprojects and their partners can benefit in all regions from enhanced support upstream and downstream of grants and have the possibility of accessing funding.<\/p>\n\n\n\n<p>These two days were therefore a key moment for the teams, who were able to meet or meet up, and share their experiences but also their questions and queries around the support of associations carrying out microprojects, but not only.<\/p>\n\n\n\n<p>Looking forward to doing it again\u2026<\/p>","protected":false},"excerpt":{"rendered":"<p>Dans le cadre du programme qui lie les R\u00e9seaux R\u00e9gionaux Multi-Acteurs (RRMA) et La Guilde, dont l&rsquo;objectif est de promouvoir et accompagner les actions des associations porteuses de microprojets, les \u00e9quipes des RRMA et du p\u00f4le Microprojets de La Guilde se sont r\u00e9unies les 21 et 22 mars \u00e0 Angers. Cette rencontre, organis\u00e9e par le [&hellip;]<\/p>\n","protected":false},"author":2,"featured_media":4271,"comment_status":"open","ping_status":"open","sticky":false,"template":"","format":"standard","meta":{"inline_featured_image":false,"footnotes":""},"categories":[1],"tags":[],"class_list":["post-4270","post","type-post","status-publish","format-standard","has-post-thumbnail","hentry","category-blog"],"yoast_head":"<!-- This site is optimized with the Yoast SEO plugin v27.3 - https:\/\/yoast.com\/product\/yoast-seo-wordpress\/ -->\n<title>Ensemble pour la solidarit\u00e9 et le d\u00e9veloppement : rencontre entre La Guilde et nos partenaires - Microprojet La Guilde<\/title>\n<meta name=\"robots\" content=\"index, follow, max-snippet:-1, max-image-preview:large, max-video-preview:-1\" \/>\n<link rel=\"canonical\" href=\"https:\/\/projets-solidaires.la-guilde.org\/en\/together-for-solidarity-and-development-meeting-between-the-guild-and-our-partners\/\" \/>\n<script type=\"application\/ld+json\" class=\"yoast-schema-graph\">{\"@context\":\"https:\\\/\\\/schema.org\",\"@graph\":[{\"@type\":\"Article\",\"@id\":\"https:\\\/\\\/projets-solidaires.la-guilde.org\\\/ensemble-pour-la-solidarite-et-le-developpement-rencontre-entre-la-guilde-et-nos-partenaires\\\/#article\",\"isPartOf\":{\"@id\":\"https:\\\/\\\/projets-solidaires.la-guilde.org\\\/ensemble-pour-la-solidarite-et-le-developpement-rencontre-entre-la-guilde-et-nos-partenaires\\\/\"},\"author\":{\"name\":\"laguildemp\",\"@id\":\"https:\\\/\\\/projets-solidaires.la-guilde.org\\\/#\\\/schema\\\/person\\\/a1a7a8ab88783bd8e6164de7ec14b181\"},\"headline\":\"Ensemble pour la solidarit\u00e9 et le d\u00e9veloppement : rencontre entre La Guilde et nos partenaires\",\"datePublished\":\"2025-09-29T09:05:27+00:00\",\"mainEntityOfPage\":{\"@id\":\"https:\\\/\\\/projets-solidaires.la-guilde.org\\\/ensemble-pour-la-solidarite-et-le-developpement-rencontre-entre-la-guilde-et-nos-partenaires\\\/\"},\"wordCount\":534,\"commentCount\":0,\"publisher\":{\"@id\":\"https:\\\/\\\/projets-solidaires.la-guilde.org\\\/#organization\"},\"image\":{\"@id\":\"https:\\\/\\\/projets-solidaires.la-guilde.org\\\/ensemble-pour-la-solidarite-et-le-developpement-rencontre-entre-la-guilde-et-nos-partenaires\\\/#primaryimage\"},\"thumbnailUrl\":\"https:\\\/\\\/projets-solidaires.la-guilde.org\\\/wp-content\\\/uploads\\\/2025\\\/09\\\/IMG-20240326-WA0010.jpg\",\"articleSection\":[\"Blog\"],\"inLanguage\":\"en-GB\",\"potentialAction\":[{\"@type\":\"CommentAction\",\"name\":\"Comment\",\"target\":[\"https:\\\/\\\/projets-solidaires.la-guilde.org\\\/ensemble-pour-la-solidarite-et-le-developpement-rencontre-entre-la-guilde-et-nos-partenaires\\\/#respond\"]}]},{\"@type\":\"WebPage\",\"@id\":\"https:\\\/\\\/projets-solidaires.la-guilde.org\\\/ensemble-pour-la-solidarite-et-le-developpement-rencontre-entre-la-guilde-et-nos-partenaires\\\/\",\"url\":\"https:\\\/\\\/projets-solidaires.la-guilde.org\\\/ensemble-pour-la-solidarite-et-le-developpement-rencontre-entre-la-guilde-et-nos-partenaires\\\/\",\"name\":\"Ensemble pour la solidarit\u00e9 et le d\u00e9veloppement : rencontre entre La Guilde et nos partenaires - Microprojet La Guilde\",\"isPartOf\":{\"@id\":\"https:\\\/\\\/projets-solidaires.la-guilde.org\\\/#website\"},\"primaryImageOfPage\":{\"@id\":\"https:\\\/\\\/projets-solidaires.la-guilde.org\\\/ensemble-pour-la-solidarite-et-le-developpement-rencontre-entre-la-guilde-et-nos-partenaires\\\/#primaryimage\"},\"image\":{\"@id\":\"https:\\\/\\\/projets-solidaires.la-guilde.org\\\/ensemble-pour-la-solidarite-et-le-developpement-rencontre-entre-la-guilde-et-nos-partenaires\\\/#primaryimage\"},\"thumbnailUrl\":\"https:\\\/\\\/projets-solidaires.la-guilde.org\\\/wp-content\\\/uploads\\\/2025\\\/09\\\/IMG-20240326-WA0010.jpg\",\"datePublished\":\"2025-09-29T09:05:27+00:00\",\"breadcrumb\":{\"@id\":\"https:\\\/\\\/projets-solidaires.la-guilde.org\\\/ensemble-pour-la-solidarite-et-le-developpement-rencontre-entre-la-guilde-et-nos-partenaires\\\/#breadcrumb\"},\"inLanguage\":\"en-GB\",\"potentialAction\":[{\"@type\":\"ReadAction\",\"target\":[\"https:\\\/\\\/projets-solidaires.la-guilde.org\\\/ensemble-pour-la-solidarite-et-le-developpement-rencontre-entre-la-guilde-et-nos-partenaires\\\/\"]}]},{\"@type\":\"ImageObject\",\"inLanguage\":\"en-GB\",\"@id\":\"https:\\\/\\\/projets-solidaires.la-guilde.org\\\/ensemble-pour-la-solidarite-et-le-developpement-rencontre-entre-la-guilde-et-nos-partenaires\\\/#primaryimage\",\"url\":\"https:\\\/\\\/projets-solidaires.la-guilde.org\\\/wp-content\\\/uploads\\\/2025\\\/09\\\/IMG-20240326-WA0010.jpg\",\"contentUrl\":\"https:\\\/\\\/projets-solidaires.la-guilde.org\\\/wp-content\\\/uploads\\\/2025\\\/09\\\/IMG-20240326-WA0010.jpg\",\"width\":1600,\"height\":900},{\"@type\":\"BreadcrumbList\",\"@id\":\"https:\\\/\\\/projets-solidaires.la-guilde.org\\\/ensemble-pour-la-solidarite-et-le-developpement-rencontre-entre-la-guilde-et-nos-partenaires\\\/#breadcrumb\",\"itemListElement\":[{\"@type\":\"ListItem\",\"position\":1,\"name\":\"Accueil\",\"item\":\"https:\\\/\\\/projets-solidaires.la-guilde.org\\\/\"},{\"@type\":\"ListItem\",\"position\":2,\"name\":\"Ensemble pour la solidarit\u00e9 et le d\u00e9veloppement : rencontre entre La Guilde et nos partenaires\"}]},{\"@type\":\"WebSite\",\"@id\":\"https:\\\/\\\/projets-solidaires.la-guilde.org\\\/#website\",\"url\":\"https:\\\/\\\/projets-solidaires.la-guilde.org\\\/\",\"name\":\"Microprojet La Guilde\",\"description\":\"\",\"publisher\":{\"@id\":\"https:\\\/\\\/projets-solidaires.la-guilde.org\\\/#organization\"},\"potentialAction\":[{\"@type\":\"SearchAction\",\"target\":{\"@type\":\"EntryPoint\",\"urlTemplate\":\"https:\\\/\\\/projets-solidaires.la-guilde.org\\\/?s={search_term_string}\"},\"query-input\":{\"@type\":\"PropertyValueSpecification\",\"valueRequired\":true,\"valueName\":\"search_term_string\"}}],\"inLanguage\":\"en-GB\"},{\"@type\":\"Organization\",\"@id\":\"https:\\\/\\\/projets-solidaires.la-guilde.org\\\/#organization\",\"name\":\"Microprojet La Guilde\",\"url\":\"https:\\\/\\\/projets-solidaires.la-guilde.org\\\/\",\"logo\":{\"@type\":\"ImageObject\",\"inLanguage\":\"en-GB\",\"@id\":\"https:\\\/\\\/projets-solidaires.la-guilde.org\\\/#\\\/schema\\\/logo\\\/image\\\/\",\"url\":\"https:\\\/\\\/projets-solidaires.la-guilde.org\\\/wp-content\\\/uploads\\\/2025\\\/05\\\/logo-la-guilde-projets-solidaires.png\",\"contentUrl\":\"https:\\\/\\\/projets-solidaires.la-guilde.org\\\/wp-content\\\/uploads\\\/2025\\\/05\\\/logo-la-guilde-projets-solidaires.png\",\"width\":396,\"height\":201,\"caption\":\"Microprojet La Guilde\"},\"image\":{\"@id\":\"https:\\\/\\\/projets-solidaires.la-guilde.org\\\/#\\\/schema\\\/logo\\\/image\\\/\"}},{\"@type\":\"Person\",\"@id\":\"https:\\\/\\\/projets-solidaires.la-guilde.org\\\/#\\\/schema\\\/person\\\/a1a7a8ab88783bd8e6164de7ec14b181\",\"name\":\"laguildemp\",\"image\":{\"@type\":\"ImageObject\",\"inLanguage\":\"en-GB\",\"@id\":\"https:\\\/\\\/secure.gravatar.com\\\/avatar\\\/5eb82fca917987808543c70328e7339a1c500ba9d2f9f1dd27a9e2e0f5b7c041?s=96&d=mm&r=g\",\"url\":\"https:\\\/\\\/secure.gravatar.com\\\/avatar\\\/5eb82fca917987808543c70328e7339a1c500ba9d2f9f1dd27a9e2e0f5b7c041?s=96&d=mm&r=g\",\"contentUrl\":\"https:\\\/\\\/secure.gravatar.com\\\/avatar\\\/5eb82fca917987808543c70328e7339a1c500ba9d2f9f1dd27a9e2e0f5b7c041?s=96&d=mm&r=g\",\"caption\":\"laguildemp\"}}]}<\/script>\n<!-- \/ Yoast SEO plugin. -->","yoast_head_json":{"title":"Together for solidarity and development: meeting between La Guilde and our partners - La Guilde microproject","robots":{"index":"index","follow":"follow","max-snippet":"max-snippet:-1","max-image-preview":"max-image-preview:large","max-video-preview":"max-video-preview:-1"},"canonical":"https:\/\/projets-solidaires.la-guilde.org\/en\/together-for-solidarity-and-development-meeting-between-the-guild-and-our-partners\/","schema":{"@context":"https:\/\/schema.org","@graph":[{"@type":"Article","@id":"https:\/\/projets-solidaires.la-guilde.org\/ensemble-pour-la-solidarite-et-le-developpement-rencontre-entre-la-guilde-et-nos-partenaires\/#article","isPartOf":{"@id":"https:\/\/projets-solidaires.la-guilde.org\/ensemble-pour-la-solidarite-et-le-developpement-rencontre-entre-la-guilde-et-nos-partenaires\/"},"author":{"name":"laguildemp","@id":"https:\/\/projets-solidaires.la-guilde.org\/#\/schema\/person\/a1a7a8ab88783bd8e6164de7ec14b181"},"headline":"Ensemble pour la solidarit\u00e9 et le d\u00e9veloppement : rencontre entre La Guilde et nos partenaires","datePublished":"2025-09-29T09:05:27+00:00","mainEntityOfPage":{"@id":"https:\/\/projets-solidaires.la-guilde.org\/ensemble-pour-la-solidarite-et-le-developpement-rencontre-entre-la-guilde-et-nos-partenaires\/"},"wordCount":534,"commentCount":0,"publisher":{"@id":"https:\/\/projets-solidaires.la-guilde.org\/#organization"},"image":{"@id":"https:\/\/projets-solidaires.la-guilde.org\/ensemble-pour-la-solidarite-et-le-developpement-rencontre-entre-la-guilde-et-nos-partenaires\/#primaryimage"},"thumbnailUrl":"https:\/\/projets-solidaires.la-guilde.org\/wp-content\/uploads\/2025\/09\/IMG-20240326-WA0010.jpg","articleSection":["Blog"],"inLanguage":"en-GB","potentialAction":[{"@type":"CommentAction","name":"Comment","target":["https:\/\/projets-solidaires.la-guilde.org\/ensemble-pour-la-solidarite-et-le-developpement-rencontre-entre-la-guilde-et-nos-partenaires\/#respond"]}]},{"@type":"WebPage","@id":"https:\/\/projets-solidaires.la-guilde.org\/ensemble-pour-la-solidarite-et-le-developpement-rencontre-entre-la-guilde-et-nos-partenaires\/","url":"https:\/\/projets-solidaires.la-guilde.org\/ensemble-pour-la-solidarite-et-le-developpement-rencontre-entre-la-guilde-et-nos-partenaires\/","name":"Together for solidarity and development: meeting between La Guilde and our partners - La Guilde microproject","isPartOf":{"@id":"https:\/\/projets-solidaires.la-guilde.org\/#website"},"primaryImageOfPage":{"@id":"https:\/\/projets-solidaires.la-guilde.org\/ensemble-pour-la-solidarite-et-le-developpement-rencontre-entre-la-guilde-et-nos-partenaires\/#primaryimage"},"image":{"@id":"https:\/\/projets-solidaires.la-guilde.org\/ensemble-pour-la-solidarite-et-le-developpement-rencontre-entre-la-guilde-et-nos-partenaires\/#primaryimage"},"thumbnailUrl":"https:\/\/projets-solidaires.la-guilde.org\/wp-content\/uploads\/2025\/09\/IMG-20240326-WA0010.jpg","datePublished":"2025-09-29T09:05:27+00:00","breadcrumb":{"@id":"https:\/\/projets-solidaires.la-guilde.org\/ensemble-pour-la-solidarite-et-le-developpement-rencontre-entre-la-guilde-et-nos-partenaires\/#breadcrumb"},"inLanguage":"en-GB","potentialAction":[{"@type":"ReadAction","target":["https:\/\/projets-solidaires.la-guilde.org\/ensemble-pour-la-solidarite-et-le-developpement-rencontre-entre-la-guilde-et-nos-partenaires\/"]}]},{"@type":"ImageObject","inLanguage":"en-GB","@id":"https:\/\/projets-solidaires.la-guilde.org\/ensemble-pour-la-solidarite-et-le-developpement-rencontre-entre-la-guilde-et-nos-partenaires\/#primaryimage","url":"https:\/\/projets-solidaires.la-guilde.org\/wp-content\/uploads\/2025\/09\/IMG-20240326-WA0010.jpg","contentUrl":"https:\/\/projets-solidaires.la-guilde.org\/wp-content\/uploads\/2025\/09\/IMG-20240326-WA0010.jpg","width":1600,"height":900},{"@type":"BreadcrumbList","@id":"https:\/\/projets-solidaires.la-guilde.org\/ensemble-pour-la-solidarite-et-le-developpement-rencontre-entre-la-guilde-et-nos-partenaires\/#breadcrumb","itemListElement":[{"@type":"ListItem","position":1,"name":"Accueil","item":"https:\/\/projets-solidaires.la-guilde.org\/"},{"@type":"ListItem","position":2,"name":"Ensemble pour la solidarit\u00e9 et le d\u00e9veloppement : rencontre entre La Guilde et nos partenaires"}]},{"@type":"WebSite","@id":"https:\/\/projets-solidaires.la-guilde.org\/#website","url":"https:\/\/projets-solidaires.la-guilde.org\/","name":"La Guilde Microproject","description":"","publisher":{"@id":"https:\/\/projets-solidaires.la-guilde.org\/#organization"},"potentialAction":[{"@type":"SearchAction","target":{"@type":"EntryPoint","urlTemplate":"https:\/\/projets-solidaires.la-guilde.org\/?s={search_term_string}"},"query-input":{"@type":"PropertyValueSpecification","valueRequired":true,"valueName":"search_term_string"}}],"inLanguage":"en-GB"},{"@type":"Organization","@id":"https:\/\/projets-solidaires.la-guilde.org\/#organization","name":"La Guilde Microproject","url":"https:\/\/projets-solidaires.la-guilde.org\/","logo":{"@type":"ImageObject","inLanguage":"en-GB","@id":"https:\/\/projets-solidaires.la-guilde.org\/#\/schema\/logo\/image\/","url":"https:\/\/projets-solidaires.la-guilde.org\/wp-content\/uploads\/2025\/05\/logo-la-guilde-projets-solidaires.png","contentUrl":"https:\/\/projets-solidaires.la-guilde.org\/wp-content\/uploads\/2025\/05\/logo-la-guilde-projets-solidaires.png","width":396,"height":201,"caption":"Microprojet La Guilde"},"image":{"@id":"https:\/\/projets-solidaires.la-guilde.org\/#\/schema\/logo\/image\/"}},{"@type":"Person","@id":"https:\/\/projets-solidaires.la-guilde.org\/#\/schema\/person\/a1a7a8ab88783bd8e6164de7ec14b181","name":"laguildemp","image":{"@type":"ImageObject","inLanguage":"en-GB","@id":"https:\/\/secure.gravatar.com\/avatar\/5eb82fca917987808543c70328e7339a1c500ba9d2f9f1dd27a9e2e0f5b7c041?s=96&d=mm&r=g","url":"https:\/\/secure.gravatar.com\/avatar\/5eb82fca917987808543c70328e7339a1c500ba9d2f9f1dd27a9e2e0f5b7c041?s=96&d=mm&r=g","contentUrl":"https:\/\/secure.gravatar.com\/avatar\/5eb82fca917987808543c70328e7339a1c500ba9d2f9f1dd27a9e2e0f5b7c041?s=96&d=mm&r=g","caption":"laguildemp"}}]}},"publishpress_future_action":{"enabled":false,"date":"2026-05-06 14:14:59","action":"change-status","newStatus":"draft","terms":[],"taxonomy":"category","extraData":[]},"publishpress_future_workflow_manual_trigger":{"enabledWorkflows":[]},"_links":{"self":[{"href":"https:\/\/projets-solidaires.la-guilde.org\/en\/wp-json\/wp\/v2\/posts\/4270","targetHints":{"allow":["GET"]}}],"collection":[{"href":"https:\/\/projets-solidaires.la-guilde.org\/en\/wp-json\/wp\/v2\/posts"}],"about":[{"href":"https:\/\/projets-solidaires.la-guilde.org\/en\/wp-json\/wp\/v2\/types\/post"}],"author":[{"embeddable":true,"href":"https:\/\/projets-solidaires.la-guilde.org\/en\/wp-json\/wp\/v2\/users\/2"}],"replies":[{"embeddable":true,"href":"https:\/\/projets-solidaires.la-guilde.org\/en\/wp-json\/wp\/v2\/comments?post=4270"}],"version-history":[{"count":0,"href":"https:\/\/projets-solidaires.la-guilde.org\/en\/wp-json\/wp\/v2\/posts\/4270\/revisions"}],"wp:featuredmedia":[{"embeddable":true,"href":"https:\/\/projets-solidaires.la-guilde.org\/en\/wp-json\/wp\/v2\/media\/4271"}],"wp:attachment":[{"href":"https:\/\/projets-solidaires.la-guilde.org\/en\/wp-json\/wp\/v2\/media?parent=4270"}],"wp:term":[{"taxonomy":"category","embeddable":true,"href":"https:\/\/projets-solidaires.la-guilde.org\/en\/wp-json\/wp\/v2\/categories?post=4270"},{"taxonomy":"post_tag","embeddable":true,"href":"https:\/\/projets-solidaires.la-guilde.org\/en\/wp-json\/wp\/v2\/tags?post=4270"}],"curies":[{"name":"wp","href":"https:\/\/api.w.org\/{rel}","templated":true}]}}