{"id":4255,"date":"2025-09-29T08:55:42","date_gmt":"2025-09-29T08:55:42","guid":{"rendered":"https:\/\/projets-solidaires.la-guilde.org\/?p=4255"},"modified":"2026-02-02T09:41:35","modified_gmt":"2026-02-02T09:41:35","slug":"from-sport-to-access-to-water-a-field-mission-in-benin","status":"publish","type":"post","link":"https:\/\/projets-solidaires.la-guilde.org\/en\/from-sport-to-access-to-water-a-field-mission-in-benin\/","title":{"rendered":"FROM SPORT TO ACCESS TO WATER: A FIELD MISSION IN BENIN"},"content":{"rendered":"<p>Visiting microprojects, exchanging with institutional and organizational partners as well as meeting volunteers, these were the objectives of the field mission to Benin by H\u00e9lo\u00efse Ruban, Microprojects Project Manager, in December 2024.<\/p>\n\n\n\n<p>La Guilde in Benin has funded 52 microprojects since 2014, including 5 from the Fall 2024 call for projects, and 7 that use sport as a development tool. Thirty-four stakeholders, including two local ones, have benefited from this funding and are implementing initiatives for the Beninese population. Benin is the fourth country to receive funding from La Guilde. Our organization also sends six volunteers to five partner host organizations.<\/p>\n\n\n\n<p>It is in this context that H\u00e9lo\u00efse traveled to the south of Benin to meet them and discuss their actions.<\/p>\n\n\n\n<h2 class=\"wp-block-heading\"><strong>Meetings and first discussions in Cotonou<\/strong><\/h2>\n\n\n\n<p>Upon her arrival in Cotonou on December 9, Cyrus Oulatar, an international solidarity volunteer (VSI) for the Pompiers Solidaires association, presented her with his work to promote access to drinking water and sanitation in the area around Com\u00e9. H\u00e9lo\u00efse also met with Laure Weisgerber, director of the Benin branch of the French Development Agency, and Sylvie Gomez, project manager for Health, Civil Society Organizations, Crises and Conflicts, an opportunity to present La Guilde and its work in Benin. Finally, the day ended with discussions with No\u00e9 Courvallet, who is in Benin as coordinator of GERES (Renewable Energy, Environment and Solidarity Group) on a VSI mission sent by La Guilde.<\/p>\n\n\n\n<p>With its lush decor, peacocks, and bats, the French Embassy in Benin welcomed H\u00e9lo\u00efse for an interview with Audrey Lieber. This exchange allowed them to revisit the Beninese context and present the support mechanisms for organizations present in Benin, led by the institution and the organization, as well as their perspectives.<\/p>\n\n\n\n<h2 class=\"wp-block-heading\"><strong>Sport, a vector of transformation<\/strong><\/h2>\n\n\n\n<div class=\"wp-block-media-text has-media-on-the-right is-stacked-on-mobile\" style=\"grid-template-columns:auto 43%\"><div class=\"wp-block-media-text__content\">\n<p>The afternoon of December 10th marked the first visit of a micro-project of this mission: &quot;Mi Dokpo - Together for the Emancipation of Youth&quot; by the French association Enfants de l&#039;Ovale and the Beninese association Grandir avec le Rugby B\u00e9nin. This micro-project, funded by La Guilde as part of the Impact 2024 International program, is coming to an end and has made it possible to offer rugby to many young people in southern Benin.<\/p>\n<\/div><figure class=\"wp-block-media-text__media\"><img decoding=\"async\" src=\"https:\/\/la-guilde.org\/wp-content\/uploads\/2025\/02\/WhatsApp-Image-2025-01-06-a-16.19.59_ae07107a-768x1024.jpg\" alt=\"\" class=\"wp-image-10019 size-full\"\/><\/figure><\/div>\n\n\n\n<p class=\"has-text-align-right\"><em>Eric Kpogba, president of the Grandir avec le Rugby association, and Romain, educator as part of the \u201cMi Dokpo\u201d project<\/em><\/p>\n\n\n\n<p>Thanks to the training of rugby coaches, particularly in gender issues and nature conservation, socio-educational rugby workshops are held every week in Cotonou and other cities for more than 400 children aged 7 to 14. School support workshops are also organized in the new premises of the Grandir avec le rugby association.<\/p>\n\n\n\n<div class=\"wp-block-media-text is-stacked-on-mobile\" style=\"grid-template-columns:55% auto\"><figure class=\"wp-block-media-text__media\"><img decoding=\"async\" src=\"https:\/\/la-guilde.org\/wp-content\/uploads\/2025\/02\/WhatsApp-Image-2025-01-06-a-16.20.52_b1d6b999-1024x768.jpg\" alt=\"\" class=\"wp-image-10021 size-full\"\/><\/figure><div class=\"wp-block-media-text__content\">\n<p>Combining the discovery of professional activities, generating income while offering a hand sport that is little known locally? These are the challenges that the REPAC-SJ-B\u00e9nin association presents to Ikpinl\u00e8, took up as part of its project &quot;Together is better&quot;, funded during the 4<sup>th<\/sup> Impact 2024 International call for projects session. <\/p>\n<\/div><\/div>\n\n\n\n<p><em>Young people and coach present at a volleyball training session \u2013 REPAC-SJ-Benin<\/em><\/p>\n\n\n\n<p>H\u00e9lo\u00efse visited the project on her third day in Benin. Volleyball has become a sport practiced by many young people in the Plateaux department, alongside handball and football, which are more popular locally. On Wednesday and Friday evenings, and Saturday afternoons, around a hundred young people gather on the volleyball courts to receive coaching from a coach. The results have been rapid: in just over a year, a group of young people won first place in the departmental volleyball championship and qualified for the national championship. A women&#039;s team was also selected to participate in the National Women&#039;s Sports Festival. Training in sports-related careers was also offered to participants, focusing on making sports nets and sports photography. A sports product store was also opened on the road between Porto-Novo and Pob\u00e9. Academic support classes are offered to young people taking exams, to encourage their academic success while continuing their sports training.<\/p>\n\n\n\n<h2 class=\"wp-block-heading\"><strong>Commitments to children and communities<\/strong><\/h2>\n\n\n\n<div class=\"wp-block-media-text has-media-on-the-right is-stacked-on-mobile\" style=\"grid-template-columns:auto 40%\"><div class=\"wp-block-media-text__content\">\n<p>December 12th was an opportunity to meet the people involved in the Bethel orphanage in Sak\u00e9t\u00e9. Starting as a personal initiative by Ebel Ayikpola, the orphanage now welcomes around sixty children, placed there by the Social Promotion Center, the courts, or the police. Locally, the NGO Compassion for Development takes care of the Bethel orphanage and the children there. <\/p>\n<\/div><figure class=\"wp-block-media-text__media\"><img decoding=\"async\" src=\"https:\/\/la-guilde.org\/wp-content\/uploads\/2025\/02\/WhatsApp-Image-2025-01-06-a-16.22.38_ee0af63b-768x1024.jpg\" alt=\"\" class=\"wp-image-10022 size-full\"\/><\/figure><\/div>\n\n\n\n<p class=\"has-text-align-right\"><em>Exterior of the Bethel Orphanage<\/em><\/p>\n\n\n\n<p>The project funded by La Guilde in 2022 enabled the installation of a solar pump, contributed to bringing the orphanage up to standard (extending the kitchen, purchasing furniture for a study room, etc.) as well as the purchase of a field for growing corn and cassava, which are used to feed the children of the orphanage. The efforts made by the French Association Main de Consolation and the B\u00e9thel orphanage enabled the orphanage to obtain, in December 2024, approval from the Ministry of Social Affairs and Microfinance of Benin, and thus to officially become a child reception and protection center.<\/p>\n\n\n\n<div class=\"wp-block-columns is-layout-flex wp-container-core-columns-is-layout-28f84493 wp-block-columns-is-layout-flex\">\n<div class=\"wp-block-column is-layout-flow wp-block-column-is-layout-flow\">\n<div class=\"wp-block-media-text is-stacked-on-mobile\" style=\"grid-template-columns:39% auto\"><figure class=\"wp-block-media-text__media\"><img decoding=\"async\" src=\"https:\/\/la-guilde.org\/wp-content\/uploads\/2025\/02\/WhatsApp-Image-2025-01-06-a-16.24.12_8eb8af9f-768x1024.jpg\" alt=\"\" class=\"wp-image-10023 size-full\"\/><\/figure><div class=\"wp-block-media-text__content\">\n<p>On Friday, December 13, H\u00e9lo\u00efse met with Rachel Araye-Kpanou, facilitator of the exchange network of stakeholders in the water, hygiene, and sanitation sector (REAGIRE) of the Benin National Water Partnership (PNE-Benin), co-facilitated in France by the pS-Eau. Following a meeting in Cotonou on the first day of the field mission, they visited together the Water for Life Association project in Akpro-Miss\u00e9r\u00e9t\u00e9, where a photovoltaic pump, two tanks, and two autonomous water points have been installed in partnership with the municipality. <\/p>\n<\/div><\/div>\n<\/div>\n<\/div>\n\n\n\n<p><em>Water point in the village of Ad\u00e9lomi, in Akpro-Miss\u00e9r\u00e9t\u00e9, set up by the municipality and the Water for Life Association<\/em><\/p>\n\n\n\n<p>This project provides the villagers with access to drinking water and allows them to use the water for their &quot;red oil&quot; extraction business, which has doubled since the drilling was carried out. The visit was attended by a delegation from the town hall, including Mayor Joseph G. Hounkanrin, his chief of staff, and other members of the administrative and technical staff. Discussions on the project and the town&#039;s perspectives on water and sanitation took place during the meeting. A meal was then shared by the participants, who were invited to the mayor&#039;s home by the mayor.<\/p>\n\n\n\n<p>The rest of the day allowed H\u00e9lo\u00efse to attend a meeting of the Hozin district library management committee, which is implementing a library and games library project in a school in Dangbo. This project is being carried out in partnership with the French association Dessine-moi l&#039;Afrique.<\/p>\n\n\n\n<p><strong>Towards the empowerment of local populations<\/strong><\/p>\n\n\n\n<div class=\"wp-block-media-text has-media-on-the-right is-stacked-on-mobile\" style=\"grid-template-columns:auto 53%\"><div class=\"wp-block-media-text__content\">\n<p>The field mission then continued in western Benin, in Toviklin, with the NGO RADD, which has set up several projects in partnership with the French association Nonzob\u00e9nin, three of which were financed by La Guilde. <\/p>\n<\/div><figure class=\"wp-block-media-text__media\"><img decoding=\"async\" src=\"https:\/\/la-guilde.org\/wp-content\/uploads\/2025\/02\/WhatsApp-Image-2025-01-06-a-16.56.06_76f25005-1024x768.jpg\" alt=\"\" class=\"wp-image-10024 size-full\"\/><\/figure><\/div>\n\n\n\n<p class=\"has-text-align-right\">Women watering the community school garden within the premises of the NGO RADD<\/p>\n\n\n\n<p>Since 2017, a community garden school has allowed women in a cooperative to experiment with new techniques and have a planting space close to a water source available year-round. A water tower was built as part of this project to facilitate cultivation, the development of a chicken coop, and provide a water source for residents. Part of the crops produced is served to children benefiting from the community canteen. H\u00e9lo\u00efse spoke with the women of the cooperative to discuss the impact of this project. During these discussions, the women present indicated that they were able to cultivate all year round on RADD plots, and planted products that are usually inaccessible in the region, such as carrots, amaranth, etc., allowing their families to have organic vegetables and fruits all year round. A vocational training center in sewing and hairdressing for young people who have dropped out of school was also opened by the RADD and Nonzob\u00e9nin associations. 45 young people are currently receiving three years of training, which will allow them to pass an exam and then start their own businesses. A food aid project for poor households in Toviklin was also developed during the COVID-19 crisis. &nbsp;<\/p>\n\n\n\n<div class=\"wp-block-media-text is-stacked-on-mobile\" style=\"grid-template-columns:49% auto\"><figure class=\"wp-block-media-text__media\"><img decoding=\"async\" src=\"https:\/\/la-guilde.org\/wp-content\/uploads\/2025\/02\/WhatsApp-Image-2025-01-06-a-16.59.22_72489a81-1024x768.jpg\" alt=\"\" class=\"wp-image-10025 size-full\"\/><\/figure><div class=\"wp-block-media-text__content\">\n<p>Not far from these projects, in Djakotomey, the Association for Sustainable Development of Local Initiatives in Benin and Togo (ADDIL) and the Institute for Development and Support for Traditional Health Research (IDART Benin) have come together to offer a women&#039;s cooperative the opportunity to raise and market freshwater fish, integrated into market gardening.<\/p>\n<\/div><\/div>\n\n\n\n<p><em>Members of the cooperative benefiting from the fish farming and marketing project integrated into market gardening by the ADDIL and IDART associations<\/em><\/p>\n\n\n\n<p>This project, still in progress, marked H\u00e9lo\u00efse&#039;s last project visit to Benin. Some women from the cooperative were present during the visit and showed H\u00e9lo\u00efse the ponds and fish currently being reared, as well as the market gardening areas.<\/p>\n\n\n\n<h2 class=\"wp-block-heading\"><strong>Closure of the field mission<\/strong><\/h2>\n\n\n\n<p>On December 18, back in Cotonou, H\u00e9lo\u00efse met with Sylvie Dagba, national representative of France Volontaires in Benin, Donald Azokli, volunteer development support officer, and Loriane Moranton, volunteer support officer. This meeting allowed the teams of the Beninese branch of France Volontaires to discover the various activities of La Guilde, which include support for microprojects, but also to review La Guilde&#039;s commitments in terms of volunteering. The discussions were rich and promise great insights. The afternoon allowed us to meet Elise Becker and In\u00e8s Hammiche, on a civic service mission for the association Afrique Pleine d&#039;Avenir, which works in Benin in the field of education, with school construction, exchanges between Beninese and French schools, and even by offering women the opportunity to participate in a professional capacity building program. H\u00e9lo\u00efse&#039;s day and mission ended with a final interview with Rachel Araye-Kpanou to review the joint visit carried out earlier and discuss future perspectives for collaboration.<\/p>\n\n\n\n<figure class=\"wp-block-image aligncenter size-large is-resized\"><img decoding=\"async\" src=\"https:\/\/la-guilde.org\/wp-content\/uploads\/2025\/02\/470659207_978924614273158_2105716411418367700_n-1024x770.jpg\" alt=\"\" class=\"wp-image-10026\" style=\"width:339px;height:auto\"\/><\/figure>\n\n\n\n<p class=\"has-text-align-center\"><em>Meeting with the French Volunteers team \u2013 Benin<\/em><\/p>\n\n\n\n<h2 class=\"wp-block-heading\"><strong>A mission rich in exchanges and perspectives<\/strong><\/h2>\n\n\n\n<p>This field mission to Benin provided an opportunity to meet committed local stakeholders working alongside French associations to implement a variety of essential international solidarity microprojects, ranging from access to water to education, sports to community empowerment. Through these initiatives supported by La Guilde, the impact of the microprojects and actions carried out is evident, promoting the improvement of the living conditions of the Beninese population. These visits and exchanges strengthen the ties between project leaders, volunteers, and institutions, thus paving the way for new collaborations and support opportunities. This mission reaffirms the need to continue engaging with project leaders and other development stakeholders, as well as La Guilde&#039;s role as an essential partner in these actions.<\/p>","protected":false},"excerpt":{"rendered":"<p>Visiter des microprojets, \u00e9changer avec partenaires institutionnels et organisationnels ainsi que rencontrer des volontaires, tels \u00e9taient les objectifs de la mission de terrain au B\u00e9nin d\u2019H\u00e9lo\u00efse Ruban, charg\u00e9e de mission Microprojets, en d\u00e9cembre 2024. La Guilde au B\u00e9nin, c\u2019est 52 microprojets financ\u00e9s depuis 2014, dont 5 \u00e0 l\u2019appel \u00e0 projets Automne 2024, et 7 qui [&hellip;]<\/p>\n","protected":false},"author":2,"featured_media":4257,"comment_status":"open","ping_status":"open","sticky":false,"template":"","format":"standard","meta":{"inline_featured_image":false,"footnotes":""},"categories":[1,1085],"tags":[1099,1103],"class_list":["post-4255","post","type-post","status-publish","format-standard","has-post-thumbnail","hentry","category-blog","category-mission-terrain","tag-evaluation","tag-benin"],"yoast_head":"<!-- This site is optimized with the Yoast SEO plugin v27.3 - https:\/\/yoast.com\/product\/yoast-seo-wordpress\/ -->\n<title>Une mission terrain au B\u00e9nin<\/title>\n<meta name=\"description\" content=\"La Guilde a r\u00e9alis\u00e9 en d\u00e9cembre 2024 une mission au B\u00e9nin afin de rencontrer les acteurs impliqu\u00e9s dans les microprojets.\" \/>\n<meta name=\"robots\" content=\"index, follow, max-snippet:-1, max-image-preview:large, max-video-preview:-1\" \/>\n<link rel=\"canonical\" href=\"https:\/\/projets-solidaires.la-guilde.org\/en\/from-sport-to-access-to-water-a-field-mission-in-benin\/\" \/>\n<script type=\"application\/ld+json\" class=\"yoast-schema-graph\">{\"@context\":\"https:\\\/\\\/schema.org\",\"@graph\":[{\"@type\":\"Article\",\"@id\":\"https:\\\/\\\/projets-solidaires.la-guilde.org\\\/du-sport-a-lacces-a-leau-une-mission-de-terrain-au-benin\\\/#article\",\"isPartOf\":{\"@id\":\"https:\\\/\\\/projets-solidaires.la-guilde.org\\\/du-sport-a-lacces-a-leau-une-mission-de-terrain-au-benin\\\/\"},\"author\":{\"name\":\"laguildemp\",\"@id\":\"https:\\\/\\\/projets-solidaires.la-guilde.org\\\/#\\\/schema\\\/person\\\/a1a7a8ab88783bd8e6164de7ec14b181\"},\"headline\":\"DU SPORT A L\u2019ACCES A L\u2019EAU\u00a0: UNE MISSION DE TERRAIN AU BENIN\",\"datePublished\":\"2025-09-29T08:55:42+00:00\",\"dateModified\":\"2026-02-02T09:41:35+00:00\",\"mainEntityOfPage\":{\"@id\":\"https:\\\/\\\/projets-solidaires.la-guilde.org\\\/du-sport-a-lacces-a-leau-une-mission-de-terrain-au-benin\\\/\"},\"wordCount\":2172,\"commentCount\":0,\"publisher\":{\"@id\":\"https:\\\/\\\/projets-solidaires.la-guilde.org\\\/#organization\"},\"image\":{\"@id\":\"https:\\\/\\\/projets-solidaires.la-guilde.org\\\/du-sport-a-lacces-a-leau-une-mission-de-terrain-au-benin\\\/#primaryimage\"},\"thumbnailUrl\":\"https:\\\/\\\/projets-solidaires.la-guilde.org\\\/wp-content\\\/uploads\\\/2025\\\/09\\\/WhatsApp-Image-2025-01-06-a-16.41.12_4bfe0f97.jpg\",\"keywords\":[\"Evaluation\",\"B\u00e9nin\"],\"articleSection\":[\"Blog\",\"mission terrain\"],\"inLanguage\":\"en-GB\",\"potentialAction\":[{\"@type\":\"CommentAction\",\"name\":\"Comment\",\"target\":[\"https:\\\/\\\/projets-solidaires.la-guilde.org\\\/du-sport-a-lacces-a-leau-une-mission-de-terrain-au-benin\\\/#respond\"]}]},{\"@type\":\"WebPage\",\"@id\":\"https:\\\/\\\/projets-solidaires.la-guilde.org\\\/du-sport-a-lacces-a-leau-une-mission-de-terrain-au-benin\\\/\",\"url\":\"https:\\\/\\\/projets-solidaires.la-guilde.org\\\/du-sport-a-lacces-a-leau-une-mission-de-terrain-au-benin\\\/\",\"name\":\"Une mission terrain au B\u00e9nin\",\"isPartOf\":{\"@id\":\"https:\\\/\\\/projets-solidaires.la-guilde.org\\\/#website\"},\"primaryImageOfPage\":{\"@id\":\"https:\\\/\\\/projets-solidaires.la-guilde.org\\\/du-sport-a-lacces-a-leau-une-mission-de-terrain-au-benin\\\/#primaryimage\"},\"image\":{\"@id\":\"https:\\\/\\\/projets-solidaires.la-guilde.org\\\/du-sport-a-lacces-a-leau-une-mission-de-terrain-au-benin\\\/#primaryimage\"},\"thumbnailUrl\":\"https:\\\/\\\/projets-solidaires.la-guilde.org\\\/wp-content\\\/uploads\\\/2025\\\/09\\\/WhatsApp-Image-2025-01-06-a-16.41.12_4bfe0f97.jpg\",\"datePublished\":\"2025-09-29T08:55:42+00:00\",\"dateModified\":\"2026-02-02T09:41:35+00:00\",\"description\":\"La Guilde a r\u00e9alis\u00e9 en d\u00e9cembre 2024 une mission au B\u00e9nin afin de rencontrer les acteurs impliqu\u00e9s dans les microprojets.\",\"breadcrumb\":{\"@id\":\"https:\\\/\\\/projets-solidaires.la-guilde.org\\\/du-sport-a-lacces-a-leau-une-mission-de-terrain-au-benin\\\/#breadcrumb\"},\"inLanguage\":\"en-GB\",\"potentialAction\":[{\"@type\":\"ReadAction\",\"target\":[\"https:\\\/\\\/projets-solidaires.la-guilde.org\\\/du-sport-a-lacces-a-leau-une-mission-de-terrain-au-benin\\\/\"]}]},{\"@type\":\"ImageObject\",\"inLanguage\":\"en-GB\",\"@id\":\"https:\\\/\\\/projets-solidaires.la-guilde.org\\\/du-sport-a-lacces-a-leau-une-mission-de-terrain-au-benin\\\/#primaryimage\",\"url\":\"https:\\\/\\\/projets-solidaires.la-guilde.org\\\/wp-content\\\/uploads\\\/2025\\\/09\\\/WhatsApp-Image-2025-01-06-a-16.41.12_4bfe0f97.jpg\",\"contentUrl\":\"https:\\\/\\\/projets-solidaires.la-guilde.org\\\/wp-content\\\/uploads\\\/2025\\\/09\\\/WhatsApp-Image-2025-01-06-a-16.41.12_4bfe0f97.jpg\",\"width\":1600,\"height\":1200},{\"@type\":\"BreadcrumbList\",\"@id\":\"https:\\\/\\\/projets-solidaires.la-guilde.org\\\/du-sport-a-lacces-a-leau-une-mission-de-terrain-au-benin\\\/#breadcrumb\",\"itemListElement\":[{\"@type\":\"ListItem\",\"position\":1,\"name\":\"Accueil\",\"item\":\"https:\\\/\\\/projets-solidaires.la-guilde.org\\\/\"},{\"@type\":\"ListItem\",\"position\":2,\"name\":\"DU SPORT A L\u2019ACCES A L\u2019EAU\u00a0: UNE MISSION DE TERRAIN AU BENIN\"}]},{\"@type\":\"WebSite\",\"@id\":\"https:\\\/\\\/projets-solidaires.la-guilde.org\\\/#website\",\"url\":\"https:\\\/\\\/projets-solidaires.la-guilde.org\\\/\",\"name\":\"Microprojet La Guilde\",\"description\":\"\",\"publisher\":{\"@id\":\"https:\\\/\\\/projets-solidaires.la-guilde.org\\\/#organization\"},\"potentialAction\":[{\"@type\":\"SearchAction\",\"target\":{\"@type\":\"EntryPoint\",\"urlTemplate\":\"https:\\\/\\\/projets-solidaires.la-guilde.org\\\/?s={search_term_string}\"},\"query-input\":{\"@type\":\"PropertyValueSpecification\",\"valueRequired\":true,\"valueName\":\"search_term_string\"}}],\"inLanguage\":\"en-GB\"},{\"@type\":\"Organization\",\"@id\":\"https:\\\/\\\/projets-solidaires.la-guilde.org\\\/#organization\",\"name\":\"Microprojet La Guilde\",\"url\":\"https:\\\/\\\/projets-solidaires.la-guilde.org\\\/\",\"logo\":{\"@type\":\"ImageObject\",\"inLanguage\":\"en-GB\",\"@id\":\"https:\\\/\\\/projets-solidaires.la-guilde.org\\\/#\\\/schema\\\/logo\\\/image\\\/\",\"url\":\"https:\\\/\\\/projets-solidaires.la-guilde.org\\\/wp-content\\\/uploads\\\/2025\\\/05\\\/logo-la-guilde-projets-solidaires.png\",\"contentUrl\":\"https:\\\/\\\/projets-solidaires.la-guilde.org\\\/wp-content\\\/uploads\\\/2025\\\/05\\\/logo-la-guilde-projets-solidaires.png\",\"width\":396,\"height\":201,\"caption\":\"Microprojet La Guilde\"},\"image\":{\"@id\":\"https:\\\/\\\/projets-solidaires.la-guilde.org\\\/#\\\/schema\\\/logo\\\/image\\\/\"}},{\"@type\":\"Person\",\"@id\":\"https:\\\/\\\/projets-solidaires.la-guilde.org\\\/#\\\/schema\\\/person\\\/a1a7a8ab88783bd8e6164de7ec14b181\",\"name\":\"laguildemp\",\"image\":{\"@type\":\"ImageObject\",\"inLanguage\":\"en-GB\",\"@id\":\"https:\\\/\\\/secure.gravatar.com\\\/avatar\\\/5eb82fca917987808543c70328e7339a1c500ba9d2f9f1dd27a9e2e0f5b7c041?s=96&d=mm&r=g\",\"url\":\"https:\\\/\\\/secure.gravatar.com\\\/avatar\\\/5eb82fca917987808543c70328e7339a1c500ba9d2f9f1dd27a9e2e0f5b7c041?s=96&d=mm&r=g\",\"contentUrl\":\"https:\\\/\\\/secure.gravatar.com\\\/avatar\\\/5eb82fca917987808543c70328e7339a1c500ba9d2f9f1dd27a9e2e0f5b7c041?s=96&d=mm&r=g\",\"caption\":\"laguildemp\"}}]}<\/script>\n<!-- \/ Yoast SEO plugin. -->","yoast_head_json":{"title":"A field mission to Benin","description":"In December 2024, the Guild carried out a mission to Benin to meet with the actors involved in micro-projects.","robots":{"index":"index","follow":"follow","max-snippet":"max-snippet:-1","max-image-preview":"max-image-preview:large","max-video-preview":"max-video-preview:-1"},"canonical":"https:\/\/projets-solidaires.la-guilde.org\/en\/from-sport-to-access-to-water-a-field-mission-in-benin\/","schema":{"@context":"https:\/\/schema.org","@graph":[{"@type":"Article","@id":"https:\/\/projets-solidaires.la-guilde.org\/du-sport-a-lacces-a-leau-une-mission-de-terrain-au-benin\/#article","isPartOf":{"@id":"https:\/\/projets-solidaires.la-guilde.org\/du-sport-a-lacces-a-leau-une-mission-de-terrain-au-benin\/"},"author":{"name":"laguildemp","@id":"https:\/\/projets-solidaires.la-guilde.org\/#\/schema\/person\/a1a7a8ab88783bd8e6164de7ec14b181"},"headline":"DU SPORT A L\u2019ACCES A L\u2019EAU\u00a0: UNE MISSION DE TERRAIN AU BENIN","datePublished":"2025-09-29T08:55:42+00:00","dateModified":"2026-02-02T09:41:35+00:00","mainEntityOfPage":{"@id":"https:\/\/projets-solidaires.la-guilde.org\/du-sport-a-lacces-a-leau-une-mission-de-terrain-au-benin\/"},"wordCount":2172,"commentCount":0,"publisher":{"@id":"https:\/\/projets-solidaires.la-guilde.org\/#organization"},"image":{"@id":"https:\/\/projets-solidaires.la-guilde.org\/du-sport-a-lacces-a-leau-une-mission-de-terrain-au-benin\/#primaryimage"},"thumbnailUrl":"https:\/\/projets-solidaires.la-guilde.org\/wp-content\/uploads\/2025\/09\/WhatsApp-Image-2025-01-06-a-16.41.12_4bfe0f97.jpg","keywords":["Evaluation","B\u00e9nin"],"articleSection":["Blog","mission terrain"],"inLanguage":"en-GB","potentialAction":[{"@type":"CommentAction","name":"Comment","target":["https:\/\/projets-solidaires.la-guilde.org\/du-sport-a-lacces-a-leau-une-mission-de-terrain-au-benin\/#respond"]}]},{"@type":"WebPage","@id":"https:\/\/projets-solidaires.la-guilde.org\/du-sport-a-lacces-a-leau-une-mission-de-terrain-au-benin\/","url":"https:\/\/projets-solidaires.la-guilde.org\/du-sport-a-lacces-a-leau-une-mission-de-terrain-au-benin\/","name":"A field mission to Benin","isPartOf":{"@id":"https:\/\/projets-solidaires.la-guilde.org\/#website"},"primaryImageOfPage":{"@id":"https:\/\/projets-solidaires.la-guilde.org\/du-sport-a-lacces-a-leau-une-mission-de-terrain-au-benin\/#primaryimage"},"image":{"@id":"https:\/\/projets-solidaires.la-guilde.org\/du-sport-a-lacces-a-leau-une-mission-de-terrain-au-benin\/#primaryimage"},"thumbnailUrl":"https:\/\/projets-solidaires.la-guilde.org\/wp-content\/uploads\/2025\/09\/WhatsApp-Image-2025-01-06-a-16.41.12_4bfe0f97.jpg","datePublished":"2025-09-29T08:55:42+00:00","dateModified":"2026-02-02T09:41:35+00:00","description":"In December 2024, the Guild carried out a mission to Benin to meet with the actors involved in micro-projects.","breadcrumb":{"@id":"https:\/\/projets-solidaires.la-guilde.org\/du-sport-a-lacces-a-leau-une-mission-de-terrain-au-benin\/#breadcrumb"},"inLanguage":"en-GB","potentialAction":[{"@type":"ReadAction","target":["https:\/\/projets-solidaires.la-guilde.org\/du-sport-a-lacces-a-leau-une-mission-de-terrain-au-benin\/"]}]},{"@type":"ImageObject","inLanguage":"en-GB","@id":"https:\/\/projets-solidaires.la-guilde.org\/du-sport-a-lacces-a-leau-une-mission-de-terrain-au-benin\/#primaryimage","url":"https:\/\/projets-solidaires.la-guilde.org\/wp-content\/uploads\/2025\/09\/WhatsApp-Image-2025-01-06-a-16.41.12_4bfe0f97.jpg","contentUrl":"https:\/\/projets-solidaires.la-guilde.org\/wp-content\/uploads\/2025\/09\/WhatsApp-Image-2025-01-06-a-16.41.12_4bfe0f97.jpg","width":1600,"height":1200},{"@type":"BreadcrumbList","@id":"https:\/\/projets-solidaires.la-guilde.org\/du-sport-a-lacces-a-leau-une-mission-de-terrain-au-benin\/#breadcrumb","itemListElement":[{"@type":"ListItem","position":1,"name":"Accueil","item":"https:\/\/projets-solidaires.la-guilde.org\/"},{"@type":"ListItem","position":2,"name":"DU SPORT A L\u2019ACCES A L\u2019EAU\u00a0: UNE MISSION DE TERRAIN AU BENIN"}]},{"@type":"WebSite","@id":"https:\/\/projets-solidaires.la-guilde.org\/#website","url":"https:\/\/projets-solidaires.la-guilde.org\/","name":"La Guilde Microproject","description":"","publisher":{"@id":"https:\/\/projets-solidaires.la-guilde.org\/#organization"},"potentialAction":[{"@type":"SearchAction","target":{"@type":"EntryPoint","urlTemplate":"https:\/\/projets-solidaires.la-guilde.org\/?s={search_term_string}"},"query-input":{"@type":"PropertyValueSpecification","valueRequired":true,"valueName":"search_term_string"}}],"inLanguage":"en-GB"},{"@type":"Organization","@id":"https:\/\/projets-solidaires.la-guilde.org\/#organization","name":"La Guilde Microproject","url":"https:\/\/projets-solidaires.la-guilde.org\/","logo":{"@type":"ImageObject","inLanguage":"en-GB","@id":"https:\/\/projets-solidaires.la-guilde.org\/#\/schema\/logo\/image\/","url":"https:\/\/projets-solidaires.la-guilde.org\/wp-content\/uploads\/2025\/05\/logo-la-guilde-projets-solidaires.png","contentUrl":"https:\/\/projets-solidaires.la-guilde.org\/wp-content\/uploads\/2025\/05\/logo-la-guilde-projets-solidaires.png","width":396,"height":201,"caption":"Microprojet La Guilde"},"image":{"@id":"https:\/\/projets-solidaires.la-guilde.org\/#\/schema\/logo\/image\/"}},{"@type":"Person","@id":"https:\/\/projets-solidaires.la-guilde.org\/#\/schema\/person\/a1a7a8ab88783bd8e6164de7ec14b181","name":"laguildemp","image":{"@type":"ImageObject","inLanguage":"en-GB","@id":"https:\/\/secure.gravatar.com\/avatar\/5eb82fca917987808543c70328e7339a1c500ba9d2f9f1dd27a9e2e0f5b7c041?s=96&d=mm&r=g","url":"https:\/\/secure.gravatar.com\/avatar\/5eb82fca917987808543c70328e7339a1c500ba9d2f9f1dd27a9e2e0f5b7c041?s=96&d=mm&r=g","contentUrl":"https:\/\/secure.gravatar.com\/avatar\/5eb82fca917987808543c70328e7339a1c500ba9d2f9f1dd27a9e2e0f5b7c041?s=96&d=mm&r=g","caption":"laguildemp"}}]}},"publishpress_future_action":{"enabled":false,"date":"2026-05-06 14:19:01","action":"change-status","newStatus":"draft","terms":[],"taxonomy":"category","extraData":[]},"publishpress_future_workflow_manual_trigger":{"enabledWorkflows":[]},"_links":{"self":[{"href":"https:\/\/projets-solidaires.la-guilde.org\/en\/wp-json\/wp\/v2\/posts\/4255","targetHints":{"allow":["GET"]}}],"collection":[{"href":"https:\/\/projets-solidaires.la-guilde.org\/en\/wp-json\/wp\/v2\/posts"}],"about":[{"href":"https:\/\/projets-solidaires.la-guilde.org\/en\/wp-json\/wp\/v2\/types\/post"}],"author":[{"embeddable":true,"href":"https:\/\/projets-solidaires.la-guilde.org\/en\/wp-json\/wp\/v2\/users\/2"}],"replies":[{"embeddable":true,"href":"https:\/\/projets-solidaires.la-guilde.org\/en\/wp-json\/wp\/v2\/comments?post=4255"}],"version-history":[{"count":0,"href":"https:\/\/projets-solidaires.la-guilde.org\/en\/wp-json\/wp\/v2\/posts\/4255\/revisions"}],"wp:featuredmedia":[{"embeddable":true,"href":"https:\/\/projets-solidaires.la-guilde.org\/en\/wp-json\/wp\/v2\/media\/4257"}],"wp:attachment":[{"href":"https:\/\/projets-solidaires.la-guilde.org\/en\/wp-json\/wp\/v2\/media?parent=4255"}],"wp:term":[{"taxonomy":"category","embeddable":true,"href":"https:\/\/projets-solidaires.la-guilde.org\/en\/wp-json\/wp\/v2\/categories?post=4255"},{"taxonomy":"post_tag","embeddable":true,"href":"https:\/\/projets-solidaires.la-guilde.org\/en\/wp-json\/wp\/v2\/tags?post=4255"}],"curies":[{"name":"wp","href":"https:\/\/api.w.org\/{rel}","templated":true}]}}