{"id":4246,"date":"2025-09-29T08:49:44","date_gmt":"2025-09-29T08:49:44","guid":{"rendered":"https:\/\/projets-solidaires.la-guilde.org\/?p=4246"},"modified":"2026-02-02T09:44:02","modified_gmt":"2026-02-02T09:44:02","slug":"ivory-coast-reminder-of-a-crucial-civic-commitment","status":"publish","type":"post","link":"https:\/\/projets-solidaires.la-guilde.org\/en\/ivory-coast-reminder-of-a-crucial-civic-commitment\/","title":{"rendered":"Ivory Coast: A reminder of a crucial civic commitment"},"content":{"rendered":"<p><strong>From Abidjan to Korhogo via Man, Marie-Claire Adja\u00ef, from the Management Division, and Antonin H\u00e9lias, from the Microproject Division, traveled to C\u00f4te d&#039;Ivoire from July 16 to 31 to visit some of La Guilde&#039;s many microprojects and volunteers. It was also an opportunity to meet the various institutional partners with which La Guilde works in the country.<\/strong><\/p>\n\n\n\n<h2 class=\"wp-block-heading\"><strong><u>Abidjan: Strengthening it without forgetting the rest<\/u><\/strong><\/h2>\n\n\n\n<p>The mission started with a <strong>reception at the French Embassy in Ivory Coast <\/strong>in the Plateau district overlooking the Ebri\u00e9 lagoon, a vast expanse of water surrounded by the immense Ivorian capital in full spatial expansion. This meeting, organized with <strong>France Volunteers in Ivory Coast<\/strong>e, will have been the occasion for <strong>Mr. Ambassador Jean-Christophe BELLIARD <\/strong>to evoke his Guild past and his cycling trips across the South American and African continents. On volunteering, the Ambassador recalled the importance of continuing to strengthen the territorial network for sending volunteers to reduce the impact of macrocephaly in Abidjan.<\/p>\n\n\n\n<p>Abidjan is marked by intense demographic and spatial growth, raising the question of access to networks and in particular that of waste management and treatment. This issue is being tackled head-on by the association. <strong>Me Game Tri Ivory Coast<\/strong>, symbol of synergy of the activities of La Guilde because <strong>winner of the Fall 2023 AAP Microproject<\/strong> And <strong>reception structure for two volunteers in Civic Service<\/strong>Present in 4 municipalities of Abidjan, a beneficiary selection session was organized in Grand-Bassam for the new winning project Waste Work for Women, training and professional integration for women in the circular economy and waste treatment sector.<\/p>\n\n\n\n<p>Marie-Claire and Antonin then separated to head towards two other regions of Ivory Coast: <strong>The North and the Korhogo region and the West around the city of Man.<\/strong><\/p>\n\n\n\n<div class=\"wp-block-columns is-layout-flex wp-container-core-columns-is-layout-28f84493 wp-block-columns-is-layout-flex\">\n<div class=\"wp-block-column is-layout-flow wp-block-column-is-layout-flow\">\n<figure class=\"wp-block-image size-large\"><img decoding=\"async\" src=\"https:\/\/la-guilde.org\/wp-content\/uploads\/2024\/09\/20240717_094103-1-1024x768.jpg\" alt=\"\" class=\"wp-image-9522\"\/><figcaption class=\"wp-element-caption\">Meeting at the French Embassy in Ivory Coast with Ambassador Jean-Christophe Belliard and the France Volontaires team<\/figcaption><\/figure>\n<\/div>\n\n\n\n<div class=\"wp-block-column is-layout-flow wp-block-column-is-layout-flow\">\n<figure class=\"wp-block-image size-large\"><img decoding=\"async\" src=\"https:\/\/la-guilde.org\/wp-content\/uploads\/2024\/09\/20240718_125534-1024x768.jpg\" alt=\"\" class=\"wp-image-9512\"\/><figcaption class=\"wp-element-caption\">Waste sorting activity during a beneficiary selection session at Moi Jeu Tri&#039;s Waste Work for Women project<\/figcaption><\/figure>\n<\/div>\n<\/div>\n\n\n\n<h2 class=\"wp-block-heading\"><strong><u>Man: Heart of a region of active initiatives<\/u><\/strong><\/h2>\n\n\n\n<div class=\"wp-block-columns is-layout-flex wp-container-core-columns-is-layout-28f84493 wp-block-columns-is-layout-flex\">\n<div class=\"wp-block-column is-layout-flow wp-block-column-is-layout-flow\">\n<p>Wedged between 18 mountains, Man is one of the emblematic cities of the West of Ivory Coast, a region well represented in La Guilde&#039;s Microprojects with <strong>7 projects funded<\/strong>. This stay in the West began, for Antonin, with a trip to the remote village of Koonan a few kilometers from the Guinean border. This commune hosts the activities of the structure <strong>Life on Land, partner of Volunteering<\/strong> which runs the socio-cultural center and agricultural training activities for young people. These are in all <strong>4 civic service volunteers<\/strong> who had the opportunity to come and participate in the revitalization of this rural village.<\/p>\n\n\n\n<p>Head to Guiglo for the rest of the program and the visit of the partner of the French association <strong>Metishima<\/strong>&nbsp;: <strong>the Nicla school complex<\/strong>. A winning project from Spring 2020, this visit serves as a reminder of the impact of school infrastructure construction on the teaching conditions of teachers and the schooling of students on academic results and promotion to the next class.<\/p>\n\n\n\n<p>The end point of this stay in the West is in the town of Danan\u00e9, the last large town before the border tripoint between C\u00f4te d&#039;Ivoire, Liberia and Guinea, symbolized by Mount Nimba. Hosted by the <strong>International Missionary Center<\/strong> In 2015, the sewing training microproject continued almost 10 years later despite the difficulties encountered. Some of the women trained at the time have set up their own businesses. Another has in turn become a trainer for other young people in the city. They are still supported by the initial trainer who gives them advice on repairing their machine or teaches them new sewing patterns. A symbol of the long-term impact of microprojects.<\/p>\n<\/div>\n\n\n\n<div class=\"wp-block-column is-layout-flow wp-block-column-is-layout-flow\">\n<figure class=\"wp-block-image size-large\"><img decoding=\"async\" src=\"https:\/\/la-guilde.org\/wp-content\/uploads\/2024\/09\/20240722_134652-1024x768.jpg\" alt=\"\" class=\"wp-image-9518\"\/><figcaption class=\"wp-element-caption\">Agricultural training plots for young people in Koonan village set up by Life on Land<\/figcaption><\/figure>\n\n\n\n<div style=\"height:170px\" aria-hidden=\"true\" class=\"wp-block-spacer\"><\/div>\n\n\n\n<figure class=\"wp-block-image size-large\"><img decoding=\"async\" src=\"https:\/\/la-guilde.org\/wp-content\/uploads\/2024\/09\/20240724_104609-1024x768.jpg\" alt=\"\" class=\"wp-image-9510\"\/><figcaption class=\"wp-element-caption\">Nicla 3 school in Guiglo: Spring 2020 Microproject Winner<\/figcaption><\/figure>\n\n\n\n<div style=\"height:0px\" aria-hidden=\"true\" class=\"wp-block-spacer\"><\/div>\n\n\n\n<figure class=\"wp-block-image size-large\"><img decoding=\"async\" src=\"https:\/\/la-guilde.org\/wp-content\/uploads\/2024\/09\/IMG-20240726-WA0043-1024x768.jpg\" alt=\"\" class=\"wp-image-9514\"\/><figcaption class=\"wp-element-caption\">Discussions with one of the beneficiaries of a microproject dating from 2015 in Danan\u00e9<\/figcaption><\/figure>\n<\/div>\n<\/div>\n\n\n\n<div class=\"wp-block-columns is-layout-flex wp-container-core-columns-is-layout-28f84493 wp-block-columns-is-layout-flex\">\n<div class=\"wp-block-column is-layout-flow wp-block-column-is-layout-flow\"><\/div>\n\n\n\n<div class=\"wp-block-column is-layout-flow wp-block-column-is-layout-flow\"><\/div>\n<\/div>\n\n\n\n<h2 class=\"wp-block-heading\"><strong><u>Korhogo: Strengthening the scope of commitments near areas of tension<\/u><\/strong><\/h2>\n\n\n\n<p>In the North, in Korhogo, the third most populated city in the country and the last major urban area before Mali and Burkina Faso, Marie-Claire had the opportunity to visit<strong> Delivery to Ivory Coast<\/strong>, a historic partner of the French association<strong> ASDAE<\/strong>, three-time winner of the Microprojects. In the city of Katia, she works on issues of education, sport &amp; development and population empowerment.<\/p>\n\n\n\n<p>A short detour via the<strong>French Alliance of Korhogo<\/strong>, partner of La Guilde which hosted a screening of the <strong>film &quot;We Walked Under the Earth&quot;, by Alex Lopez, winner of the Golden Fleece Prize at the 2024 Dijon Adventure Screens Festival<\/strong>The structure now accommodates, <strong>a volunteer in Civic Service<\/strong> who is responsible for supporting children with cooking activities and raising awareness about hygiene. A meeting was also organized with the director of the<strong>NGO Les Flamboyants<\/strong>, partner of the French association <strong>SOLINFO <\/strong>for a sewing training project for young women in this area of northern Ivory Coast, which is under tension over migration, trade and security issues with Burkina Faso and the presence of gold mining areas, creating socio-economic vulnerability for the population.<\/p>\n\n\n\n<p>To conclude this stay in the North of Ivory Coast, a trip to the town of Katiola allowed a visit to the<strong>AKADESO NGO <\/strong>who is working on the electrification of a vocational training center for young women. With the solar panels installed this summer, training in catering and sewing will begin.<\/p>\n\n\n\n<div class=\"wp-block-columns is-layout-flex wp-container-core-columns-is-layout-28f84493 wp-block-columns-is-layout-flex\">\n<div class=\"wp-block-column is-layout-flow wp-block-column-is-layout-flow\">\n<figure class=\"wp-block-image size-large\"><img decoding=\"async\" src=\"https:\/\/la-guilde.org\/wp-content\/uploads\/2024\/09\/IMG-20240722-WA0003-1024x768.jpg\" alt=\"\" class=\"wp-image-9520\"\/><figcaption class=\"wp-element-caption\">Meeting with Jacques Krako, president of the Ivorian NGO Les Flamboyants<\/figcaption><\/figure>\n<\/div>\n\n\n\n<div class=\"wp-block-column is-layout-flow wp-block-column-is-layout-flow\">\n<figure class=\"wp-block-image size-large\"><img decoding=\"async\" src=\"https:\/\/la-guilde.org\/wp-content\/uploads\/2024\/09\/IMG-20240724-WA0009-1024x768.jpg\" alt=\"\" class=\"wp-image-9521\"\/><figcaption class=\"wp-element-caption\">Handball match in Katia organized by the NGO Livr&#039;raison C\u00f4te d&#039;Ivoire<\/figcaption><\/figure>\n<\/div>\n<\/div>\n\n\n\n<p>Back in Abidjan for a few days, several appointments were set to visit the volunteers of<strong>Empow&#039;her<\/strong>, working on issues of economic empowerment of women in West Africa in particular. Still on the volunteer side, the Ivorian association <strong>Biblio&#039;Bulles<\/strong> will have opened the doors of one of its libraries to present its academic support and reading activities with children from certain disadvantaged neighborhoods of Abidjan. These last few days will also have allowed us to continue the institutional work started at the beginning of the stay with the <strong>Cooperation and Cultural Activities Department of the French Embassy<\/strong>.<\/p>\n\n\n\n<p>Surprisingly, July 2024 will also have been the date of implementation of an order regulating Ivorian associations by the current government to combat crime and money laundering, a decision feared by local CSOs and seen as an obstacle to the implementation of international solidarity projects. This mission further demonstrates the importance of the work of these Ivorian associations and their initiatives, which La Guilde supports through its activities.<\/p>","protected":false},"excerpt":{"rendered":"<p>D\u2019Abidjan \u00e0 Korhogo en passant par Man, Marie-Claire Adja\u00ef, du P\u00f4le Gestion, et Antonin H\u00e9lias, du P\u00f4le Microprojets, se sont rendus en C\u00f4te d\u2019ivoire du 16 au 31 juillet pour visiter certains des nombreux microprojets et volontaires de La Guilde. Occasion \u00e9galement de rencontrer les diff\u00e9rents partenaires institutionnels avec lesquels La Guilde travaille dans le [&hellip;]<\/p>\n","protected":false},"author":2,"featured_media":4252,"comment_status":"open","ping_status":"open","sticky":false,"template":"","format":"standard","meta":{"inline_featured_image":false,"footnotes":""},"categories":[1,1085],"tags":[1094,1104],"class_list":["post-4246","post","type-post","status-publish","format-standard","has-post-thumbnail","hentry","category-blog","category-mission-terrain","tag-suivi-evaluation","tag-cote-divoire"],"yoast_head":"<!-- This site is optimized with the Yoast SEO plugin v27.3 - https:\/\/yoast.com\/product\/yoast-seo-wordpress\/ -->\n<title>C\u00f4te d\u2019Ivoire\u00a0: Rappel d\u2019un engagement citoyen crucial - Microprojet La Guilde<\/title>\n<meta name=\"description\" content=\"Visiter des microprojets, rencontrer des volontaires et des institutionnels, tel \u00e9tait le programme de La Guilde en C\u00f4te d&#039;Ivoire.\" \/>\n<meta name=\"robots\" content=\"index, follow, max-snippet:-1, max-image-preview:large, max-video-preview:-1\" \/>\n<link rel=\"canonical\" href=\"https:\/\/projets-solidaires.la-guilde.org\/en\/ivory-coast-reminder-of-a-crucial-civic-commitment\/\" \/>\n<script type=\"application\/ld+json\" class=\"yoast-schema-graph\">{\"@context\":\"https:\\\/\\\/schema.org\",\"@graph\":[{\"@type\":\"Article\",\"@id\":\"https:\\\/\\\/projets-solidaires.la-guilde.org\\\/cote-divoire-rappel-dun-engagement-citoyen-crucial\\\/#article\",\"isPartOf\":{\"@id\":\"https:\\\/\\\/projets-solidaires.la-guilde.org\\\/cote-divoire-rappel-dun-engagement-citoyen-crucial\\\/\"},\"author\":{\"name\":\"laguildemp\",\"@id\":\"https:\\\/\\\/projets-solidaires.la-guilde.org\\\/#\\\/schema\\\/person\\\/a1a7a8ab88783bd8e6164de7ec14b181\"},\"headline\":\"C\u00f4te d\u2019Ivoire\u00a0: Rappel d\u2019un engagement citoyen crucial\",\"datePublished\":\"2025-09-29T08:49:44+00:00\",\"dateModified\":\"2026-02-02T09:44:02+00:00\",\"mainEntityOfPage\":{\"@id\":\"https:\\\/\\\/projets-solidaires.la-guilde.org\\\/cote-divoire-rappel-dun-engagement-citoyen-crucial\\\/\"},\"wordCount\":1305,\"commentCount\":0,\"publisher\":{\"@id\":\"https:\\\/\\\/projets-solidaires.la-guilde.org\\\/#organization\"},\"image\":{\"@id\":\"https:\\\/\\\/projets-solidaires.la-guilde.org\\\/cote-divoire-rappel-dun-engagement-citoyen-crucial\\\/#primaryimage\"},\"thumbnailUrl\":\"https:\\\/\\\/projets-solidaires.la-guilde.org\\\/wp-content\\\/uploads\\\/2025\\\/09\\\/20240722_151649.jpg\",\"keywords\":[\"Suivi-\u00e9valuation\",\"C\u00f4te d'Ivoire\"],\"articleSection\":[\"Blog\",\"mission terrain\"],\"inLanguage\":\"en-GB\",\"potentialAction\":[{\"@type\":\"CommentAction\",\"name\":\"Comment\",\"target\":[\"https:\\\/\\\/projets-solidaires.la-guilde.org\\\/cote-divoire-rappel-dun-engagement-citoyen-crucial\\\/#respond\"]}]},{\"@type\":\"WebPage\",\"@id\":\"https:\\\/\\\/projets-solidaires.la-guilde.org\\\/cote-divoire-rappel-dun-engagement-citoyen-crucial\\\/\",\"url\":\"https:\\\/\\\/projets-solidaires.la-guilde.org\\\/cote-divoire-rappel-dun-engagement-citoyen-crucial\\\/\",\"name\":\"C\u00f4te d\u2019Ivoire\u00a0: Rappel d\u2019un engagement citoyen crucial - Microprojet La Guilde\",\"isPartOf\":{\"@id\":\"https:\\\/\\\/projets-solidaires.la-guilde.org\\\/#website\"},\"primaryImageOfPage\":{\"@id\":\"https:\\\/\\\/projets-solidaires.la-guilde.org\\\/cote-divoire-rappel-dun-engagement-citoyen-crucial\\\/#primaryimage\"},\"image\":{\"@id\":\"https:\\\/\\\/projets-solidaires.la-guilde.org\\\/cote-divoire-rappel-dun-engagement-citoyen-crucial\\\/#primaryimage\"},\"thumbnailUrl\":\"https:\\\/\\\/projets-solidaires.la-guilde.org\\\/wp-content\\\/uploads\\\/2025\\\/09\\\/20240722_151649.jpg\",\"datePublished\":\"2025-09-29T08:49:44+00:00\",\"dateModified\":\"2026-02-02T09:44:02+00:00\",\"description\":\"Visiter des microprojets, rencontrer des volontaires et des institutionnels, tel \u00e9tait le programme de La Guilde en C\u00f4te d'Ivoire.\",\"breadcrumb\":{\"@id\":\"https:\\\/\\\/projets-solidaires.la-guilde.org\\\/cote-divoire-rappel-dun-engagement-citoyen-crucial\\\/#breadcrumb\"},\"inLanguage\":\"en-GB\",\"potentialAction\":[{\"@type\":\"ReadAction\",\"target\":[\"https:\\\/\\\/projets-solidaires.la-guilde.org\\\/cote-divoire-rappel-dun-engagement-citoyen-crucial\\\/\"]}]},{\"@type\":\"ImageObject\",\"inLanguage\":\"en-GB\",\"@id\":\"https:\\\/\\\/projets-solidaires.la-guilde.org\\\/cote-divoire-rappel-dun-engagement-citoyen-crucial\\\/#primaryimage\",\"url\":\"https:\\\/\\\/projets-solidaires.la-guilde.org\\\/wp-content\\\/uploads\\\/2025\\\/09\\\/20240722_151649.jpg\",\"contentUrl\":\"https:\\\/\\\/projets-solidaires.la-guilde.org\\\/wp-content\\\/uploads\\\/2025\\\/09\\\/20240722_151649.jpg\",\"width\":1920,\"height\":1440},{\"@type\":\"BreadcrumbList\",\"@id\":\"https:\\\/\\\/projets-solidaires.la-guilde.org\\\/cote-divoire-rappel-dun-engagement-citoyen-crucial\\\/#breadcrumb\",\"itemListElement\":[{\"@type\":\"ListItem\",\"position\":1,\"name\":\"Accueil\",\"item\":\"https:\\\/\\\/projets-solidaires.la-guilde.org\\\/\"},{\"@type\":\"ListItem\",\"position\":2,\"name\":\"C\u00f4te d\u2019Ivoire\u00a0: Rappel d\u2019un engagement citoyen crucial\"}]},{\"@type\":\"WebSite\",\"@id\":\"https:\\\/\\\/projets-solidaires.la-guilde.org\\\/#website\",\"url\":\"https:\\\/\\\/projets-solidaires.la-guilde.org\\\/\",\"name\":\"Microprojet La Guilde\",\"description\":\"\",\"publisher\":{\"@id\":\"https:\\\/\\\/projets-solidaires.la-guilde.org\\\/#organization\"},\"potentialAction\":[{\"@type\":\"SearchAction\",\"target\":{\"@type\":\"EntryPoint\",\"urlTemplate\":\"https:\\\/\\\/projets-solidaires.la-guilde.org\\\/?s={search_term_string}\"},\"query-input\":{\"@type\":\"PropertyValueSpecification\",\"valueRequired\":true,\"valueName\":\"search_term_string\"}}],\"inLanguage\":\"en-GB\"},{\"@type\":\"Organization\",\"@id\":\"https:\\\/\\\/projets-solidaires.la-guilde.org\\\/#organization\",\"name\":\"Microprojet La Guilde\",\"url\":\"https:\\\/\\\/projets-solidaires.la-guilde.org\\\/\",\"logo\":{\"@type\":\"ImageObject\",\"inLanguage\":\"en-GB\",\"@id\":\"https:\\\/\\\/projets-solidaires.la-guilde.org\\\/#\\\/schema\\\/logo\\\/image\\\/\",\"url\":\"https:\\\/\\\/projets-solidaires.la-guilde.org\\\/wp-content\\\/uploads\\\/2025\\\/05\\\/logo-la-guilde-projets-solidaires.png\",\"contentUrl\":\"https:\\\/\\\/projets-solidaires.la-guilde.org\\\/wp-content\\\/uploads\\\/2025\\\/05\\\/logo-la-guilde-projets-solidaires.png\",\"width\":396,\"height\":201,\"caption\":\"Microprojet La Guilde\"},\"image\":{\"@id\":\"https:\\\/\\\/projets-solidaires.la-guilde.org\\\/#\\\/schema\\\/logo\\\/image\\\/\"}},{\"@type\":\"Person\",\"@id\":\"https:\\\/\\\/projets-solidaires.la-guilde.org\\\/#\\\/schema\\\/person\\\/a1a7a8ab88783bd8e6164de7ec14b181\",\"name\":\"laguildemp\",\"image\":{\"@type\":\"ImageObject\",\"inLanguage\":\"en-GB\",\"@id\":\"https:\\\/\\\/secure.gravatar.com\\\/avatar\\\/5eb82fca917987808543c70328e7339a1c500ba9d2f9f1dd27a9e2e0f5b7c041?s=96&d=mm&r=g\",\"url\":\"https:\\\/\\\/secure.gravatar.com\\\/avatar\\\/5eb82fca917987808543c70328e7339a1c500ba9d2f9f1dd27a9e2e0f5b7c041?s=96&d=mm&r=g\",\"contentUrl\":\"https:\\\/\\\/secure.gravatar.com\\\/avatar\\\/5eb82fca917987808543c70328e7339a1c500ba9d2f9f1dd27a9e2e0f5b7c041?s=96&d=mm&r=g\",\"caption\":\"laguildemp\"}}]}<\/script>\n<!-- \/ Yoast SEO plugin. -->","yoast_head_json":{"title":"Ivory Coast: A reminder of a crucial civic commitment - The Guild Microproject","description":"Visiting micro-projects, meeting volunteers and institutional representatives, such was the program of La Guilde in Ivory Coast.","robots":{"index":"index","follow":"follow","max-snippet":"max-snippet:-1","max-image-preview":"max-image-preview:large","max-video-preview":"max-video-preview:-1"},"canonical":"https:\/\/projets-solidaires.la-guilde.org\/en\/ivory-coast-reminder-of-a-crucial-civic-commitment\/","schema":{"@context":"https:\/\/schema.org","@graph":[{"@type":"Article","@id":"https:\/\/projets-solidaires.la-guilde.org\/cote-divoire-rappel-dun-engagement-citoyen-crucial\/#article","isPartOf":{"@id":"https:\/\/projets-solidaires.la-guilde.org\/cote-divoire-rappel-dun-engagement-citoyen-crucial\/"},"author":{"name":"laguildemp","@id":"https:\/\/projets-solidaires.la-guilde.org\/#\/schema\/person\/a1a7a8ab88783bd8e6164de7ec14b181"},"headline":"C\u00f4te d\u2019Ivoire\u00a0: Rappel d\u2019un engagement citoyen crucial","datePublished":"2025-09-29T08:49:44+00:00","dateModified":"2026-02-02T09:44:02+00:00","mainEntityOfPage":{"@id":"https:\/\/projets-solidaires.la-guilde.org\/cote-divoire-rappel-dun-engagement-citoyen-crucial\/"},"wordCount":1305,"commentCount":0,"publisher":{"@id":"https:\/\/projets-solidaires.la-guilde.org\/#organization"},"image":{"@id":"https:\/\/projets-solidaires.la-guilde.org\/cote-divoire-rappel-dun-engagement-citoyen-crucial\/#primaryimage"},"thumbnailUrl":"https:\/\/projets-solidaires.la-guilde.org\/wp-content\/uploads\/2025\/09\/20240722_151649.jpg","keywords":["Suivi-\u00e9valuation","C\u00f4te d'Ivoire"],"articleSection":["Blog","mission terrain"],"inLanguage":"en-GB","potentialAction":[{"@type":"CommentAction","name":"Comment","target":["https:\/\/projets-solidaires.la-guilde.org\/cote-divoire-rappel-dun-engagement-citoyen-crucial\/#respond"]}]},{"@type":"WebPage","@id":"https:\/\/projets-solidaires.la-guilde.org\/cote-divoire-rappel-dun-engagement-citoyen-crucial\/","url":"https:\/\/projets-solidaires.la-guilde.org\/cote-divoire-rappel-dun-engagement-citoyen-crucial\/","name":"Ivory Coast: A reminder of a crucial civic commitment - The Guild Microproject","isPartOf":{"@id":"https:\/\/projets-solidaires.la-guilde.org\/#website"},"primaryImageOfPage":{"@id":"https:\/\/projets-solidaires.la-guilde.org\/cote-divoire-rappel-dun-engagement-citoyen-crucial\/#primaryimage"},"image":{"@id":"https:\/\/projets-solidaires.la-guilde.org\/cote-divoire-rappel-dun-engagement-citoyen-crucial\/#primaryimage"},"thumbnailUrl":"https:\/\/projets-solidaires.la-guilde.org\/wp-content\/uploads\/2025\/09\/20240722_151649.jpg","datePublished":"2025-09-29T08:49:44+00:00","dateModified":"2026-02-02T09:44:02+00:00","description":"Visiting micro-projects, meeting volunteers and institutional representatives, such was the program of La Guilde in Ivory Coast.","breadcrumb":{"@id":"https:\/\/projets-solidaires.la-guilde.org\/cote-divoire-rappel-dun-engagement-citoyen-crucial\/#breadcrumb"},"inLanguage":"en-GB","potentialAction":[{"@type":"ReadAction","target":["https:\/\/projets-solidaires.la-guilde.org\/cote-divoire-rappel-dun-engagement-citoyen-crucial\/"]}]},{"@type":"ImageObject","inLanguage":"en-GB","@id":"https:\/\/projets-solidaires.la-guilde.org\/cote-divoire-rappel-dun-engagement-citoyen-crucial\/#primaryimage","url":"https:\/\/projets-solidaires.la-guilde.org\/wp-content\/uploads\/2025\/09\/20240722_151649.jpg","contentUrl":"https:\/\/projets-solidaires.la-guilde.org\/wp-content\/uploads\/2025\/09\/20240722_151649.jpg","width":1920,"height":1440},{"@type":"BreadcrumbList","@id":"https:\/\/projets-solidaires.la-guilde.org\/cote-divoire-rappel-dun-engagement-citoyen-crucial\/#breadcrumb","itemListElement":[{"@type":"ListItem","position":1,"name":"Accueil","item":"https:\/\/projets-solidaires.la-guilde.org\/"},{"@type":"ListItem","position":2,"name":"C\u00f4te d\u2019Ivoire\u00a0: Rappel d\u2019un engagement citoyen crucial"}]},{"@type":"WebSite","@id":"https:\/\/projets-solidaires.la-guilde.org\/#website","url":"https:\/\/projets-solidaires.la-guilde.org\/","name":"La Guilde Microproject","description":"","publisher":{"@id":"https:\/\/projets-solidaires.la-guilde.org\/#organization"},"potentialAction":[{"@type":"SearchAction","target":{"@type":"EntryPoint","urlTemplate":"https:\/\/projets-solidaires.la-guilde.org\/?s={search_term_string}"},"query-input":{"@type":"PropertyValueSpecification","valueRequired":true,"valueName":"search_term_string"}}],"inLanguage":"en-GB"},{"@type":"Organization","@id":"https:\/\/projets-solidaires.la-guilde.org\/#organization","name":"La Guilde Microproject","url":"https:\/\/projets-solidaires.la-guilde.org\/","logo":{"@type":"ImageObject","inLanguage":"en-GB","@id":"https:\/\/projets-solidaires.la-guilde.org\/#\/schema\/logo\/image\/","url":"https:\/\/projets-solidaires.la-guilde.org\/wp-content\/uploads\/2025\/05\/logo-la-guilde-projets-solidaires.png","contentUrl":"https:\/\/projets-solidaires.la-guilde.org\/wp-content\/uploads\/2025\/05\/logo-la-guilde-projets-solidaires.png","width":396,"height":201,"caption":"Microprojet La Guilde"},"image":{"@id":"https:\/\/projets-solidaires.la-guilde.org\/#\/schema\/logo\/image\/"}},{"@type":"Person","@id":"https:\/\/projets-solidaires.la-guilde.org\/#\/schema\/person\/a1a7a8ab88783bd8e6164de7ec14b181","name":"laguildemp","image":{"@type":"ImageObject","inLanguage":"en-GB","@id":"https:\/\/secure.gravatar.com\/avatar\/5eb82fca917987808543c70328e7339a1c500ba9d2f9f1dd27a9e2e0f5b7c041?s=96&d=mm&r=g","url":"https:\/\/secure.gravatar.com\/avatar\/5eb82fca917987808543c70328e7339a1c500ba9d2f9f1dd27a9e2e0f5b7c041?s=96&d=mm&r=g","contentUrl":"https:\/\/secure.gravatar.com\/avatar\/5eb82fca917987808543c70328e7339a1c500ba9d2f9f1dd27a9e2e0f5b7c041?s=96&d=mm&r=g","caption":"laguildemp"}}]}},"publishpress_future_action":{"enabled":false,"date":"2026-05-06 14:16:57","action":"change-status","newStatus":"draft","terms":[],"taxonomy":"category","extraData":[]},"publishpress_future_workflow_manual_trigger":{"enabledWorkflows":[]},"_links":{"self":[{"href":"https:\/\/projets-solidaires.la-guilde.org\/en\/wp-json\/wp\/v2\/posts\/4246","targetHints":{"allow":["GET"]}}],"collection":[{"href":"https:\/\/projets-solidaires.la-guilde.org\/en\/wp-json\/wp\/v2\/posts"}],"about":[{"href":"https:\/\/projets-solidaires.la-guilde.org\/en\/wp-json\/wp\/v2\/types\/post"}],"author":[{"embeddable":true,"href":"https:\/\/projets-solidaires.la-guilde.org\/en\/wp-json\/wp\/v2\/users\/2"}],"replies":[{"embeddable":true,"href":"https:\/\/projets-solidaires.la-guilde.org\/en\/wp-json\/wp\/v2\/comments?post=4246"}],"version-history":[{"count":0,"href":"https:\/\/projets-solidaires.la-guilde.org\/en\/wp-json\/wp\/v2\/posts\/4246\/revisions"}],"wp:featuredmedia":[{"embeddable":true,"href":"https:\/\/projets-solidaires.la-guilde.org\/en\/wp-json\/wp\/v2\/media\/4252"}],"wp:attachment":[{"href":"https:\/\/projets-solidaires.la-guilde.org\/en\/wp-json\/wp\/v2\/media?parent=4246"}],"wp:term":[{"taxonomy":"category","embeddable":true,"href":"https:\/\/projets-solidaires.la-guilde.org\/en\/wp-json\/wp\/v2\/categories?post=4246"},{"taxonomy":"post_tag","embeddable":true,"href":"https:\/\/projets-solidaires.la-guilde.org\/en\/wp-json\/wp\/v2\/tags?post=4246"}],"curies":[{"name":"wp","href":"https:\/\/api.w.org\/{rel}","templated":true}]}}