{"id":4212,"date":"2025-09-26T14:00:45","date_gmt":"2025-09-26T14:00:45","guid":{"rendered":"https:\/\/projets-solidaires.la-guilde.org\/?p=4212"},"modified":"2025-10-13T06:49:02","modified_gmt":"2025-10-13T06:49:02","slug":"creole-garden-photo-report-between-memory-food-sovereignty-and-cooperation-tool","status":"publish","type":"post","link":"https:\/\/projets-solidaires.la-guilde.org\/en\/creole-garden-photo-report-between-memory-food-sovereignty-and-cooperation-tool\/","title":{"rendered":"[Photoreportage] Jaden Kr\u00e9yol : entre m\u00e9moire, subsistance et outil de coop\u00e9ration"},"content":{"rendered":"<p><em><strong>Creating a link between actors <em>from Guadeloupe, Martinique and Guyana,<\/em> promote local initiatives and encourage new cooperation<\/strong> : this is the whole spirit of the <strong>\u201ccooperation breakfast\u201d<\/strong> organized by <strong>Karib Horizon<\/strong>. The latest edition <em>took place in Guadeloupe<\/em><\/em> And <em>led the participants into an original and inspiring setting: the <em>\u201cJaden Kreyol\u201d<\/em> led by the association <strong>Rezilyans<\/strong><\/em> <em><strong>971.<\/strong><\/em><\/p>\n\n\n\n<p>Photo credits: Angela Fontana\/LaGuilde2025<\/p>\n\n\n\n<h3 class=\"wp-block-heading\">A territorial animation meeting <\/h3>\n\n\n\n<p>The morning sun filters through the leaves, the air is already warm, voices mingle around cups of &quot;t\u00e9 p\u00e9yi&quot;. <strong>&quot;cooperation breakfast&quot;<\/strong> &quot;, organized by <strong>Karib Horizon<\/strong> within the framework of the <strong>COREOM program \u2013 Overseas regional cooperation,<\/strong> begins in a friendly and relaxed atmosphere. It&#039;s not a formal meeting: it&#039;s a moment designed to create connections. <strong>Institutions, associations, project leaders, teachers, citizens<\/strong> : the profiles are varied, but all have in common the desire to get to know each other better and to exchange ideas around a time of openness to others, this time in the heart of nature.<\/p>\n\n\n\n<div class=\"wp-block-group is-layout-constrained wp-block-group-is-layout-constrained\">\n<div class=\"wp-block-columns is-layout-flex wp-container-core-columns-is-layout-28f84493 wp-block-columns-is-layout-flex\">\n<div class=\"wp-block-column is-vertically-aligned-stretch is-layout-flow wp-block-column-is-layout-flow\" style=\"flex-basis:100%\">\n<figure class=\"wp-block-image alignright size-large is-resized\"><img fetchpriority=\"high\" decoding=\"async\" width=\"1024\" height=\"819\" src=\"https:\/\/projets-solidaires.la-guilde.org\/wp-content\/uploads\/2025\/09\/WhatsApp-Image-2025-09-27-a-10.20.05_26d6b5ff-1024x819.jpg\" alt=\"\" class=\"wp-image-4221\" style=\"width:502px;height:auto\" srcset=\"https:\/\/projets-solidaires.la-guilde.org\/wp-content\/uploads\/2025\/09\/WhatsApp-Image-2025-09-27-a-10.20.05_26d6b5ff-1024x819.jpg 1024w, https:\/\/projets-solidaires.la-guilde.org\/wp-content\/uploads\/2025\/09\/WhatsApp-Image-2025-09-27-a-10.20.05_26d6b5ff-300x240.jpg 300w, https:\/\/projets-solidaires.la-guilde.org\/wp-content\/uploads\/2025\/09\/WhatsApp-Image-2025-09-27-a-10.20.05_26d6b5ff-768x614.jpg 768w, https:\/\/projets-solidaires.la-guilde.org\/wp-content\/uploads\/2025\/09\/WhatsApp-Image-2025-09-27-a-10.20.05_26d6b5ff-1536x1229.jpg 1536w, https:\/\/projets-solidaires.la-guilde.org\/wp-content\/uploads\/2025\/09\/WhatsApp-Image-2025-09-27-a-10.20.05_26d6b5ff.jpg 1600w\" sizes=\"(max-width: 1024px) 100vw, 1024px\" \/><\/figure>\n\n\n\n<div class=\"wp-block-group is-vertical is-content-justification-left is-nowrap is-layout-flex wp-container-core-group-is-layout-b9305f23 wp-block-group-is-layout-flex\">\n<figure class=\"wp-block-pullquote has-medium-font-size\" style=\"padding-top:74;padding-right:74;padding-bottom:74;padding-left:74\"><blockquote><p>\u201cOur role is to bring the region to life by creating simple and accessible spaces where everyone can share their experiences.\u201d<\/p><cite><strong>Mathieu Balagne, <\/strong><br><strong>Karib Horizon Coordinator<\/strong><\/cite><\/blockquote><\/figure>\n<\/div>\n<\/div>\n<\/div>\n\n\n\n<p>For Karib Horizon, choosing this place is not trivial: territorial animation takes on its full meaning when it is based on <strong>concrete initiatives, led by local stakeholders, based on their needs<\/strong>, and serving the territory.<\/p>\n\n\n\n<h3 class=\"wp-block-heading\">R\u00e9zilyans 971, popular education by Jaden Kreyol<\/h3>\n<\/div>\n\n\n\n<div class=\"wp-block-columns is-layout-flex wp-container-core-columns-is-layout-28f84493 wp-block-columns-is-layout-flex\">\n<div class=\"wp-block-column is-layout-flow wp-block-column-is-layout-flow\" style=\"flex-basis:100%\">\n<p>At the heart of the meeting, <strong>Fiona Roche<\/strong>, founder of R\u00e9zylians 971, presented her action: <strong>raise awareness of biodiversity, provide educational support for young and old and pass on the heritage of the Creole garden<\/strong>.<\/p>\n<\/div>\n<\/div>\n\n\n\n<div class=\"wp-block-media-text is-stacked-on-mobile\" style=\"grid-template-columns:45% auto\"><figure class=\"wp-block-media-text__media\"><img decoding=\"async\" width=\"770\" height=\"1024\" src=\"https:\/\/projets-solidaires.la-guilde.org\/wp-content\/uploads\/2025\/09\/PXL_20250926_130950332.PORTRAIT3-770x1024.jpg\" alt=\"\" class=\"wp-image-4218 size-full\" srcset=\"https:\/\/projets-solidaires.la-guilde.org\/wp-content\/uploads\/2025\/09\/PXL_20250926_130950332.PORTRAIT3-770x1024.jpg 770w, https:\/\/projets-solidaires.la-guilde.org\/wp-content\/uploads\/2025\/09\/PXL_20250926_130950332.PORTRAIT3-226x300.jpg 226w, https:\/\/projets-solidaires.la-guilde.org\/wp-content\/uploads\/2025\/09\/PXL_20250926_130950332.PORTRAIT3-768x1021.jpg 768w, https:\/\/projets-solidaires.la-guilde.org\/wp-content\/uploads\/2025\/09\/PXL_20250926_130950332.PORTRAIT3.jpg 1062w\" sizes=\"(max-width: 770px) 100vw, 770px\" \/><\/figure><div class=\"wp-block-media-text__content\">\n<p><strong>R\u00e9zilyans 971<\/strong> is a Guadeloupean association based in Sainte-Anne, whose mission is to promote sustainable lifestyles through concrete actions in Guadeloupe and the Caribbean. Faced with the environmental, social and climatic challenges specific to island territories, R\u00e9zilyans has set itself the mission of raising awareness among citizens, experimenting with ecological alternatives (permaculture, eco-construction, recovery, energy and food autonomy) and increasing collective resilience.<\/p>\n\n\n\n<p>The association also carries the idea of a <strong>open eco-place<\/strong> : a space where young and old can meet, learn, experiment, share, produce local food, and reconnect with nature in a framework of mutual respect and solidarity. \u201cDeveloping resilience means enabling the inhabitants of the archipelago to be more autonomous in the face of crises (climatic, economic, social), to reduce dependence on imports, to restore local ecosystems, and to reaffirm traditional knowledge (medicinal plants, food gardens) within a collective approach.\u201d<\/p>\n<\/div><\/div>\n\n\n\n<div class=\"wp-block-columns is-layout-flex wp-container-core-columns-is-layout-28f84493 wp-block-columns-is-layout-flex\">\n<div class=\"wp-block-column is-layout-flow wp-block-column-is-layout-flow\" style=\"flex-basis:100%\">\n<div class=\"wp-block-group is-layout-constrained wp-block-group-is-layout-constrained\">\n<div class=\"wp-block-columns is-layout-flex wp-container-core-columns-is-layout-28f84493 wp-block-columns-is-layout-flex\">\n<div class=\"wp-block-column is-layout-flow wp-block-column-is-layout-flow\" style=\"flex-basis:100%\">\n<figure class=\"wp-block-pullquote\"><blockquote><p><br>\u201cWe only preserve what we love, <br>We love what we know.<\/p><cite>Fiona \u2013 Founder of R\u00e9zilyans 971<\/cite><\/blockquote><\/figure>\n<\/div>\n<\/div>\n<\/div>\n<\/div>\n<\/div>\n\n\n\n<figure class=\"wp-block-image size-large\"><img decoding=\"async\" width=\"1024\" height=\"696\" src=\"https:\/\/projets-solidaires.la-guilde.org\/wp-content\/uploads\/2025\/09\/PXL_20250926_1327423403-1-1024x696.jpg\" alt=\"\" class=\"wp-image-4222\" srcset=\"https:\/\/projets-solidaires.la-guilde.org\/wp-content\/uploads\/2025\/09\/PXL_20250926_1327423403-1-1024x696.jpg 1024w, https:\/\/projets-solidaires.la-guilde.org\/wp-content\/uploads\/2025\/09\/PXL_20250926_1327423403-1-300x204.jpg 300w, https:\/\/projets-solidaires.la-guilde.org\/wp-content\/uploads\/2025\/09\/PXL_20250926_1327423403-1-768x522.jpg 768w, https:\/\/projets-solidaires.la-guilde.org\/wp-content\/uploads\/2025\/09\/PXL_20250926_1327423403-1-1536x1044.jpg 1536w, https:\/\/projets-solidaires.la-guilde.org\/wp-content\/uploads\/2025\/09\/PXL_20250926_1327423403-1.jpg 1920w\" sizes=\"(max-width: 1024px) 100vw, 1024px\" \/><\/figure>\n\n\n\n<p> &quot;The Creole garden is a colonial legacy, but it is also a tool for the future: self-sufficiency, food security, adaptation to climate change,&quot; she added. <\/p>\n\n\n\n<h3 class=\"wp-block-heading\">An immersion in the heart of the garden<\/h3>\n\n\n\n<figure class=\"wp-block-image size-large\"><img loading=\"lazy\" decoding=\"async\" width=\"1024\" height=\"771\" src=\"https:\/\/projets-solidaires.la-guilde.org\/wp-content\/uploads\/2025\/09\/PXL_20250926_1328322562-1024x771.jpg\" alt=\"\" class=\"wp-image-4213\" srcset=\"https:\/\/projets-solidaires.la-guilde.org\/wp-content\/uploads\/2025\/09\/PXL_20250926_1328322562-1024x771.jpg 1024w, https:\/\/projets-solidaires.la-guilde.org\/wp-content\/uploads\/2025\/09\/PXL_20250926_1328322562-300x226.jpg 300w, https:\/\/projets-solidaires.la-guilde.org\/wp-content\/uploads\/2025\/09\/PXL_20250926_1328322562-768x578.jpg 768w, https:\/\/projets-solidaires.la-guilde.org\/wp-content\/uploads\/2025\/09\/PXL_20250926_1328322562-1536x1157.jpg 1536w, https:\/\/projets-solidaires.la-guilde.org\/wp-content\/uploads\/2025\/09\/PXL_20250926_1328322562.jpg 1920w\" sizes=\"(max-width: 1024px) 100vw, 1024px\" \/><\/figure>\n\n\n\n<p>After the exchanges of knowledge, all the participants launched into a <strong>guided tour<\/strong> discovering the many plants, including:<\/p>\n\n\n\n<ul class=\"wp-block-list\">\n<li><strong>moringa<\/strong>, \u201ctree of life\u201d with nutritional virtues;<\/li>\n\n\n\n<li><strong>gwo tym<\/strong> And <strong>aloe vera<\/strong>, pillars of traditional pharmacopoeia;<\/li>\n\n\n\n<li><strong>Guadeloupe peas<\/strong>, known for their natural fertilization and plant proteins;<\/li>\n\n\n\n<li><strong>calabash tree<\/strong>, transformed into everyday craft objects.<\/li>\n<\/ul>\n\n\n\n<figure class=\"wp-block-gallery has-nested-images columns-default is-cropped wp-block-gallery-1 is-layout-flex wp-block-gallery-is-layout-flex\">\n<figure class=\"wp-block-image size-large\"><img loading=\"lazy\" decoding=\"async\" width=\"708\" height=\"1024\" data-id=\"4226\" src=\"https:\/\/projets-solidaires.la-guilde.org\/wp-content\/uploads\/2025\/09\/PXL_20250926_1406212472-708x1024.jpg\" alt=\"\" class=\"wp-image-4226\" srcset=\"https:\/\/projets-solidaires.la-guilde.org\/wp-content\/uploads\/2025\/09\/PXL_20250926_1406212472-708x1024.jpg 708w, https:\/\/projets-solidaires.la-guilde.org\/wp-content\/uploads\/2025\/09\/PXL_20250926_1406212472-207x300.jpg 207w, https:\/\/projets-solidaires.la-guilde.org\/wp-content\/uploads\/2025\/09\/PXL_20250926_1406212472-768x1111.jpg 768w, https:\/\/projets-solidaires.la-guilde.org\/wp-content\/uploads\/2025\/09\/PXL_20250926_1406212472-1062x1536.jpg 1062w, https:\/\/projets-solidaires.la-guilde.org\/wp-content\/uploads\/2025\/09\/PXL_20250926_1406212472.jpg 1327w\" sizes=\"(max-width: 708px) 100vw, 708px\" \/><\/figure>\n\n\n\n<figure class=\"wp-block-image size-large\"><img loading=\"lazy\" decoding=\"async\" width=\"771\" height=\"1024\" data-id=\"4224\" src=\"https:\/\/projets-solidaires.la-guilde.org\/wp-content\/uploads\/2025\/09\/PXL_20250926_1358394693-771x1024.jpg\" alt=\"\" class=\"wp-image-4224\" srcset=\"https:\/\/projets-solidaires.la-guilde.org\/wp-content\/uploads\/2025\/09\/PXL_20250926_1358394693-771x1024.jpg 771w, https:\/\/projets-solidaires.la-guilde.org\/wp-content\/uploads\/2025\/09\/PXL_20250926_1358394693-226x300.jpg 226w, https:\/\/projets-solidaires.la-guilde.org\/wp-content\/uploads\/2025\/09\/PXL_20250926_1358394693-768x1020.jpg 768w, https:\/\/projets-solidaires.la-guilde.org\/wp-content\/uploads\/2025\/09\/PXL_20250926_1358394693-1157x1536.jpg 1157w, https:\/\/projets-solidaires.la-guilde.org\/wp-content\/uploads\/2025\/09\/PXL_20250926_1358394693.jpg 1446w\" sizes=\"(max-width: 771px) 100vw, 771px\" \/><\/figure>\n\n\n\n<figure class=\"wp-block-image size-large\"><img loading=\"lazy\" decoding=\"async\" width=\"771\" height=\"1024\" data-id=\"4227\" src=\"https:\/\/projets-solidaires.la-guilde.org\/wp-content\/uploads\/2025\/09\/PXL_20250926_132531846-771x1024.jpg\" alt=\"\" class=\"wp-image-4227\" srcset=\"https:\/\/projets-solidaires.la-guilde.org\/wp-content\/uploads\/2025\/09\/PXL_20250926_132531846-771x1024.jpg 771w, https:\/\/projets-solidaires.la-guilde.org\/wp-content\/uploads\/2025\/09\/PXL_20250926_132531846-226x300.jpg 226w, https:\/\/projets-solidaires.la-guilde.org\/wp-content\/uploads\/2025\/09\/PXL_20250926_132531846-768x1020.jpg 768w, https:\/\/projets-solidaires.la-guilde.org\/wp-content\/uploads\/2025\/09\/PXL_20250926_132531846-1157x1536.jpg 1157w, https:\/\/projets-solidaires.la-guilde.org\/wp-content\/uploads\/2025\/09\/PXL_20250926_132531846.jpg 1446w\" sizes=\"(max-width: 771px) 100vw, 771px\" \/><\/figure>\n<\/figure>\n\n\n\n<div class=\"wp-block-group is-nowrap is-layout-flex wp-container-core-group-is-layout-6c531013 wp-block-group-is-layout-flex\">\n<p>The walk was punctuated by unexpected discoveries: the little-known role of bats in pollination, the importance of living soils, and the spiritual uses of certain plants. <\/p>\n<\/div>\n\n\n\n<figure class=\"wp-block-gallery has-nested-images columns-default is-cropped wp-block-gallery-2 is-layout-flex wp-block-gallery-is-layout-flex\">\n<figure class=\"wp-block-image size-large\"><img loading=\"lazy\" decoding=\"async\" width=\"757\" height=\"1024\" data-id=\"4216\" src=\"https:\/\/projets-solidaires.la-guilde.org\/wp-content\/uploads\/2025\/09\/PXL_20250926_1344518274-757x1024.jpg\" alt=\"\" class=\"wp-image-4216\" srcset=\"https:\/\/projets-solidaires.la-guilde.org\/wp-content\/uploads\/2025\/09\/PXL_20250926_1344518274-757x1024.jpg 757w, https:\/\/projets-solidaires.la-guilde.org\/wp-content\/uploads\/2025\/09\/PXL_20250926_1344518274-222x300.jpg 222w, https:\/\/projets-solidaires.la-guilde.org\/wp-content\/uploads\/2025\/09\/PXL_20250926_1344518274-768x1039.jpg 768w, https:\/\/projets-solidaires.la-guilde.org\/wp-content\/uploads\/2025\/09\/PXL_20250926_1344518274-1135x1536.jpg 1135w, https:\/\/projets-solidaires.la-guilde.org\/wp-content\/uploads\/2025\/09\/PXL_20250926_1344518274.jpg 1419w\" sizes=\"(max-width: 757px) 100vw, 757px\" \/><\/figure>\n\n\n\n<figure class=\"wp-block-image size-large\"><img loading=\"lazy\" decoding=\"async\" width=\"853\" height=\"1024\" data-id=\"4214\" src=\"https:\/\/projets-solidaires.la-guilde.org\/wp-content\/uploads\/2025\/09\/PXL_20250926_1343093872-853x1024.jpg\" alt=\"\" class=\"wp-image-4214\" srcset=\"https:\/\/projets-solidaires.la-guilde.org\/wp-content\/uploads\/2025\/09\/PXL_20250926_1343093872-853x1024.jpg 853w, https:\/\/projets-solidaires.la-guilde.org\/wp-content\/uploads\/2025\/09\/PXL_20250926_1343093872-250x300.jpg 250w, https:\/\/projets-solidaires.la-guilde.org\/wp-content\/uploads\/2025\/09\/PXL_20250926_1343093872-768x922.jpg 768w, https:\/\/projets-solidaires.la-guilde.org\/wp-content\/uploads\/2025\/09\/PXL_20250926_1343093872-1279x1536.jpg 1279w, https:\/\/projets-solidaires.la-guilde.org\/wp-content\/uploads\/2025\/09\/PXL_20250926_1343093872.jpg 1599w\" sizes=\"(max-width: 853px) 100vw, 853px\" \/><\/figure>\n<\/figure>\n\n\n\n<h3 class=\"wp-block-heading\">Cross-perspectives of the participants<\/h3>\n\n\n\n<p>Over the course of the discussions, a common conviction emerged: the <strong>Creole garden is much more than an agricultural space<\/strong>, it is an educational, cultural and cooperative tool. For <strong>Aude, from the rectorate<\/strong>, it represents another way of learning, capable of connecting children to their history, biodiversity and their Caribbean geography. According to <strong>Caroline<\/strong>, it is about \u201cbecoming an actor, creative, conscious, rather than a simple consumer\u201d. <strong>Damien<\/strong> Bauchau, from \u00c9mergence Cara\u00efbes (an association responsible for supporting COREOM graduates), emphasized that cooperation begins here, in the ability to promote local practices and make them levers for the entire region.<\/p>\n\n\n\n<p>Several participants also recalled the memorial dimension of Jaden Kreyol: When I discovered these plants, &quot;I realized that they were already in my grandmother&#039;s garden. It&#039;s a part of our history that must be preserved and passed on.&quot; This is in line with the objective of R\u00e9zilyans 971, and with Fiona&#039;s advocacy: &quot;Preserving biodiversity is not a luxury, it&#039;s a necessity. Jaden Kreyol teaches us that we already have the solutions here, in our territory.&quot;<\/p>\n\n\n\n<blockquote class=\"wp-block-quote is-layout-flow wp-block-quote-is-layout-flow\">\n<p>These moments of immersion are not only convivial, they are also strategic: they allow you to<strong>identify stakeholders, strengthen bonds of trust and bring out new synergies<\/strong>\u201cTerritorial animation means supporting the process, providing the confidence needed to take a step forward and opening up prospects for cooperation,\u201d insists Mathieu Balagne.<\/p>\n<\/blockquote>\n\n\n\n<figure class=\"wp-block-image size-large\"><img loading=\"lazy\" decoding=\"async\" width=\"1024\" height=\"704\" src=\"https:\/\/projets-solidaires.la-guilde.org\/wp-content\/uploads\/2025\/09\/PXL_20250926_1321182252-1024x704.jpg\" alt=\"\" class=\"wp-image-4217\" srcset=\"https:\/\/projets-solidaires.la-guilde.org\/wp-content\/uploads\/2025\/09\/PXL_20250926_1321182252-1024x704.jpg 1024w, https:\/\/projets-solidaires.la-guilde.org\/wp-content\/uploads\/2025\/09\/PXL_20250926_1321182252-300x206.jpg 300w, https:\/\/projets-solidaires.la-guilde.org\/wp-content\/uploads\/2025\/09\/PXL_20250926_1321182252-768x528.jpg 768w, https:\/\/projets-solidaires.la-guilde.org\/wp-content\/uploads\/2025\/09\/PXL_20250926_1321182252-1536x1056.jpg 1536w, https:\/\/projets-solidaires.la-guilde.org\/wp-content\/uploads\/2025\/09\/PXL_20250926_1321182252.jpg 1920w\" sizes=\"(max-width: 1024px) 100vw, 1024px\" \/><\/figure>\n\n\n\n<h3 class=\"wp-block-heading\">From local to regional: a tool for cooperation and development for tomorrow?<\/h3>\n\n\n\n<p>One question remains open: <strong>How can Jaden Kreyol become a tool for cooperation with our Caribbean neighbors?<\/strong><br>Because if the garden already plays a local role - raising awareness, educating, reconnecting residents with their environment - it can also become a <strong>regional anchor point<\/strong>Other Caribbean territories share these practices of food gardens: exchanging on their promotion could fuel cooperation in the areas of agroecology, popular education and climate resilience.<\/p>\n\n\n\n<p>As recalled <strong>Mathieu Balagne<\/strong>, quoting \u00c9douard Glissant: it is about \u201cActing in one\u2019s place, thinking with the world.\u201d A phrase which resonates particularly in this Creole garden: <strong>cultivate our local knowledge while opening bridges to the Caribbean.<\/strong><\/p>\n\n\n\n<div class=\"wp-block-cover\"><span aria-hidden=\"true\" class=\"wp-block-cover__background has-background-dim\"><\/span><div class=\"wp-block-cover__inner-container is-layout-flow wp-block-cover-is-layout-flow\">\n<div class=\"wp-block-group is-layout-constrained wp-block-group-is-layout-constrained\">\n<div class=\"wp-block-group is-layout-constrained wp-block-group-is-layout-constrained\">\n<p><strong>FOCUS: Territorial animation, the key to new cooperative synergies<\/strong><\/p>\n\n\n\n<p>As part of COREOM, Karib Horizon (the first Regional Multi-Stakeholder Network \u2013 RRMA in the Caribbean) operates in Guadeloupe, Martinique, and French Guiana to inform, train, and connect stakeholders. It also carries out strategic actions such as strategic monitoring of funding opportunities: \u201cMany associations do not have the resources to monitor. We provide this relay role, by distributing calls for projects and explaining the conditions of access,\u201d says Mathieu Balagne, coordinator of Karib Horizon. For him, territorial animation within the framework of COREOM goes far beyond the organization of events: it becomes a <strong>strategic tool<\/strong> to build capacity and create synergies. In fact, territorial animation also aims to increase the capacity of solidarity actors. &quot;Organizations that had never thought of getting involved in cooperation are now considering taking the plunge.&quot;<\/p>\n\n\n\n<p>These moments of immersion are not only convivial, they are also structuring: they allow you to<strong>identify stakeholders, strengthen bonds of trust and bring out new synergies<\/strong>. &quot;Territorial animation is the link that connects local action to regional impact. What we do here makes sense on a Caribbean scale.&quot; <\/p>\n<\/div>\n\n\n\n<figure class=\"wp-block-image size-large\"><img loading=\"lazy\" decoding=\"async\" width=\"1024\" height=\"683\" src=\"https:\/\/projets-solidaires.la-guilde.org\/wp-content\/uploads\/2025\/09\/1739459509408-1-1024x683.jpg\" alt=\"\" class=\"wp-image-4320\" srcset=\"https:\/\/projets-solidaires.la-guilde.org\/wp-content\/uploads\/2025\/09\/1739459509408-1-1024x683.jpg 1024w, https:\/\/projets-solidaires.la-guilde.org\/wp-content\/uploads\/2025\/09\/1739459509408-1-300x200.jpg 300w, https:\/\/projets-solidaires.la-guilde.org\/wp-content\/uploads\/2025\/09\/1739459509408-1-768x512.jpg 768w, https:\/\/projets-solidaires.la-guilde.org\/wp-content\/uploads\/2025\/09\/1739459509408-1-1536x1024.jpg 1536w, https:\/\/projets-solidaires.la-guilde.org\/wp-content\/uploads\/2025\/09\/1739459509408-1.jpg 1920w\" sizes=\"(max-width: 1024px) 100vw, 1024px\" \/><\/figure>\n\n\n\n<p>Moments of exchange during a cooperation breakfast, Guadeloupe. Photo credit: Karib Horizon_2025<\/p>\n<\/div>\n<\/div><\/div>\n\n\n\n<p><\/p>","protected":false},"excerpt":{"rendered":"<p>Cr\u00e9er du lien entre acteurs de Guadeloupe, Martinique et Guyane, valoriser les initiatives locales et encourager de nouvelles coop\u00e9rations : c\u2019est tout l\u2019esprit du \u201cpetit d\u00e9jeuner de la coop\u00e9ration\u201d organis\u00e9 par Karib Horizon. La derni\u00e8re \u00e9dition s\u2019est d\u00e9roul\u00e9e en Guadeloupe et a conduit les participants dans un cadre original et inspirant : le \u201cJaden kreyol\u201d [&hellip;]<\/p>\n","protected":false},"author":5,"featured_media":4217,"comment_status":"closed","ping_status":"open","sticky":false,"template":"","format":"standard","meta":{"inline_featured_image":false,"footnotes":"[]"},"categories":[1010,1014],"tags":[1028,1030,1032,1070,1072],"class_list":["post-4212","post","type-post","status-publish","format-standard","has-post-thumbnail","hentry","category-evenement","category-coreom","tag-outre-mer","tag-coreom","tag-guyane","tag-guadeloupe","tag-animationterritoriale"],"yoast_head":"<!-- This site is optimized with the Yoast SEO plugin v27.3 - https:\/\/yoast.com\/product\/yoast-seo-wordpress\/ -->\n<title>[Photoreportage] Jaden Kr\u00e9yol : entre m\u00e9moire, subsistance et outil de coop\u00e9ration - Microprojet La Guilde<\/title>\n<meta name=\"robots\" content=\"index, follow, max-snippet:-1, max-image-preview:large, max-video-preview:-1\" \/>\n<link rel=\"canonical\" href=\"https:\/\/projets-solidaires.la-guilde.org\/en\/creole-garden-photo-report-between-memory-food-sovereignty-and-cooperation-tool\/\" \/>\n<script type=\"application\/ld+json\" class=\"yoast-schema-graph\">{\"@context\":\"https:\\\/\\\/schema.org\",\"@graph\":[{\"@type\":\"Article\",\"@id\":\"https:\\\/\\\/projets-solidaires.la-guilde.org\\\/photoreportage-jardin-creole-entre-memoire-souverainete-alimentaire-et-outil-de-cooperation\\\/#article\",\"isPartOf\":{\"@id\":\"https:\\\/\\\/projets-solidaires.la-guilde.org\\\/photoreportage-jardin-creole-entre-memoire-souverainete-alimentaire-et-outil-de-cooperation\\\/\"},\"author\":{\"name\":\"Angela Fontana\",\"@id\":\"https:\\\/\\\/projets-solidaires.la-guilde.org\\\/#\\\/schema\\\/person\\\/421d0c9c85fe814021accae2818eaabe\"},\"headline\":\"[Photoreportage] Jaden Kr\u00e9yol : entre m\u00e9moire, subsistance et outil de coop\u00e9ration\",\"datePublished\":\"2025-09-26T14:00:45+00:00\",\"dateModified\":\"2025-10-13T06:49:02+00:00\",\"mainEntityOfPage\":{\"@id\":\"https:\\\/\\\/projets-solidaires.la-guilde.org\\\/photoreportage-jardin-creole-entre-memoire-souverainete-alimentaire-et-outil-de-cooperation\\\/\"},\"wordCount\":1321,\"publisher\":{\"@id\":\"https:\\\/\\\/projets-solidaires.la-guilde.org\\\/#organization\"},\"image\":{\"@id\":\"https:\\\/\\\/projets-solidaires.la-guilde.org\\\/photoreportage-jardin-creole-entre-memoire-souverainete-alimentaire-et-outil-de-cooperation\\\/#primaryimage\"},\"thumbnailUrl\":\"https:\\\/\\\/projets-solidaires.la-guilde.org\\\/wp-content\\\/uploads\\\/2025\\\/09\\\/PXL_20250926_1321182252.jpg\",\"keywords\":[\"Outre-mer\",\"COREOM\",\"Guyane\",\"Guadeloupe\",\"animationterritoriale\"],\"articleSection\":[\"\u00c9v\u00e8nement\",\"Coreom\"],\"inLanguage\":\"en-GB\"},{\"@type\":\"WebPage\",\"@id\":\"https:\\\/\\\/projets-solidaires.la-guilde.org\\\/photoreportage-jardin-creole-entre-memoire-souverainete-alimentaire-et-outil-de-cooperation\\\/\",\"url\":\"https:\\\/\\\/projets-solidaires.la-guilde.org\\\/photoreportage-jardin-creole-entre-memoire-souverainete-alimentaire-et-outil-de-cooperation\\\/\",\"name\":\"[Photoreportage] Jaden Kr\u00e9yol : entre m\u00e9moire, subsistance et outil de coop\u00e9ration - Microprojet La Guilde\",\"isPartOf\":{\"@id\":\"https:\\\/\\\/projets-solidaires.la-guilde.org\\\/#website\"},\"primaryImageOfPage\":{\"@id\":\"https:\\\/\\\/projets-solidaires.la-guilde.org\\\/photoreportage-jardin-creole-entre-memoire-souverainete-alimentaire-et-outil-de-cooperation\\\/#primaryimage\"},\"image\":{\"@id\":\"https:\\\/\\\/projets-solidaires.la-guilde.org\\\/photoreportage-jardin-creole-entre-memoire-souverainete-alimentaire-et-outil-de-cooperation\\\/#primaryimage\"},\"thumbnailUrl\":\"https:\\\/\\\/projets-solidaires.la-guilde.org\\\/wp-content\\\/uploads\\\/2025\\\/09\\\/PXL_20250926_1321182252.jpg\",\"datePublished\":\"2025-09-26T14:00:45+00:00\",\"dateModified\":\"2025-10-13T06:49:02+00:00\",\"breadcrumb\":{\"@id\":\"https:\\\/\\\/projets-solidaires.la-guilde.org\\\/photoreportage-jardin-creole-entre-memoire-souverainete-alimentaire-et-outil-de-cooperation\\\/#breadcrumb\"},\"inLanguage\":\"en-GB\",\"potentialAction\":[{\"@type\":\"ReadAction\",\"target\":[\"https:\\\/\\\/projets-solidaires.la-guilde.org\\\/photoreportage-jardin-creole-entre-memoire-souverainete-alimentaire-et-outil-de-cooperation\\\/\"]}]},{\"@type\":\"ImageObject\",\"inLanguage\":\"en-GB\",\"@id\":\"https:\\\/\\\/projets-solidaires.la-guilde.org\\\/photoreportage-jardin-creole-entre-memoire-souverainete-alimentaire-et-outil-de-cooperation\\\/#primaryimage\",\"url\":\"https:\\\/\\\/projets-solidaires.la-guilde.org\\\/wp-content\\\/uploads\\\/2025\\\/09\\\/PXL_20250926_1321182252.jpg\",\"contentUrl\":\"https:\\\/\\\/projets-solidaires.la-guilde.org\\\/wp-content\\\/uploads\\\/2025\\\/09\\\/PXL_20250926_1321182252.jpg\",\"width\":1920,\"height\":1320},{\"@type\":\"BreadcrumbList\",\"@id\":\"https:\\\/\\\/projets-solidaires.la-guilde.org\\\/photoreportage-jardin-creole-entre-memoire-souverainete-alimentaire-et-outil-de-cooperation\\\/#breadcrumb\",\"itemListElement\":[{\"@type\":\"ListItem\",\"position\":1,\"name\":\"Accueil\",\"item\":\"https:\\\/\\\/projets-solidaires.la-guilde.org\\\/\"},{\"@type\":\"ListItem\",\"position\":2,\"name\":\"[Photoreportage] Jaden Kr\u00e9yol : entre m\u00e9moire, subsistance et outil de coop\u00e9ration\"}]},{\"@type\":\"WebSite\",\"@id\":\"https:\\\/\\\/projets-solidaires.la-guilde.org\\\/#website\",\"url\":\"https:\\\/\\\/projets-solidaires.la-guilde.org\\\/\",\"name\":\"Microprojet La Guilde\",\"description\":\"\",\"publisher\":{\"@id\":\"https:\\\/\\\/projets-solidaires.la-guilde.org\\\/#organization\"},\"potentialAction\":[{\"@type\":\"SearchAction\",\"target\":{\"@type\":\"EntryPoint\",\"urlTemplate\":\"https:\\\/\\\/projets-solidaires.la-guilde.org\\\/?s={search_term_string}\"},\"query-input\":{\"@type\":\"PropertyValueSpecification\",\"valueRequired\":true,\"valueName\":\"search_term_string\"}}],\"inLanguage\":\"en-GB\"},{\"@type\":\"Organization\",\"@id\":\"https:\\\/\\\/projets-solidaires.la-guilde.org\\\/#organization\",\"name\":\"Microprojet La Guilde\",\"url\":\"https:\\\/\\\/projets-solidaires.la-guilde.org\\\/\",\"logo\":{\"@type\":\"ImageObject\",\"inLanguage\":\"en-GB\",\"@id\":\"https:\\\/\\\/projets-solidaires.la-guilde.org\\\/#\\\/schema\\\/logo\\\/image\\\/\",\"url\":\"https:\\\/\\\/projets-solidaires.la-guilde.org\\\/wp-content\\\/uploads\\\/2025\\\/05\\\/logo-la-guilde-projets-solidaires.png\",\"contentUrl\":\"https:\\\/\\\/projets-solidaires.la-guilde.org\\\/wp-content\\\/uploads\\\/2025\\\/05\\\/logo-la-guilde-projets-solidaires.png\",\"width\":396,\"height\":201,\"caption\":\"Microprojet La Guilde\"},\"image\":{\"@id\":\"https:\\\/\\\/projets-solidaires.la-guilde.org\\\/#\\\/schema\\\/logo\\\/image\\\/\"}},{\"@type\":\"Person\",\"@id\":\"https:\\\/\\\/projets-solidaires.la-guilde.org\\\/#\\\/schema\\\/person\\\/421d0c9c85fe814021accae2818eaabe\",\"name\":\"Angela Fontana\",\"image\":{\"@type\":\"ImageObject\",\"inLanguage\":\"en-GB\",\"@id\":\"https:\\\/\\\/secure.gravatar.com\\\/avatar\\\/f8b4587bed7a67c9c6ae12dbdf373c0d20adf69e7a479cab64ef75bdb1800294?s=96&d=mm&r=g\",\"url\":\"https:\\\/\\\/secure.gravatar.com\\\/avatar\\\/f8b4587bed7a67c9c6ae12dbdf373c0d20adf69e7a479cab64ef75bdb1800294?s=96&d=mm&r=g\",\"contentUrl\":\"https:\\\/\\\/secure.gravatar.com\\\/avatar\\\/f8b4587bed7a67c9c6ae12dbdf373c0d20adf69e7a479cab64ef75bdb1800294?s=96&d=mm&r=g\",\"caption\":\"Angela Fontana\"}}]}<\/script>\n<!-- \/ Yoast SEO plugin. -->","yoast_head_json":{"title":"[Photoreportage] Jaden Kr\u00e9yol : entre m\u00e9moire, subsistance et outil de coop\u00e9ration - Microprojet La Guilde","robots":{"index":"index","follow":"follow","max-snippet":"max-snippet:-1","max-image-preview":"max-image-preview:large","max-video-preview":"max-video-preview:-1"},"canonical":"https:\/\/projets-solidaires.la-guilde.org\/en\/creole-garden-photo-report-between-memory-food-sovereignty-and-cooperation-tool\/","schema":{"@context":"https:\/\/schema.org","@graph":[{"@type":"Article","@id":"https:\/\/projets-solidaires.la-guilde.org\/photoreportage-jardin-creole-entre-memoire-souverainete-alimentaire-et-outil-de-cooperation\/#article","isPartOf":{"@id":"https:\/\/projets-solidaires.la-guilde.org\/photoreportage-jardin-creole-entre-memoire-souverainete-alimentaire-et-outil-de-cooperation\/"},"author":{"name":"Angela Fontana","@id":"https:\/\/projets-solidaires.la-guilde.org\/#\/schema\/person\/421d0c9c85fe814021accae2818eaabe"},"headline":"[Photoreportage] Jaden Kr\u00e9yol : entre m\u00e9moire, subsistance et outil de coop\u00e9ration","datePublished":"2025-09-26T14:00:45+00:00","dateModified":"2025-10-13T06:49:02+00:00","mainEntityOfPage":{"@id":"https:\/\/projets-solidaires.la-guilde.org\/photoreportage-jardin-creole-entre-memoire-souverainete-alimentaire-et-outil-de-cooperation\/"},"wordCount":1321,"publisher":{"@id":"https:\/\/projets-solidaires.la-guilde.org\/#organization"},"image":{"@id":"https:\/\/projets-solidaires.la-guilde.org\/photoreportage-jardin-creole-entre-memoire-souverainete-alimentaire-et-outil-de-cooperation\/#primaryimage"},"thumbnailUrl":"https:\/\/projets-solidaires.la-guilde.org\/wp-content\/uploads\/2025\/09\/PXL_20250926_1321182252.jpg","keywords":["Outre-mer","COREOM","Guyane","Guadeloupe","animationterritoriale"],"articleSection":["\u00c9v\u00e8nement","Coreom"],"inLanguage":"en-GB"},{"@type":"WebPage","@id":"https:\/\/projets-solidaires.la-guilde.org\/photoreportage-jardin-creole-entre-memoire-souverainete-alimentaire-et-outil-de-cooperation\/","url":"https:\/\/projets-solidaires.la-guilde.org\/photoreportage-jardin-creole-entre-memoire-souverainete-alimentaire-et-outil-de-cooperation\/","name":"[Photoreportage] Jaden Kr\u00e9yol : entre m\u00e9moire, subsistance et outil de coop\u00e9ration - Microprojet La Guilde","isPartOf":{"@id":"https:\/\/projets-solidaires.la-guilde.org\/#website"},"primaryImageOfPage":{"@id":"https:\/\/projets-solidaires.la-guilde.org\/photoreportage-jardin-creole-entre-memoire-souverainete-alimentaire-et-outil-de-cooperation\/#primaryimage"},"image":{"@id":"https:\/\/projets-solidaires.la-guilde.org\/photoreportage-jardin-creole-entre-memoire-souverainete-alimentaire-et-outil-de-cooperation\/#primaryimage"},"thumbnailUrl":"https:\/\/projets-solidaires.la-guilde.org\/wp-content\/uploads\/2025\/09\/PXL_20250926_1321182252.jpg","datePublished":"2025-09-26T14:00:45+00:00","dateModified":"2025-10-13T06:49:02+00:00","breadcrumb":{"@id":"https:\/\/projets-solidaires.la-guilde.org\/photoreportage-jardin-creole-entre-memoire-souverainete-alimentaire-et-outil-de-cooperation\/#breadcrumb"},"inLanguage":"en-GB","potentialAction":[{"@type":"ReadAction","target":["https:\/\/projets-solidaires.la-guilde.org\/photoreportage-jardin-creole-entre-memoire-souverainete-alimentaire-et-outil-de-cooperation\/"]}]},{"@type":"ImageObject","inLanguage":"en-GB","@id":"https:\/\/projets-solidaires.la-guilde.org\/photoreportage-jardin-creole-entre-memoire-souverainete-alimentaire-et-outil-de-cooperation\/#primaryimage","url":"https:\/\/projets-solidaires.la-guilde.org\/wp-content\/uploads\/2025\/09\/PXL_20250926_1321182252.jpg","contentUrl":"https:\/\/projets-solidaires.la-guilde.org\/wp-content\/uploads\/2025\/09\/PXL_20250926_1321182252.jpg","width":1920,"height":1320},{"@type":"BreadcrumbList","@id":"https:\/\/projets-solidaires.la-guilde.org\/photoreportage-jardin-creole-entre-memoire-souverainete-alimentaire-et-outil-de-cooperation\/#breadcrumb","itemListElement":[{"@type":"ListItem","position":1,"name":"Accueil","item":"https:\/\/projets-solidaires.la-guilde.org\/"},{"@type":"ListItem","position":2,"name":"[Photoreportage] Jaden Kr\u00e9yol : entre m\u00e9moire, subsistance et outil de coop\u00e9ration"}]},{"@type":"WebSite","@id":"https:\/\/projets-solidaires.la-guilde.org\/#website","url":"https:\/\/projets-solidaires.la-guilde.org\/","name":"La Guilde Microproject","description":"","publisher":{"@id":"https:\/\/projets-solidaires.la-guilde.org\/#organization"},"potentialAction":[{"@type":"SearchAction","target":{"@type":"EntryPoint","urlTemplate":"https:\/\/projets-solidaires.la-guilde.org\/?s={search_term_string}"},"query-input":{"@type":"PropertyValueSpecification","valueRequired":true,"valueName":"search_term_string"}}],"inLanguage":"en-GB"},{"@type":"Organization","@id":"https:\/\/projets-solidaires.la-guilde.org\/#organization","name":"La Guilde Microproject","url":"https:\/\/projets-solidaires.la-guilde.org\/","logo":{"@type":"ImageObject","inLanguage":"en-GB","@id":"https:\/\/projets-solidaires.la-guilde.org\/#\/schema\/logo\/image\/","url":"https:\/\/projets-solidaires.la-guilde.org\/wp-content\/uploads\/2025\/05\/logo-la-guilde-projets-solidaires.png","contentUrl":"https:\/\/projets-solidaires.la-guilde.org\/wp-content\/uploads\/2025\/05\/logo-la-guilde-projets-solidaires.png","width":396,"height":201,"caption":"Microprojet La Guilde"},"image":{"@id":"https:\/\/projets-solidaires.la-guilde.org\/#\/schema\/logo\/image\/"}},{"@type":"Person","@id":"https:\/\/projets-solidaires.la-guilde.org\/#\/schema\/person\/421d0c9c85fe814021accae2818eaabe","name":"Angela Fontana","image":{"@type":"ImageObject","inLanguage":"en-GB","@id":"https:\/\/secure.gravatar.com\/avatar\/f8b4587bed7a67c9c6ae12dbdf373c0d20adf69e7a479cab64ef75bdb1800294?s=96&d=mm&r=g","url":"https:\/\/secure.gravatar.com\/avatar\/f8b4587bed7a67c9c6ae12dbdf373c0d20adf69e7a479cab64ef75bdb1800294?s=96&d=mm&r=g","contentUrl":"https:\/\/secure.gravatar.com\/avatar\/f8b4587bed7a67c9c6ae12dbdf373c0d20adf69e7a479cab64ef75bdb1800294?s=96&d=mm&r=g","caption":"Angela Fontana"}}]}},"publishpress_future_action":{"enabled":false,"date":"2026-05-08 13:19:32","action":"change-status","newStatus":"draft","terms":[],"taxonomy":"category","extraData":[]},"publishpress_future_workflow_manual_trigger":{"enabledWorkflows":[]},"_links":{"self":[{"href":"https:\/\/projets-solidaires.la-guilde.org\/en\/wp-json\/wp\/v2\/posts\/4212","targetHints":{"allow":["GET"]}}],"collection":[{"href":"https:\/\/projets-solidaires.la-guilde.org\/en\/wp-json\/wp\/v2\/posts"}],"about":[{"href":"https:\/\/projets-solidaires.la-guilde.org\/en\/wp-json\/wp\/v2\/types\/post"}],"author":[{"embeddable":true,"href":"https:\/\/projets-solidaires.la-guilde.org\/en\/wp-json\/wp\/v2\/users\/5"}],"replies":[{"embeddable":true,"href":"https:\/\/projets-solidaires.la-guilde.org\/en\/wp-json\/wp\/v2\/comments?post=4212"}],"version-history":[{"count":0,"href":"https:\/\/projets-solidaires.la-guilde.org\/en\/wp-json\/wp\/v2\/posts\/4212\/revisions"}],"wp:featuredmedia":[{"embeddable":true,"href":"https:\/\/projets-solidaires.la-guilde.org\/en\/wp-json\/wp\/v2\/media\/4217"}],"wp:attachment":[{"href":"https:\/\/projets-solidaires.la-guilde.org\/en\/wp-json\/wp\/v2\/media?parent=4212"}],"wp:term":[{"taxonomy":"category","embeddable":true,"href":"https:\/\/projets-solidaires.la-guilde.org\/en\/wp-json\/wp\/v2\/categories?post=4212"},{"taxonomy":"post_tag","embeddable":true,"href":"https:\/\/projets-solidaires.la-guilde.org\/en\/wp-json\/wp\/v2\/tags?post=4212"}],"curies":[{"name":"wp","href":"https:\/\/api.w.org\/{rel}","templated":true}]}}