{"id":3428,"date":"2025-08-29T13:12:22","date_gmt":"2025-08-29T13:12:22","guid":{"rendered":"https:\/\/preprod.projets-solidaires.la-guilde.org\/?p=3428"},"modified":"2025-09-17T08:28:38","modified_gmt":"2025-09-17T08:28:38","slug":"call-for-projects-fall-2025-the-guild","status":"publish","type":"post","link":"https:\/\/projets-solidaires.la-guilde.org\/en\/call-for-projects-fall-2025-the-guild\/","title":{"rendered":"Call for projects Fall 2025 \u2013 La Guilde"},"content":{"rendered":"<p class=\"has-text-align-center\"><strong>The micro-project support program run by La Guilde in partnership with the French Development Agency (AFD), CIRRMA, RRMA and the Agir Sa Vie Foundation, is offering you a new call for multi-thematic projects to enable you to set up development projects.<\/strong><\/p>\n\n\n\n<div class=\"wp-block-buttons is-content-justification-center is-layout-flex wp-container-core-buttons-is-layout-a89b3969 wp-block-buttons-is-layout-flex\">\n<div class=\"wp-block-button\"><a class=\"wp-block-button__link wp-element-button\" href=\"https:\/\/www.portailsolidaire.org\/projets\/login\">Log in to your space<\/a><\/div>\n\n\n\n<div class=\"wp-block-button\"><a class=\"wp-block-button__link has-text-align-center wp-element-button\" href=\"https:\/\/preprod.projets-solidaires.la-guilde.org\/wp-content\/uploads\/2025\/08\/Reglement-des-financements-Automne-2025-La-Guilde.pdf\">Consult the rules of the call for projects<\/a><\/div>\n<\/div>\n\n\n\n<div class=\"wp-block-buttons is-content-justification-center is-layout-flex wp-container-core-buttons-is-layout-a89b3969 wp-block-buttons-is-layout-flex\">\n<div class=\"wp-block-button\"><a class=\"wp-block-button__link wp-element-button\" href=\"https:\/\/preprod.projets-solidaires.la-guilde.org\/contact\/\">Contact us<\/a><\/div>\n<\/div>\n\n\n\n<div class=\"wp-block-columns is-layout-flex wp-container-core-columns-is-layout-28f84493 wp-block-columns-is-layout-flex\"><\/div>\n\n\n\n<hr class=\"wp-block-separator has-css-opacity\"\/>\n\n\n\n<h2 class=\"wp-block-heading\"><strong>Calendar<\/strong><\/h2>\n\n\n\n<ul class=\"wp-block-list\">\n<li>Closing of the call for projects<strong>&nbsp;: September 15, 2025 \u2013 11:59 p.m. (GMT+2)<\/strong><\/li>\n\n\n\n<li><strong>Information meeting on July 29<\/strong>&nbsp;<strong>2025 and August 19, 2025,<\/strong>&nbsp;from 5 p.m. to 7 p.m., via videoconference. To participate, please register via the following link:&nbsp;<a href=\"https:\/\/forms.office.com\/pages\/responsepage.aspx?id=NQKcfHzOdEi5qkcUZFnWAqrFvXcZbYRPnlLC7oCr7_xUREZaUFlUQUo0WEZHMk80WFdVVDRLMTlaQiQlQCN0PWcu&amp;origin=lprLink&amp;route=shorturl\">Registration for the IDF information meeting \u2013 Fall 2025<\/a><\/li>\n<\/ul>\n\n\n\n<h2 class=\"wp-block-heading\"><strong>The lessors<\/strong><\/h2>\n\n\n\n<p>The Autumn 2025 session offers international solidarity associations the opportunity to <strong>request several donors<\/strong> thanks to <strong>a single project submission <\/strong>via the platform (<a href=\"https:\/\/www.portailsolidaire.org\/wp-content\/uploads\/2025\/01\/Tutoriel-de-depot-de-dossier-Printemps-2025.pdf\" target=\"_blank\" rel=\"noreferrer noopener\">refer to the deposit help tutorial<\/a>). Each donor has its own eligibility and project selection criteria.&nbsp;&nbsp;<\/p>\n\n\n\n<p>The criteria mentioned in this article are therefore relative to the subsidies granted by <strong>La Guilde<\/strong>.&nbsp;&nbsp;<\/p>\n\n\n\n<p>Regarding the terms of the&nbsp;<a href=\"https:\/\/www.agirsavie.org\/vous-avez-un-projet\/\" target=\"_blank\" rel=\"noreferrer noopener\"><strong>Act Your Life Foundation<\/strong><\/a>, it is appropriate to refer to<strong>&nbsp;its regulation.&nbsp;<\/strong><\/p>\n\n\n\n<h2 class=\"wp-block-heading\"><strong>Funding <\/strong><\/h2>\n\n\n\n<p><\/p>\n\n\n\n<p><strong>Two funding thresholds are possible:<\/strong><br>1\/ <strong>Between \u20ac3,000 and \u20ac12,500<\/strong> : for all associations that meet the eligibility criteria<strong> <\/strong>;<br>2\/ <strong>Between 3,000 <strong>\u20ac<\/strong>  and \u20ac20,000<\/strong> : for associations meeting the eligibility criteria which have already benefited from Microproject funding from La Guilde having produced a quality final report, AND whose annual N-1 income statement is greater than \u20ac50,000.<br>The grant awarded may in no case represent more than <strong>50% eligible expenses <\/strong>of the project, including local developments.<br>The remaining 50 % can be provided by own resources and\/or by other donors (minimum 25% of the project budget) and valuations (maximum 25% of the project budget).<\/p>\n\n\n\n<p><strong>These ineligible expenses can nevertheless be mentioned in the project budget but must be covered by another donor or by the association&#039;s own funds.<\/strong><\/p>\n\n\n\n<h2 class=\"wp-block-heading\"><strong>Eligibility criteria<\/strong><\/h2>\n\n\n\n<h4 class=\"wp-block-heading\"><span style=\"background-color:rgba(0, 0, 0, 0)\" class=\"has-inline-color has-black-color\">The structure <\/span><\/h4>\n\n\n\n<ul class=\"wp-block-list\">\n<li>be governed by French law, under the 1901 law published in the official journal (or in the District Court for associations in Lorraine and Alsace),<\/li>\n\n\n\n<li>have more than 2 years of seniority on the closing date of the session have annual resources of less than 200,000 euros (N-1 income statements validated by the last General Meeting),<\/li>\n\n\n\n<li>have a legal existence and their own accounting (for regional branches of national structures),<\/li>\n\n\n\n<li>not to intervene within the framework of decentralized cooperation (twinning committees are not eligible).<\/li>\n<\/ul>\n\n\n\n<p>Associations that have already received one or more co-financings from La Guilde and whose projects are still underway will not be considered as priority. In the event that an association wishes to present a new project during this session, an interim or final assessment of the current project must have been submitted and validated by La Guilde teams before the final funding allocation jury. Second-phase projects (duplication, expansion, etc.) cannot be the subject of a funding request until the assessment of the first project financed by La Guilde has been validated and the project has been closed.<\/p>\n\n\n\n<h4 class=\"wp-block-heading\">The project<\/h4>\n\n\n\n<ul class=\"wp-block-list\">\n<li>be carried out in a country eligible for the OECD Development Assistance Committee (<a href=\"https:\/\/www.oecd.org\/fr\/topics\/sub-issues\/oda-eligibility-and-conditions\/dac-list-of-oda-recipients.html\">consult the list of eligible countries<\/a>). Projects in France and Mali<strong> <\/strong>are not eligible. For Burkina Faso and Niger, projects covering primarily the health, nutrition, water\/hygiene\/sanitation and youth sectors (and subject to validation by the AFD) are eligible.<\/li>\n\n\n\n<li>have an implementation period of between 1 and 3 years (including monitoring and evaluation phases)<\/li>\n\n\n\n<li>present future activities and not past or current ones (if activities have already taken place in the past, they should be summarized in the historical section of the project). Expenses will be eligible from the closing date of the call for projects.<\/li>\n\n\n\n<li>be co-constructed with a local partner (moral and not physical group: association, cooperative, management committee, etc.) and be the subject of a partnership agreement signed by each of the parties.<\/li>\n\n\n\n<li>concern all themes of development aid (access to water, health, agriculture, education, etc.). Projects using sport as development tools are eligible.<\/li>\n<\/ul>\n\n\n\n<h4 class=\"wp-block-heading has-text-color\" style=\"color:#f97660\"><mark style=\"background-color:rgba(0, 0, 0, 0)\" class=\"has-inline-color has-black-color\">Are not eligible<\/mark><\/h4>\n\n\n\n<p><strong>Projects are ineligible if their main theme relates to:<\/strong><\/p>\n\n\n\n<ul class=\"wp-block-list\">\n<li>of the emergency or immediate post-crisis,<\/li>\n\n\n\n<li>one-off projects,<\/li>\n\n\n\n<li>simple construction projects (without proven autonomy),<\/li>\n\n\n\n<li>feasibility studies, diagnostics,<\/li>\n\n\n\n<li>volunteering,<\/li>\n\n\n\n<li>sponsorship,<\/li>\n\n\n\n<li>youth or student work camps,<\/li>\n\n\n\n<li>productions of documentaries or artistic works,<\/li>\n\n\n\n<li>microfinance: micro-savings, micro-credit, micro-insurance.<\/li>\n<\/ul>\n\n\n\n<p><strong>Projects that have already received direct or indirect funding from (non-exhaustive lists) are not eligible:<\/strong><\/p>\n\n\n\n<p><strong>\u2013 from the Ministry of Europe and Foreign Affairs (MEAE):&nbsp;&nbsp;<\/strong><\/p>\n\n\n\n<ul class=\"wp-block-list\">\n<li>Financial arrangements of the French Embassies,<\/li>\n\n\n\n<li>Youth, International Solidarity \/ City, Life, Vacation-International Solidarity (JSI\/VVV-SI) schemes,<\/li>\n\n\n\n<li>Fonjep,<\/li>\n\n\n\n<li>Funds from the International Organization of the Francophonie from the MEAE.<\/li>\n<\/ul>\n\n\n\n<p><strong>\u2013 from the French Development Agency (AFD):&nbsp;<\/strong>&nbsp;<\/p>\n\n\n\n<ul class=\"wp-block-list\">\n<li>Forum of International Solidarity Organizations from Migration (FORIM) in particular via the Support Program for Projects of International Solidarity Organizations from Immigration (PRA\/OSIM),<\/li>\n\n\n\n<li>Small Initiatives Programme of the International Union for Conservation of Nature (IUCN),<\/li>\n\n\n\n<li>Family Farming Promotion Scheme in West Africa of the French Committee for International Solidarity (CFSI).<\/li>\n<\/ul>\n\n\n\n<h2 class=\"wp-block-heading\">Selection criteria<\/h2>\n\n\n\n<p><strong>Particular attention will be paid to the following aspects:<\/strong><\/p>\n\n\n\n<p>Local anchoring: partnerships\/collaboration with NGOs and other local associations, coordination with local policies, etc.<\/p>\n\n\n\n<p>Relevance of the project: need expressed by the population, appropriate response, long-term objectives, etc.<\/p>\n\n\n\n<p>Project sustainability: the project can continue, expand, be reproduced, it becomes autonomous in the medium term<\/p>\n\n\n\n<p>Proportionality between expenditure and expected results<\/p>\n\n\n\n<p>Ability to measure changes<\/p>\n\n\n\n<p>Involvement of beneficiaries throughout the project<\/p>\n\n\n\n<p>Taking into account cross-cutting themes (Gender, Youth, Environment).<\/p>\n\n\n\n<p>The mobilization of volunteers (International Solidarity Volunteers and International Civic Service) is encouraged.<br><\/p>","protected":false},"excerpt":{"rendered":"<p>It also aims to encourage the active participation of women in leadership and governance, to facilitate their professional integration, as well as to promote access to entrepreneurship. Overall, these actions aim to strengthen women&#039;s capacity to be agents of change.\u00a0<\/p>","protected":false},"author":9,"featured_media":3440,"comment_status":"open","ping_status":"open","sticky":false,"template":"","format":"standard","meta":{"inline_featured_image":false,"footnotes":""},"categories":[50],"tags":[],"class_list":["post-3428","post","type-post","status-publish","format-standard","has-post-thumbnail","hentry","category-appel-a-projet"],"yoast_head":"<!-- This site is optimized with the Yoast SEO plugin v27.3 - https:\/\/yoast.com\/product\/yoast-seo-wordpress\/ -->\n<title>appel \u00e0 projet-microprojets-automne-guilde-financements<\/title>\n<meta name=\"description\" content=\"Le programme de soutien aux microprojets port\u00e9 par La Guilde en partenariat avec l\u2019Agence fran\u00e7aise de d\u00e9veloppement (AFD), la CIRRMA, les RRMA et la Fondation Agir Sa Vie, vous propose un nouvel appel \u00e0 projets multith\u00e9matiques afin de vous permettre de mettre en place des projets de d\u00e9veloppement.\" \/>\n<meta name=\"robots\" content=\"index, follow, max-snippet:-1, max-image-preview:large, max-video-preview:-1\" \/>\n<link rel=\"canonical\" href=\"https:\/\/projets-solidaires.la-guilde.org\/en\/call-for-projects-fall-2025-the-guild\/\" \/>\n<script type=\"application\/ld+json\" class=\"yoast-schema-graph\">{\"@context\":\"https:\\\/\\\/schema.org\",\"@graph\":[{\"@type\":\"Article\",\"@id\":\"https:\\\/\\\/projets-solidaires.la-guilde.org\\\/appel-a-projets-automne-2025-la-guilde\\\/#article\",\"isPartOf\":{\"@id\":\"https:\\\/\\\/projets-solidaires.la-guilde.org\\\/appel-a-projets-automne-2025-la-guilde\\\/\"},\"author\":{\"name\":\"Manon Blanc\",\"@id\":\"https:\\\/\\\/projets-solidaires.la-guilde.org\\\/#\\\/schema\\\/person\\\/db398cf5eb89d6d3445f1517367cd3c4\"},\"headline\":\"Appel \u00e0 projets Automne 2025 &#8211; La Guilde\",\"datePublished\":\"2025-08-29T13:12:22+00:00\",\"dateModified\":\"2025-09-17T08:28:38+00:00\",\"mainEntityOfPage\":{\"@id\":\"https:\\\/\\\/projets-solidaires.la-guilde.org\\\/appel-a-projets-automne-2025-la-guilde\\\/\"},\"wordCount\":1132,\"commentCount\":0,\"publisher\":{\"@id\":\"https:\\\/\\\/projets-solidaires.la-guilde.org\\\/#organization\"},\"image\":{\"@id\":\"https:\\\/\\\/projets-solidaires.la-guilde.org\\\/appel-a-projets-automne-2025-la-guilde\\\/#primaryimage\"},\"thumbnailUrl\":\"https:\\\/\\\/projets-solidaires.la-guilde.org\\\/wp-content\\\/uploads\\\/2025\\\/08\\\/Loustics-sous-le-baobab-Automne-2021-1200x480-1.jpg\",\"articleSection\":[\"Appel \u00e0 projets\"],\"inLanguage\":\"en-GB\",\"potentialAction\":[{\"@type\":\"CommentAction\",\"name\":\"Comment\",\"target\":[\"https:\\\/\\\/projets-solidaires.la-guilde.org\\\/appel-a-projets-automne-2025-la-guilde\\\/#respond\"]}]},{\"@type\":\"WebPage\",\"@id\":\"https:\\\/\\\/projets-solidaires.la-guilde.org\\\/appel-a-projets-automne-2025-la-guilde\\\/\",\"url\":\"https:\\\/\\\/projets-solidaires.la-guilde.org\\\/appel-a-projets-automne-2025-la-guilde\\\/\",\"name\":\"appel \u00e0 projet-microprojets-automne-guilde-financements\",\"isPartOf\":{\"@id\":\"https:\\\/\\\/projets-solidaires.la-guilde.org\\\/#website\"},\"primaryImageOfPage\":{\"@id\":\"https:\\\/\\\/projets-solidaires.la-guilde.org\\\/appel-a-projets-automne-2025-la-guilde\\\/#primaryimage\"},\"image\":{\"@id\":\"https:\\\/\\\/projets-solidaires.la-guilde.org\\\/appel-a-projets-automne-2025-la-guilde\\\/#primaryimage\"},\"thumbnailUrl\":\"https:\\\/\\\/projets-solidaires.la-guilde.org\\\/wp-content\\\/uploads\\\/2025\\\/08\\\/Loustics-sous-le-baobab-Automne-2021-1200x480-1.jpg\",\"datePublished\":\"2025-08-29T13:12:22+00:00\",\"dateModified\":\"2025-09-17T08:28:38+00:00\",\"description\":\"Le programme de soutien aux microprojets port\u00e9 par La Guilde en partenariat avec l\u2019Agence fran\u00e7aise de d\u00e9veloppement (AFD), la CIRRMA, les RRMA et la Fondation Agir Sa Vie, vous propose un nouvel appel \u00e0 projets multith\u00e9matiques afin de vous permettre de mettre en place des projets de d\u00e9veloppement.\",\"breadcrumb\":{\"@id\":\"https:\\\/\\\/projets-solidaires.la-guilde.org\\\/appel-a-projets-automne-2025-la-guilde\\\/#breadcrumb\"},\"inLanguage\":\"en-GB\",\"potentialAction\":[{\"@type\":\"ReadAction\",\"target\":[\"https:\\\/\\\/projets-solidaires.la-guilde.org\\\/appel-a-projets-automne-2025-la-guilde\\\/\"]}]},{\"@type\":\"ImageObject\",\"inLanguage\":\"en-GB\",\"@id\":\"https:\\\/\\\/projets-solidaires.la-guilde.org\\\/appel-a-projets-automne-2025-la-guilde\\\/#primaryimage\",\"url\":\"https:\\\/\\\/projets-solidaires.la-guilde.org\\\/wp-content\\\/uploads\\\/2025\\\/08\\\/Loustics-sous-le-baobab-Automne-2021-1200x480-1.jpg\",\"contentUrl\":\"https:\\\/\\\/projets-solidaires.la-guilde.org\\\/wp-content\\\/uploads\\\/2025\\\/08\\\/Loustics-sous-le-baobab-Automne-2021-1200x480-1.jpg\",\"width\":1200,\"height\":480},{\"@type\":\"BreadcrumbList\",\"@id\":\"https:\\\/\\\/projets-solidaires.la-guilde.org\\\/appel-a-projets-automne-2025-la-guilde\\\/#breadcrumb\",\"itemListElement\":[{\"@type\":\"ListItem\",\"position\":1,\"name\":\"Accueil\",\"item\":\"https:\\\/\\\/projets-solidaires.la-guilde.org\\\/\"},{\"@type\":\"ListItem\",\"position\":2,\"name\":\"Appel \u00e0 projets Automne 2025 &#8211; La Guilde\"}]},{\"@type\":\"WebSite\",\"@id\":\"https:\\\/\\\/projets-solidaires.la-guilde.org\\\/#website\",\"url\":\"https:\\\/\\\/projets-solidaires.la-guilde.org\\\/\",\"name\":\"Microprojet La Guilde\",\"description\":\"\",\"publisher\":{\"@id\":\"https:\\\/\\\/projets-solidaires.la-guilde.org\\\/#organization\"},\"potentialAction\":[{\"@type\":\"SearchAction\",\"target\":{\"@type\":\"EntryPoint\",\"urlTemplate\":\"https:\\\/\\\/projets-solidaires.la-guilde.org\\\/?s={search_term_string}\"},\"query-input\":{\"@type\":\"PropertyValueSpecification\",\"valueRequired\":true,\"valueName\":\"search_term_string\"}}],\"inLanguage\":\"en-GB\"},{\"@type\":\"Organization\",\"@id\":\"https:\\\/\\\/projets-solidaires.la-guilde.org\\\/#organization\",\"name\":\"Microprojet La Guilde\",\"url\":\"https:\\\/\\\/projets-solidaires.la-guilde.org\\\/\",\"logo\":{\"@type\":\"ImageObject\",\"inLanguage\":\"en-GB\",\"@id\":\"https:\\\/\\\/projets-solidaires.la-guilde.org\\\/#\\\/schema\\\/logo\\\/image\\\/\",\"url\":\"https:\\\/\\\/projets-solidaires.la-guilde.org\\\/wp-content\\\/uploads\\\/2025\\\/05\\\/logo-la-guilde-projets-solidaires.png\",\"contentUrl\":\"https:\\\/\\\/projets-solidaires.la-guilde.org\\\/wp-content\\\/uploads\\\/2025\\\/05\\\/logo-la-guilde-projets-solidaires.png\",\"width\":396,\"height\":201,\"caption\":\"Microprojet La Guilde\"},\"image\":{\"@id\":\"https:\\\/\\\/projets-solidaires.la-guilde.org\\\/#\\\/schema\\\/logo\\\/image\\\/\"}},{\"@type\":\"Person\",\"@id\":\"https:\\\/\\\/projets-solidaires.la-guilde.org\\\/#\\\/schema\\\/person\\\/db398cf5eb89d6d3445f1517367cd3c4\",\"name\":\"Manon Blanc\",\"image\":{\"@type\":\"ImageObject\",\"inLanguage\":\"en-GB\",\"@id\":\"https:\\\/\\\/secure.gravatar.com\\\/avatar\\\/3196a6bb385a1018d26bd708799e103c54f9bf2d39e88dfce2a19625015d3468?s=96&d=mm&r=g\",\"url\":\"https:\\\/\\\/secure.gravatar.com\\\/avatar\\\/3196a6bb385a1018d26bd708799e103c54f9bf2d39e88dfce2a19625015d3468?s=96&d=mm&r=g\",\"contentUrl\":\"https:\\\/\\\/secure.gravatar.com\\\/avatar\\\/3196a6bb385a1018d26bd708799e103c54f9bf2d39e88dfce2a19625015d3468?s=96&d=mm&r=g\",\"caption\":\"Manon Blanc\"}}]}<\/script>\n<!-- \/ Yoast SEO plugin. -->","yoast_head_json":{"title":"call for projects-microprojects-fall-guild-funding","description":"The micro-project support program run by La Guilde in partnership with the French Development Agency (AFD), CIRRMA, RRMA and the Agir Sa Vie Foundation, is offering you a new call for multi-thematic projects to enable you to set up development projects.","robots":{"index":"index","follow":"follow","max-snippet":"max-snippet:-1","max-image-preview":"max-image-preview:large","max-video-preview":"max-video-preview:-1"},"canonical":"https:\/\/projets-solidaires.la-guilde.org\/en\/call-for-projects-fall-2025-the-guild\/","schema":{"@context":"https:\/\/schema.org","@graph":[{"@type":"Article","@id":"https:\/\/projets-solidaires.la-guilde.org\/appel-a-projets-automne-2025-la-guilde\/#article","isPartOf":{"@id":"https:\/\/projets-solidaires.la-guilde.org\/appel-a-projets-automne-2025-la-guilde\/"},"author":{"name":"Manon Blanc","@id":"https:\/\/projets-solidaires.la-guilde.org\/#\/schema\/person\/db398cf5eb89d6d3445f1517367cd3c4"},"headline":"Appel \u00e0 projets Automne 2025 &#8211; La Guilde","datePublished":"2025-08-29T13:12:22+00:00","dateModified":"2025-09-17T08:28:38+00:00","mainEntityOfPage":{"@id":"https:\/\/projets-solidaires.la-guilde.org\/appel-a-projets-automne-2025-la-guilde\/"},"wordCount":1132,"commentCount":0,"publisher":{"@id":"https:\/\/projets-solidaires.la-guilde.org\/#organization"},"image":{"@id":"https:\/\/projets-solidaires.la-guilde.org\/appel-a-projets-automne-2025-la-guilde\/#primaryimage"},"thumbnailUrl":"https:\/\/projets-solidaires.la-guilde.org\/wp-content\/uploads\/2025\/08\/Loustics-sous-le-baobab-Automne-2021-1200x480-1.jpg","articleSection":["Appel \u00e0 projets"],"inLanguage":"en-GB","potentialAction":[{"@type":"CommentAction","name":"Comment","target":["https:\/\/projets-solidaires.la-guilde.org\/appel-a-projets-automne-2025-la-guilde\/#respond"]}]},{"@type":"WebPage","@id":"https:\/\/projets-solidaires.la-guilde.org\/appel-a-projets-automne-2025-la-guilde\/","url":"https:\/\/projets-solidaires.la-guilde.org\/appel-a-projets-automne-2025-la-guilde\/","name":"call for projects-microprojects-fall-guild-funding","isPartOf":{"@id":"https:\/\/projets-solidaires.la-guilde.org\/#website"},"primaryImageOfPage":{"@id":"https:\/\/projets-solidaires.la-guilde.org\/appel-a-projets-automne-2025-la-guilde\/#primaryimage"},"image":{"@id":"https:\/\/projets-solidaires.la-guilde.org\/appel-a-projets-automne-2025-la-guilde\/#primaryimage"},"thumbnailUrl":"https:\/\/projets-solidaires.la-guilde.org\/wp-content\/uploads\/2025\/08\/Loustics-sous-le-baobab-Automne-2021-1200x480-1.jpg","datePublished":"2025-08-29T13:12:22+00:00","dateModified":"2025-09-17T08:28:38+00:00","description":"The micro-project support program run by La Guilde in partnership with the French Development Agency (AFD), CIRRMA, RRMA and the Agir Sa Vie Foundation, is offering you a new call for multi-thematic projects to enable you to set up development projects.","breadcrumb":{"@id":"https:\/\/projets-solidaires.la-guilde.org\/appel-a-projets-automne-2025-la-guilde\/#breadcrumb"},"inLanguage":"en-GB","potentialAction":[{"@type":"ReadAction","target":["https:\/\/projets-solidaires.la-guilde.org\/appel-a-projets-automne-2025-la-guilde\/"]}]},{"@type":"ImageObject","inLanguage":"en-GB","@id":"https:\/\/projets-solidaires.la-guilde.org\/appel-a-projets-automne-2025-la-guilde\/#primaryimage","url":"https:\/\/projets-solidaires.la-guilde.org\/wp-content\/uploads\/2025\/08\/Loustics-sous-le-baobab-Automne-2021-1200x480-1.jpg","contentUrl":"https:\/\/projets-solidaires.la-guilde.org\/wp-content\/uploads\/2025\/08\/Loustics-sous-le-baobab-Automne-2021-1200x480-1.jpg","width":1200,"height":480},{"@type":"BreadcrumbList","@id":"https:\/\/projets-solidaires.la-guilde.org\/appel-a-projets-automne-2025-la-guilde\/#breadcrumb","itemListElement":[{"@type":"ListItem","position":1,"name":"Accueil","item":"https:\/\/projets-solidaires.la-guilde.org\/"},{"@type":"ListItem","position":2,"name":"Appel \u00e0 projets Automne 2025 &#8211; La Guilde"}]},{"@type":"WebSite","@id":"https:\/\/projets-solidaires.la-guilde.org\/#website","url":"https:\/\/projets-solidaires.la-guilde.org\/","name":"La Guilde Microproject","description":"","publisher":{"@id":"https:\/\/projets-solidaires.la-guilde.org\/#organization"},"potentialAction":[{"@type":"SearchAction","target":{"@type":"EntryPoint","urlTemplate":"https:\/\/projets-solidaires.la-guilde.org\/?s={search_term_string}"},"query-input":{"@type":"PropertyValueSpecification","valueRequired":true,"valueName":"search_term_string"}}],"inLanguage":"en-GB"},{"@type":"Organization","@id":"https:\/\/projets-solidaires.la-guilde.org\/#organization","name":"La Guilde Microproject","url":"https:\/\/projets-solidaires.la-guilde.org\/","logo":{"@type":"ImageObject","inLanguage":"en-GB","@id":"https:\/\/projets-solidaires.la-guilde.org\/#\/schema\/logo\/image\/","url":"https:\/\/projets-solidaires.la-guilde.org\/wp-content\/uploads\/2025\/05\/logo-la-guilde-projets-solidaires.png","contentUrl":"https:\/\/projets-solidaires.la-guilde.org\/wp-content\/uploads\/2025\/05\/logo-la-guilde-projets-solidaires.png","width":396,"height":201,"caption":"Microprojet La Guilde"},"image":{"@id":"https:\/\/projets-solidaires.la-guilde.org\/#\/schema\/logo\/image\/"}},{"@type":"Person","@id":"https:\/\/projets-solidaires.la-guilde.org\/#\/schema\/person\/db398cf5eb89d6d3445f1517367cd3c4","name":"Manon Blanc","image":{"@type":"ImageObject","inLanguage":"en-GB","@id":"https:\/\/secure.gravatar.com\/avatar\/3196a6bb385a1018d26bd708799e103c54f9bf2d39e88dfce2a19625015d3468?s=96&d=mm&r=g","url":"https:\/\/secure.gravatar.com\/avatar\/3196a6bb385a1018d26bd708799e103c54f9bf2d39e88dfce2a19625015d3468?s=96&d=mm&r=g","contentUrl":"https:\/\/secure.gravatar.com\/avatar\/3196a6bb385a1018d26bd708799e103c54f9bf2d39e88dfce2a19625015d3468?s=96&d=mm&r=g","caption":"Manon Blanc"}}]}},"publishpress_future_action":{"enabled":false,"date":"2026-05-06 11:23:53","action":"change-status","newStatus":"draft","terms":[],"taxonomy":"category","extraData":[]},"publishpress_future_workflow_manual_trigger":{"enabledWorkflows":[]},"_links":{"self":[{"href":"https:\/\/projets-solidaires.la-guilde.org\/en\/wp-json\/wp\/v2\/posts\/3428","targetHints":{"allow":["GET"]}}],"collection":[{"href":"https:\/\/projets-solidaires.la-guilde.org\/en\/wp-json\/wp\/v2\/posts"}],"about":[{"href":"https:\/\/projets-solidaires.la-guilde.org\/en\/wp-json\/wp\/v2\/types\/post"}],"author":[{"embeddable":true,"href":"https:\/\/projets-solidaires.la-guilde.org\/en\/wp-json\/wp\/v2\/users\/9"}],"replies":[{"embeddable":true,"href":"https:\/\/projets-solidaires.la-guilde.org\/en\/wp-json\/wp\/v2\/comments?post=3428"}],"version-history":[{"count":0,"href":"https:\/\/projets-solidaires.la-guilde.org\/en\/wp-json\/wp\/v2\/posts\/3428\/revisions"}],"wp:featuredmedia":[{"embeddable":true,"href":"https:\/\/projets-solidaires.la-guilde.org\/en\/wp-json\/wp\/v2\/media\/3440"}],"wp:attachment":[{"href":"https:\/\/projets-solidaires.la-guilde.org\/en\/wp-json\/wp\/v2\/media?parent=3428"}],"wp:term":[{"taxonomy":"category","embeddable":true,"href":"https:\/\/projets-solidaires.la-guilde.org\/en\/wp-json\/wp\/v2\/categories?post=3428"},{"taxonomy":"post_tag","embeddable":true,"href":"https:\/\/projets-solidaires.la-guilde.org\/en\/wp-json\/wp\/v2\/tags?post=3428"}],"curies":[{"name":"wp","href":"https:\/\/api.w.org\/{rel}","templated":true}]}}