{"id":3112,"date":"2025-04-16T09:52:00","date_gmt":"2025-04-16T09:52:00","guid":{"rendered":"https:\/\/preprod.projets-solidaires.la-guilde.org\/?p=3112"},"modified":"2025-12-02T13:41:36","modified_gmt":"2025-12-02T13:41:36","slug":"discover-the-brochure-for-the-coreom-overseas-regional-cooperation-program","status":"publish","type":"post","link":"https:\/\/projets-solidaires.la-guilde.org\/en\/discover-the-brochure-for-the-coreom-overseas-regional-cooperation-program\/","title":{"rendered":"Discover the brochure for the COR\u00c9OM program \u2013 Overseas Regional Cooperations"},"content":{"rendered":"<p><em>The program <strong>COR\u00c9OM \u2013 Overseas Regional Cooperation<\/strong>, supported by <strong>La Guilde<\/strong> with the support of\u2019<strong>AFD<\/strong> and of the <strong>Foundation of France<\/strong>, strengthens the dynamics of solidarity and international cooperation in the overseas territories. A new <strong>presentation brochure<\/strong> highlights its objectives, its results and the voices of the stakeholders involved.<\/em><\/p>\n\n\n\n<h2 class=\"wp-block-heading\">A program serving overseas CSOs<\/h2>\n\n\n\n<p>Based on a diagnosis carried out in Guadeloupe, French Guiana, Martinique, R\u00e9union and Mayotte, the COR\u00c9OM program responds to three needs expressed by civil society organizations (CSOs):<\/p>\n\n\n\n<ul class=\"wp-block-list\">\n<li>difficult access to financing,<\/li>\n\n\n\n<li>the lack of visibility of the initiatives,<\/li>\n\n\n\n<li>the need for support tailored to local realities.<\/li>\n<\/ul>\n\n\n\n<p>To address this, COR\u00c9OM proposes a <strong>innovative dual system<\/strong>, combining local support and financial assistance.<\/p>\n\n\n\n<figure class=\"wp-block-image size-large\"><img fetchpriority=\"high\" decoding=\"async\" width=\"1024\" height=\"446\" src=\"https:\/\/preprod.projets-solidaires.la-guilde.org\/wp-content\/uploads\/2025\/08\/image-1024x446.jpg\" alt=\"\" class=\"wp-image-3130\" srcset=\"https:\/\/projets-solidaires.la-guilde.org\/wp-content\/uploads\/2025\/08\/image-1024x446.jpg 1024w, https:\/\/projets-solidaires.la-guilde.org\/wp-content\/uploads\/2025\/08\/image-300x131.jpg 300w, https:\/\/projets-solidaires.la-guilde.org\/wp-content\/uploads\/2025\/08\/image-768x334.jpg 768w, https:\/\/projets-solidaires.la-guilde.org\/wp-content\/uploads\/2025\/08\/image.jpg 1365w\" sizes=\"(max-width: 1024px) 100vw, 1024px\" \/><\/figure>\n\n\n\n<h2 class=\"wp-block-heading\">The main areas of action <\/h2>\n\n\n\n<div class=\"wp-block-columns is-layout-flex wp-container-core-columns-is-layout-28f84493 wp-block-columns-is-layout-flex\">\n<div class=\"wp-block-column is-layout-flow wp-block-column-is-layout-flow\" style=\"flex-basis:100%\">\n<p><\/p>\n\n\n\n<h3 class=\"wp-block-heading\">1) Tailored support <\/h3>\n\n\n\n<p>COR\u00c9OM offers CSOs a structured pathway that includes:<\/p>\n\n\n\n<ul class=\"wp-block-list\">\n<li>A <strong>individualized support<\/strong> for project design and management,<\/li>\n\n\n\n<li>of the <strong>group training sessions<\/strong> on key themes (governance, partnerships, financial management),<\/li>\n\n\n\n<li>A <strong>easy access<\/strong> to local and international partner networks.<\/li>\n<\/ul>\n<\/div>\n<\/div>\n\n\n\n<h3 class=\"wp-block-heading\">2) Appropriate financing <\/h3>\n\n\n\n<p>In parallel, COR\u00c9OM offers a <strong>targeted financing mechanism<\/strong> which addresses the needs of small and medium-sized CSOs. This mechanism bridges the gap between local micro-financing and large international calls for projects, which are often difficult to access.<\/p>\n\n\n\n<h2 class=\"wp-block-heading\">The priority themes of the program <\/h2>\n\n\n\n<p>By 2025, the projects supported by COR\u00c9OM will cover five priority areas:<\/p>\n\n\n\n<figure class=\"wp-block-image size-large\"><img decoding=\"async\" width=\"1024\" height=\"416\" src=\"https:\/\/preprod.projets-solidaires.la-guilde.org\/wp-content\/uploads\/2025\/08\/image-1-1024x416.jpg\" alt=\"\" class=\"wp-image-3117\" srcset=\"https:\/\/projets-solidaires.la-guilde.org\/wp-content\/uploads\/2025\/08\/image-1-1024x416.jpg 1024w, https:\/\/projets-solidaires.la-guilde.org\/wp-content\/uploads\/2025\/08\/image-1-300x122.jpg 300w, https:\/\/projets-solidaires.la-guilde.org\/wp-content\/uploads\/2025\/08\/image-1-768x312.jpg 768w, https:\/\/projets-solidaires.la-guilde.org\/wp-content\/uploads\/2025\/08\/image-1.jpg 1348w\" sizes=\"(max-width: 1024px) 100vw, 1024px\" \/><\/figure>\n\n\n\n<p>These themes reflect the essential issues for overseas societies and strengthen their participation in international cooperation.<\/p>\n\n\n\n<h2 class=\"wp-block-heading\">Key figures for COR\u00c9OM in 2025 <\/h2>\n\n\n\n<figure class=\"wp-block-image size-large\"><img decoding=\"async\" width=\"1024\" height=\"484\" src=\"https:\/\/preprod.projets-solidaires.la-guilde.org\/wp-content\/uploads\/2025\/08\/image-1024x484.jpg\" alt=\"\" class=\"wp-image-3116\" srcset=\"https:\/\/projets-solidaires.la-guilde.org\/wp-content\/uploads\/2025\/08\/image-1024x484.jpg 1024w, https:\/\/projets-solidaires.la-guilde.org\/wp-content\/uploads\/2025\/08\/image-300x142.jpg 300w, https:\/\/projets-solidaires.la-guilde.org\/wp-content\/uploads\/2025\/08\/image-768x363.jpg 768w, https:\/\/projets-solidaires.la-guilde.org\/wp-content\/uploads\/2025\/08\/image.jpg 1360w\" sizes=\"(max-width: 1024px) 100vw, 1024px\" \/><\/figure>\n\n\n\n<h2 class=\"wp-block-heading\">The key role of relay partners <\/h2>\n\n\n\n<p>COR\u00c9OM operates through a network of strategic partners present in each territory. Their mission:<\/p>\n\n\n\n<ul class=\"wp-block-list\">\n<li>ensure a <strong>local support<\/strong>,<\/li>\n\n\n\n<li>relaying useful information to project leaders,<\/li>\n\n\n\n<li>to facilitate networking with local and regional institutions.<\/li>\n<\/ul>\n\n\n\n<p>These relays are essential to ensure the relevance and effectiveness of the program.<\/p>\n\n\n\n<figure class=\"wp-block-image size-large\"><img loading=\"lazy\" decoding=\"async\" width=\"1024\" height=\"200\" src=\"https:\/\/preprod.projets-solidaires.la-guilde.org\/wp-content\/uploads\/2025\/08\/image-2-1024x200.jpg\" alt=\"\" class=\"wp-image-3118\" srcset=\"https:\/\/projets-solidaires.la-guilde.org\/wp-content\/uploads\/2025\/08\/image-2-1024x200.jpg 1024w, https:\/\/projets-solidaires.la-guilde.org\/wp-content\/uploads\/2025\/08\/image-2-300x59.jpg 300w, https:\/\/projets-solidaires.la-guilde.org\/wp-content\/uploads\/2025\/08\/image-2-768x150.jpg 768w, https:\/\/projets-solidaires.la-guilde.org\/wp-content\/uploads\/2025\/08\/image-2.jpg 1251w\" sizes=\"(max-width: 1024px) 100vw, 1024px\" \/><\/figure>\n\n\n\n<figure class=\"wp-block-pullquote\"><blockquote><p>\u00abCOR\u00c9OM is the perfect continuation of what we started. It&#039;s the missing link between small foundations and large calls for projects such as European funding.\u00bb<\/p><cite>Winning project leader 2025<\/cite><\/blockquote><\/figure>\n\n\n\n<div class=\"wp-block-buttons is-layout-flex wp-container-core-buttons-is-layout-168ce233 wp-block-buttons-is-layout-flex\">\n<div class=\"wp-block-button\"><a class=\"wp-block-button__link has-text-align-center wp-element-button\" href=\"https:\/\/preprod.projets-solidaires.la-guilde.org\/wp-content\/uploads\/2025\/08\/Plaquette-A3-COREOM-WEB-1.pdf\">Download the COR\u00c9OM brochure<\/a><\/div>\n<\/div>\n\n\n\n<div class=\"wp-block-buttons is-layout-flex wp-container-core-buttons-is-layout-168ce233 wp-block-buttons-is-layout-flex\">\n<div class=\"wp-block-button\"><a class=\"wp-block-button__link has-text-align-center wp-element-button\" href=\"https:\/\/projets-solidaires.la-guilde.org\/wp-content\/uploads\/2025\/12\/fiches-projets-COREOM.pdf\">COR\u00c9OM project fact sheets<\/a><\/div>\n<\/div>\n\n\n\n<p><\/p>","protected":false},"excerpt":{"rendered":"<p>Le programme COR\u00c9OM \u2013 Coop\u00e9rations r\u00e9gionales ultramarines, port\u00e9 par La Guilde avec le soutien de l\u2019AFD et de la Fondation de France, renforce les dynamiques de solidarit\u00e9 et de coop\u00e9ration internationale dans les territoires ultramarins. Une nouvelle plaquette de pr\u00e9sentation met en lumi\u00e8re ses objectifs, ses r\u00e9sultats et les voix des acteurs engag\u00e9s. Un programme [&hellip;]<\/p>\n","protected":false},"author":5,"featured_media":3123,"comment_status":"closed","ping_status":"open","sticky":false,"template":"","format":"standard","meta":{"inline_featured_image":false,"footnotes":"[]"},"categories":[41,1014],"tags":[1045,1046,1028,1030,1044],"class_list":["post-3112","post","type-post","status-publish","format-standard","has-post-thumbnail","hentry","category-aide-au-developpement","category-coreom","tag-cooperation-internationale-outre-mer","tag-organisations-de-la-societe-civile-outre-mer","tag-outre-mer","tag-coreom","tag-accompagnement-osc"],"yoast_head":"<!-- This site is optimized with the Yoast SEO plugin v27.3 - https:\/\/yoast.com\/product\/yoast-seo-wordpress\/ -->\n<title>D\u00e9couvrez la plaquette du programme COR\u00c9OM \u2013 Coop\u00e9rations r\u00e9gionales ultramarines - Microprojet La Guilde<\/title>\n<meta name=\"robots\" content=\"index, follow, max-snippet:-1, max-image-preview:large, max-video-preview:-1\" \/>\n<link rel=\"canonical\" href=\"https:\/\/projets-solidaires.la-guilde.org\/en\/discover-the-brochure-for-the-coreom-overseas-regional-cooperation-program\/\" \/>\n<script type=\"application\/ld+json\" class=\"yoast-schema-graph\">{\"@context\":\"https:\\\/\\\/schema.org\",\"@graph\":[{\"@type\":\"Article\",\"@id\":\"https:\\\/\\\/projets-solidaires.la-guilde.org\\\/decouvrez-la-plaquette-du-programme-coreom-cooperations-regionales-ultramarines\\\/#article\",\"isPartOf\":{\"@id\":\"https:\\\/\\\/projets-solidaires.la-guilde.org\\\/decouvrez-la-plaquette-du-programme-coreom-cooperations-regionales-ultramarines\\\/\"},\"author\":{\"name\":\"Angela Fontana\",\"@id\":\"https:\\\/\\\/projets-solidaires.la-guilde.org\\\/#\\\/schema\\\/person\\\/421d0c9c85fe814021accae2818eaabe\"},\"headline\":\"D\u00e9couvrez la plaquette du programme COR\u00c9OM \u2013 Coop\u00e9rations r\u00e9gionales ultramarines\",\"datePublished\":\"2025-04-16T09:52:00+00:00\",\"dateModified\":\"2025-12-02T13:41:36+00:00\",\"mainEntityOfPage\":{\"@id\":\"https:\\\/\\\/projets-solidaires.la-guilde.org\\\/decouvrez-la-plaquette-du-programme-coreom-cooperations-regionales-ultramarines\\\/\"},\"wordCount\":420,\"publisher\":{\"@id\":\"https:\\\/\\\/projets-solidaires.la-guilde.org\\\/#organization\"},\"image\":{\"@id\":\"https:\\\/\\\/projets-solidaires.la-guilde.org\\\/decouvrez-la-plaquette-du-programme-coreom-cooperations-regionales-ultramarines\\\/#primaryimage\"},\"thumbnailUrl\":\"https:\\\/\\\/projets-solidaires.la-guilde.org\\\/wp-content\\\/uploads\\\/2025\\\/05\\\/photo-officielle-programme.jpg\",\"keywords\":[\"coop\u00e9ration internationale Outre-mer\",\"organisations de la soci\u00e9t\u00e9 civile Outre-mer\",\"Outre-mer\",\"COREOM\",\"accompagnement OSC\"],\"articleSection\":[\"Aide au d\u00e9veloppement\",\"Coreom\"],\"inLanguage\":\"en-GB\"},{\"@type\":\"WebPage\",\"@id\":\"https:\\\/\\\/projets-solidaires.la-guilde.org\\\/decouvrez-la-plaquette-du-programme-coreom-cooperations-regionales-ultramarines\\\/\",\"url\":\"https:\\\/\\\/projets-solidaires.la-guilde.org\\\/decouvrez-la-plaquette-du-programme-coreom-cooperations-regionales-ultramarines\\\/\",\"name\":\"D\u00e9couvrez la plaquette du programme COR\u00c9OM \u2013 Coop\u00e9rations r\u00e9gionales ultramarines - Microprojet La Guilde\",\"isPartOf\":{\"@id\":\"https:\\\/\\\/projets-solidaires.la-guilde.org\\\/#website\"},\"primaryImageOfPage\":{\"@id\":\"https:\\\/\\\/projets-solidaires.la-guilde.org\\\/decouvrez-la-plaquette-du-programme-coreom-cooperations-regionales-ultramarines\\\/#primaryimage\"},\"image\":{\"@id\":\"https:\\\/\\\/projets-solidaires.la-guilde.org\\\/decouvrez-la-plaquette-du-programme-coreom-cooperations-regionales-ultramarines\\\/#primaryimage\"},\"thumbnailUrl\":\"https:\\\/\\\/projets-solidaires.la-guilde.org\\\/wp-content\\\/uploads\\\/2025\\\/05\\\/photo-officielle-programme.jpg\",\"datePublished\":\"2025-04-16T09:52:00+00:00\",\"dateModified\":\"2025-12-02T13:41:36+00:00\",\"breadcrumb\":{\"@id\":\"https:\\\/\\\/projets-solidaires.la-guilde.org\\\/decouvrez-la-plaquette-du-programme-coreom-cooperations-regionales-ultramarines\\\/#breadcrumb\"},\"inLanguage\":\"en-GB\",\"potentialAction\":[{\"@type\":\"ReadAction\",\"target\":[\"https:\\\/\\\/projets-solidaires.la-guilde.org\\\/decouvrez-la-plaquette-du-programme-coreom-cooperations-regionales-ultramarines\\\/\"]}]},{\"@type\":\"ImageObject\",\"inLanguage\":\"en-GB\",\"@id\":\"https:\\\/\\\/projets-solidaires.la-guilde.org\\\/decouvrez-la-plaquette-du-programme-coreom-cooperations-regionales-ultramarines\\\/#primaryimage\",\"url\":\"https:\\\/\\\/projets-solidaires.la-guilde.org\\\/wp-content\\\/uploads\\\/2025\\\/05\\\/photo-officielle-programme.jpg\",\"contentUrl\":\"https:\\\/\\\/projets-solidaires.la-guilde.org\\\/wp-content\\\/uploads\\\/2025\\\/05\\\/photo-officielle-programme.jpg\",\"width\":1800,\"height\":1202},{\"@type\":\"BreadcrumbList\",\"@id\":\"https:\\\/\\\/projets-solidaires.la-guilde.org\\\/decouvrez-la-plaquette-du-programme-coreom-cooperations-regionales-ultramarines\\\/#breadcrumb\",\"itemListElement\":[{\"@type\":\"ListItem\",\"position\":1,\"name\":\"Accueil\",\"item\":\"https:\\\/\\\/projets-solidaires.la-guilde.org\\\/\"},{\"@type\":\"ListItem\",\"position\":2,\"name\":\"D\u00e9couvrez la plaquette du programme COR\u00c9OM \u2013 Coop\u00e9rations r\u00e9gionales ultramarines\"}]},{\"@type\":\"WebSite\",\"@id\":\"https:\\\/\\\/projets-solidaires.la-guilde.org\\\/#website\",\"url\":\"https:\\\/\\\/projets-solidaires.la-guilde.org\\\/\",\"name\":\"Microprojet La Guilde\",\"description\":\"\",\"publisher\":{\"@id\":\"https:\\\/\\\/projets-solidaires.la-guilde.org\\\/#organization\"},\"potentialAction\":[{\"@type\":\"SearchAction\",\"target\":{\"@type\":\"EntryPoint\",\"urlTemplate\":\"https:\\\/\\\/projets-solidaires.la-guilde.org\\\/?s={search_term_string}\"},\"query-input\":{\"@type\":\"PropertyValueSpecification\",\"valueRequired\":true,\"valueName\":\"search_term_string\"}}],\"inLanguage\":\"en-GB\"},{\"@type\":\"Organization\",\"@id\":\"https:\\\/\\\/projets-solidaires.la-guilde.org\\\/#organization\",\"name\":\"Microprojet La Guilde\",\"url\":\"https:\\\/\\\/projets-solidaires.la-guilde.org\\\/\",\"logo\":{\"@type\":\"ImageObject\",\"inLanguage\":\"en-GB\",\"@id\":\"https:\\\/\\\/projets-solidaires.la-guilde.org\\\/#\\\/schema\\\/logo\\\/image\\\/\",\"url\":\"https:\\\/\\\/projets-solidaires.la-guilde.org\\\/wp-content\\\/uploads\\\/2025\\\/05\\\/logo-la-guilde-projets-solidaires.png\",\"contentUrl\":\"https:\\\/\\\/projets-solidaires.la-guilde.org\\\/wp-content\\\/uploads\\\/2025\\\/05\\\/logo-la-guilde-projets-solidaires.png\",\"width\":396,\"height\":201,\"caption\":\"Microprojet La Guilde\"},\"image\":{\"@id\":\"https:\\\/\\\/projets-solidaires.la-guilde.org\\\/#\\\/schema\\\/logo\\\/image\\\/\"}},{\"@type\":\"Person\",\"@id\":\"https:\\\/\\\/projets-solidaires.la-guilde.org\\\/#\\\/schema\\\/person\\\/421d0c9c85fe814021accae2818eaabe\",\"name\":\"Angela Fontana\",\"image\":{\"@type\":\"ImageObject\",\"inLanguage\":\"en-GB\",\"@id\":\"https:\\\/\\\/secure.gravatar.com\\\/avatar\\\/f8b4587bed7a67c9c6ae12dbdf373c0d20adf69e7a479cab64ef75bdb1800294?s=96&d=mm&r=g\",\"url\":\"https:\\\/\\\/secure.gravatar.com\\\/avatar\\\/f8b4587bed7a67c9c6ae12dbdf373c0d20adf69e7a479cab64ef75bdb1800294?s=96&d=mm&r=g\",\"contentUrl\":\"https:\\\/\\\/secure.gravatar.com\\\/avatar\\\/f8b4587bed7a67c9c6ae12dbdf373c0d20adf69e7a479cab64ef75bdb1800294?s=96&d=mm&r=g\",\"caption\":\"Angela Fontana\"}}]}<\/script>\n<!-- \/ Yoast SEO plugin. -->","yoast_head_json":{"title":"Discover the brochure for the COR\u00c9OM program \u2013 Overseas Regional Cooperations \u2013 The Guild Micro-Project","robots":{"index":"index","follow":"follow","max-snippet":"max-snippet:-1","max-image-preview":"max-image-preview:large","max-video-preview":"max-video-preview:-1"},"canonical":"https:\/\/projets-solidaires.la-guilde.org\/en\/discover-the-brochure-for-the-coreom-overseas-regional-cooperation-program\/","schema":{"@context":"https:\/\/schema.org","@graph":[{"@type":"Article","@id":"https:\/\/projets-solidaires.la-guilde.org\/decouvrez-la-plaquette-du-programme-coreom-cooperations-regionales-ultramarines\/#article","isPartOf":{"@id":"https:\/\/projets-solidaires.la-guilde.org\/decouvrez-la-plaquette-du-programme-coreom-cooperations-regionales-ultramarines\/"},"author":{"name":"Angela Fontana","@id":"https:\/\/projets-solidaires.la-guilde.org\/#\/schema\/person\/421d0c9c85fe814021accae2818eaabe"},"headline":"D\u00e9couvrez la plaquette du programme COR\u00c9OM \u2013 Coop\u00e9rations r\u00e9gionales ultramarines","datePublished":"2025-04-16T09:52:00+00:00","dateModified":"2025-12-02T13:41:36+00:00","mainEntityOfPage":{"@id":"https:\/\/projets-solidaires.la-guilde.org\/decouvrez-la-plaquette-du-programme-coreom-cooperations-regionales-ultramarines\/"},"wordCount":420,"publisher":{"@id":"https:\/\/projets-solidaires.la-guilde.org\/#organization"},"image":{"@id":"https:\/\/projets-solidaires.la-guilde.org\/decouvrez-la-plaquette-du-programme-coreom-cooperations-regionales-ultramarines\/#primaryimage"},"thumbnailUrl":"https:\/\/projets-solidaires.la-guilde.org\/wp-content\/uploads\/2025\/05\/photo-officielle-programme.jpg","keywords":["coop\u00e9ration internationale Outre-mer","organisations de la soci\u00e9t\u00e9 civile Outre-mer","Outre-mer","COREOM","accompagnement OSC"],"articleSection":["Aide au d\u00e9veloppement","Coreom"],"inLanguage":"en-GB"},{"@type":"WebPage","@id":"https:\/\/projets-solidaires.la-guilde.org\/decouvrez-la-plaquette-du-programme-coreom-cooperations-regionales-ultramarines\/","url":"https:\/\/projets-solidaires.la-guilde.org\/decouvrez-la-plaquette-du-programme-coreom-cooperations-regionales-ultramarines\/","name":"Discover the brochure for the COR\u00c9OM program \u2013 Overseas Regional Cooperations \u2013 The Guild Micro-Project","isPartOf":{"@id":"https:\/\/projets-solidaires.la-guilde.org\/#website"},"primaryImageOfPage":{"@id":"https:\/\/projets-solidaires.la-guilde.org\/decouvrez-la-plaquette-du-programme-coreom-cooperations-regionales-ultramarines\/#primaryimage"},"image":{"@id":"https:\/\/projets-solidaires.la-guilde.org\/decouvrez-la-plaquette-du-programme-coreom-cooperations-regionales-ultramarines\/#primaryimage"},"thumbnailUrl":"https:\/\/projets-solidaires.la-guilde.org\/wp-content\/uploads\/2025\/05\/photo-officielle-programme.jpg","datePublished":"2025-04-16T09:52:00+00:00","dateModified":"2025-12-02T13:41:36+00:00","breadcrumb":{"@id":"https:\/\/projets-solidaires.la-guilde.org\/decouvrez-la-plaquette-du-programme-coreom-cooperations-regionales-ultramarines\/#breadcrumb"},"inLanguage":"en-GB","potentialAction":[{"@type":"ReadAction","target":["https:\/\/projets-solidaires.la-guilde.org\/decouvrez-la-plaquette-du-programme-coreom-cooperations-regionales-ultramarines\/"]}]},{"@type":"ImageObject","inLanguage":"en-GB","@id":"https:\/\/projets-solidaires.la-guilde.org\/decouvrez-la-plaquette-du-programme-coreom-cooperations-regionales-ultramarines\/#primaryimage","url":"https:\/\/projets-solidaires.la-guilde.org\/wp-content\/uploads\/2025\/05\/photo-officielle-programme.jpg","contentUrl":"https:\/\/projets-solidaires.la-guilde.org\/wp-content\/uploads\/2025\/05\/photo-officielle-programme.jpg","width":1800,"height":1202},{"@type":"BreadcrumbList","@id":"https:\/\/projets-solidaires.la-guilde.org\/decouvrez-la-plaquette-du-programme-coreom-cooperations-regionales-ultramarines\/#breadcrumb","itemListElement":[{"@type":"ListItem","position":1,"name":"Accueil","item":"https:\/\/projets-solidaires.la-guilde.org\/"},{"@type":"ListItem","position":2,"name":"D\u00e9couvrez la plaquette du programme COR\u00c9OM \u2013 Coop\u00e9rations r\u00e9gionales ultramarines"}]},{"@type":"WebSite","@id":"https:\/\/projets-solidaires.la-guilde.org\/#website","url":"https:\/\/projets-solidaires.la-guilde.org\/","name":"La Guilde Microproject","description":"","publisher":{"@id":"https:\/\/projets-solidaires.la-guilde.org\/#organization"},"potentialAction":[{"@type":"SearchAction","target":{"@type":"EntryPoint","urlTemplate":"https:\/\/projets-solidaires.la-guilde.org\/?s={search_term_string}"},"query-input":{"@type":"PropertyValueSpecification","valueRequired":true,"valueName":"search_term_string"}}],"inLanguage":"en-GB"},{"@type":"Organization","@id":"https:\/\/projets-solidaires.la-guilde.org\/#organization","name":"La Guilde Microproject","url":"https:\/\/projets-solidaires.la-guilde.org\/","logo":{"@type":"ImageObject","inLanguage":"en-GB","@id":"https:\/\/projets-solidaires.la-guilde.org\/#\/schema\/logo\/image\/","url":"https:\/\/projets-solidaires.la-guilde.org\/wp-content\/uploads\/2025\/05\/logo-la-guilde-projets-solidaires.png","contentUrl":"https:\/\/projets-solidaires.la-guilde.org\/wp-content\/uploads\/2025\/05\/logo-la-guilde-projets-solidaires.png","width":396,"height":201,"caption":"Microprojet La Guilde"},"image":{"@id":"https:\/\/projets-solidaires.la-guilde.org\/#\/schema\/logo\/image\/"}},{"@type":"Person","@id":"https:\/\/projets-solidaires.la-guilde.org\/#\/schema\/person\/421d0c9c85fe814021accae2818eaabe","name":"Angela Fontana","image":{"@type":"ImageObject","inLanguage":"en-GB","@id":"https:\/\/secure.gravatar.com\/avatar\/f8b4587bed7a67c9c6ae12dbdf373c0d20adf69e7a479cab64ef75bdb1800294?s=96&d=mm&r=g","url":"https:\/\/secure.gravatar.com\/avatar\/f8b4587bed7a67c9c6ae12dbdf373c0d20adf69e7a479cab64ef75bdb1800294?s=96&d=mm&r=g","contentUrl":"https:\/\/secure.gravatar.com\/avatar\/f8b4587bed7a67c9c6ae12dbdf373c0d20adf69e7a479cab64ef75bdb1800294?s=96&d=mm&r=g","caption":"Angela Fontana"}}]}},"publishpress_future_action":{"enabled":false,"date":"2026-05-08 14:34:09","action":"change-status","newStatus":"draft","terms":[],"taxonomy":"category","extraData":[]},"publishpress_future_workflow_manual_trigger":{"enabledWorkflows":[]},"_links":{"self":[{"href":"https:\/\/projets-solidaires.la-guilde.org\/en\/wp-json\/wp\/v2\/posts\/3112","targetHints":{"allow":["GET"]}}],"collection":[{"href":"https:\/\/projets-solidaires.la-guilde.org\/en\/wp-json\/wp\/v2\/posts"}],"about":[{"href":"https:\/\/projets-solidaires.la-guilde.org\/en\/wp-json\/wp\/v2\/types\/post"}],"author":[{"embeddable":true,"href":"https:\/\/projets-solidaires.la-guilde.org\/en\/wp-json\/wp\/v2\/users\/5"}],"replies":[{"embeddable":true,"href":"https:\/\/projets-solidaires.la-guilde.org\/en\/wp-json\/wp\/v2\/comments?post=3112"}],"version-history":[{"count":0,"href":"https:\/\/projets-solidaires.la-guilde.org\/en\/wp-json\/wp\/v2\/posts\/3112\/revisions"}],"wp:featuredmedia":[{"embeddable":true,"href":"https:\/\/projets-solidaires.la-guilde.org\/en\/wp-json\/wp\/v2\/media\/3123"}],"wp:attachment":[{"href":"https:\/\/projets-solidaires.la-guilde.org\/en\/wp-json\/wp\/v2\/media?parent=3112"}],"wp:term":[{"taxonomy":"category","embeddable":true,"href":"https:\/\/projets-solidaires.la-guilde.org\/en\/wp-json\/wp\/v2\/categories?post=3112"},{"taxonomy":"post_tag","embeddable":true,"href":"https:\/\/projets-solidaires.la-guilde.org\/en\/wp-json\/wp\/v2\/tags?post=3112"}],"curies":[{"name":"wp","href":"https:\/\/api.w.org\/{rel}","templated":true}]}}