{"id":3074,"date":"2025-05-27T08:46:00","date_gmt":"2025-05-27T08:46:00","guid":{"rendered":"https:\/\/preprod.projets-solidaires.la-guilde.org\/?p=3074"},"modified":"2025-10-14T13:42:26","modified_gmt":"2025-10-14T13:42:26","slug":"a-regional-project-to-save-cetaceans","status":"publish","type":"post","link":"https:\/\/projets-solidaires.la-guilde.org\/en\/a-regional-project-to-save-cetaceans\/","title":{"rendered":"A regional governance project to protect cetaceans"},"content":{"rendered":"<p><em>Based in Martinique, the Caribbean Cetacean Society leads the largest cetacean conservation program in the Caribbean, an ambitious initiative to protect these marine giants beyond its borders.<\/em><\/p>\n\n\n\n<h2 class=\"wp-block-heading\">Marine mammals at the heart of the climate and the blue economy<\/h2>\n\n\n\n<p>Cetaceans are much more than majestic symbols of the oceans. True climate engineers, a single whale can store as much carbon as several thousand trees. Essential to the balance of marine ecosystems, they are also a pillar of the blue economy, particularly through ecotourism.<\/p>\n\n\n\n<p><br>However, human pressure degrades their environment year after year, putting these species in danger. In the Caribbean Sea \u2013 a strategic area where nearly a third of the species<br>global populations come to breed, feed or rest \u2013 threats intensify: pollution, maritime traffic,<br>climate change, unregulated hunting... All this in a fragmented regional context.<br>It is in the face of this complexity that Caribbean marine biologist Jeffrey Bernus co-founded the Caribbean in 2020<br>Cetacean Society (CCS). Objective: to go beyond current conservation objectives and cross administrative boundaries to build a collective response.<\/p>\n\n\n\n<figure class=\"wp-block-pullquote\"><blockquote><p>\u201cWhales know no borders. We must act together to preserve this shared treasure.\u201d<br>Jeffrey Bernus, Co-Founder CCS<\/p><\/blockquote><\/figure>\n\n\n\n<figure class=\"wp-block-image aligncenter size-full wp-duotone-unset-1\"><img fetchpriority=\"high\" decoding=\"async\" width=\"1920\" height=\"1280\" src=\"https:\/\/preprod.projets-solidaires.la-guilde.org\/wp-content\/uploads\/2025\/08\/287A2249.jpeg\" alt=\"\" class=\"wp-image-3098\" srcset=\"https:\/\/projets-solidaires.la-guilde.org\/wp-content\/uploads\/2025\/08\/287A2249.jpeg 1920w, https:\/\/projets-solidaires.la-guilde.org\/wp-content\/uploads\/2025\/08\/287A2249-300x200.jpeg 300w, https:\/\/projets-solidaires.la-guilde.org\/wp-content\/uploads\/2025\/08\/287A2249-1024x683.jpeg 1024w, https:\/\/projets-solidaires.la-guilde.org\/wp-content\/uploads\/2025\/08\/287A2249-768x512.jpeg 768w, https:\/\/projets-solidaires.la-guilde.org\/wp-content\/uploads\/2025\/08\/287A2249-1536x1024.jpeg 1536w\" sizes=\"(max-width: 1920px) 100vw, 1920px\" \/><figcaption class=\"wp-element-caption\">Caribbean Cetacean Society, 2025<\/figcaption><\/figure>\n\n\n\n<h2 class=\"wp-block-heading\">A three-pronged approach<\/h2>\n\n\n\n<div class=\"wp-block-group is-nowrap is-layout-flex wp-container-core-group-is-layout-6c531013 wp-block-group-is-layout-flex\">\n<div class=\"wp-block-media-text is-stacked-on-mobile\" style=\"grid-template-columns:41% auto\"><figure class=\"wp-block-media-text__media\"><img decoding=\"async\" width=\"768\" height=\"1024\" src=\"https:\/\/preprod.projets-solidaires.la-guilde.org\/wp-content\/uploads\/2025\/08\/IMG_2439-768x1024.jpeg\" alt=\"\" class=\"wp-image-3099 size-full\" srcset=\"https:\/\/projets-solidaires.la-guilde.org\/wp-content\/uploads\/2025\/08\/IMG_2439-768x1024.jpeg 768w, https:\/\/projets-solidaires.la-guilde.org\/wp-content\/uploads\/2025\/08\/IMG_2439-225x300.jpeg 225w, https:\/\/projets-solidaires.la-guilde.org\/wp-content\/uploads\/2025\/08\/IMG_2439-1152x1536.jpeg 1152w, https:\/\/projets-solidaires.la-guilde.org\/wp-content\/uploads\/2025\/08\/IMG_2439.jpeg 1440w\" sizes=\"(max-width: 768px) 100vw, 768px\" \/><\/figure><div class=\"wp-block-media-text__content\">\n<p>In 2025, the CCS will continue these efforts with \u201cDolphin Pani Frontiers\u201d, a flagship project carried out with the support of the COR\u00c9OM program \u2013 Overseas Regional Cooperation \u2013 led by La Guilde with the support of the French Development Agency and the Fondation de France, around three components: scientific research, local training, regional cooperation. Scientific missions are now harmonized at the regional level, making data comparable between islands, for better monitoring of cetaceans and the threats they face. <\/p>\n\n\n\n<p>At the same time, training is strengthening local skills, particularly around marine protected areas and shared governance. The results of the CCS&#039;s multi-year commitments are evident: the creation of new Marine Protected Areas, bans on orca hunting on certain islands, and support for states to achieve the 30x30 target (protecting 30 % marine areas by 2030).<\/p>\n<\/div><\/div>\n<\/div>\n\n\n\n<div class=\"wp-block-group is-nowrap is-layout-flex wp-container-core-group-is-layout-6c531013 wp-block-group-is-layout-flex\">\n<p><br>The CCS program is even endorsed by UNESCO, as part of the Decade of Ocean Sciences. This recognition underlines the strategic role of overseas territories in the fight for biodiversity.<\/p>\n<\/div>\n\n\n\n<figure class=\"wp-block-pullquote\"><blockquote><p>\u201cProtecting cetaceans means<br>protect ourselves.&quot;<\/p><\/blockquote><\/figure>\n\n\n\n<figure class=\"wp-block-embed is-type-video is-provider-youtube wp-block-embed-youtube wp-embed-aspect-16-9 wp-has-aspect-ratio\"><div class=\"wp-block-embed__wrapper\">\n<iframe title=\"Caribbean Cetacean Society (CCS): protector of cetaceans in the Lesser Antilles\" width=\"800\" height=\"450\" src=\"https:\/\/www.youtube.com\/embed\/APyR6n1OswA?feature=oembed\" frameborder=\"0\" allow=\"accelerometer; autoplay; clipboard-write; encrypted-media; gyroscope; picture-in-picture; web-share\" referrerpolicy=\"strict-origin-when-cross-origin\" allowfullscreen><\/iframe>\n<\/div><\/figure>\n\n\n\n<div class=\"wp-block-buttons is-content-justification-center is-layout-flex wp-container-core-buttons-is-layout-098cc607 wp-block-buttons-is-layout-flex\">\n<div class=\"wp-block-button\"><a class=\"wp-block-button__link has-text-align-center wp-element-button\" href=\"https:\/\/www.calameo.com\/ewag-everyday-we-act-for-good\/read\/00302487199d3556be4a8\">Read the article on the CCS published in the Outre-mer Oc\u00e9an Special Edition<\/a><\/div>\n<\/div>\n\n\n\n<div class=\"wp-block-buttons is-content-justification-center is-layout-flex wp-container-core-buttons-is-layout-098cc607 wp-block-buttons-is-layout-flex\">\n<div class=\"wp-block-button\"><a class=\"wp-block-button__link has-text-align-center wp-element-button\" href=\"https:\/\/projets-solidaires.la-guilde.org\/wp-content\/uploads\/2025\/08\/Fiche_Projet_COREOM_CCS.pdf\">View the \u201cDolphin Pani Frontiers\u201d project sheet <\/a><\/div>\n<\/div>\n\n\n\n<p><\/p>","protected":false},"excerpt":{"rendered":"<p>Bas\u00e9e en Martinique, la Caribbean Cetacean Society pilote le plus vaste programme de conservation des c\u00e9tac\u00e9s de la Cara\u00efbe. une initiative ambitieuse pour prot\u00e9ger ces g\u00e9ants marins au-del\u00e0 des fronti\u00e8res. Des mammif\u00e8res marins au c\u0153ur du climat et de l\u2019\u00e9conomie bleue Les c\u00e9tac\u00e9s sont bien plus que de majestueux symboles des oc\u00e9ans. V\u00e9ritables ing\u00e9nieurs du [&hellip;]<\/p>\n","protected":false},"author":5,"featured_media":3076,"comment_status":"closed","ping_status":"open","sticky":false,"template":"","format":"standard","meta":{"inline_featured_image":false,"footnotes":"[]"},"categories":[39,1014],"tags":[1037,1038,1039,1040,1041,1042,1028,1030,1035],"class_list":["post-3074","post","type-post","status-publish","format-standard","has-post-thumbnail","hentry","category-actualite-porteur","category-coreom","tag-biodiversite","tag-gouvernance","tag-martinique","tag-antilles","tag-ocean","tag-cetaces","tag-outre-mer","tag-coreom","tag-amazonie"],"yoast_head":"<!-- This site is optimized with the Yoast SEO plugin v27.3 - https:\/\/yoast.com\/product\/yoast-seo-wordpress\/ -->\n<title>Un projet de gouvernance r\u00e9gionale pour prot\u00e9ger les c\u00e9tac\u00e9s - Microprojet La Guilde<\/title>\n<meta name=\"robots\" content=\"index, follow, max-snippet:-1, max-image-preview:large, max-video-preview:-1\" \/>\n<link rel=\"canonical\" href=\"https:\/\/projets-solidaires.la-guilde.org\/en\/a-regional-project-to-save-cetaceans\/\" \/>\n<script type=\"application\/ld+json\" class=\"yoast-schema-graph\">{\"@context\":\"https:\\\/\\\/schema.org\",\"@graph\":[{\"@type\":\"Article\",\"@id\":\"https:\\\/\\\/projets-solidaires.la-guilde.org\\\/un-projet-regional-pour-sauver-les-cetaces\\\/#article\",\"isPartOf\":{\"@id\":\"https:\\\/\\\/projets-solidaires.la-guilde.org\\\/un-projet-regional-pour-sauver-les-cetaces\\\/\"},\"author\":{\"name\":\"Angela Fontana\",\"@id\":\"https:\\\/\\\/projets-solidaires.la-guilde.org\\\/#\\\/schema\\\/person\\\/421d0c9c85fe814021accae2818eaabe\"},\"headline\":\"Un projet de gouvernance r\u00e9gionale pour prot\u00e9ger les c\u00e9tac\u00e9s\",\"datePublished\":\"2025-05-27T08:46:00+00:00\",\"dateModified\":\"2025-10-14T13:42:26+00:00\",\"mainEntityOfPage\":{\"@id\":\"https:\\\/\\\/projets-solidaires.la-guilde.org\\\/un-projet-regional-pour-sauver-les-cetaces\\\/\"},\"wordCount\":505,\"publisher\":{\"@id\":\"https:\\\/\\\/projets-solidaires.la-guilde.org\\\/#organization\"},\"image\":{\"@id\":\"https:\\\/\\\/projets-solidaires.la-guilde.org\\\/un-projet-regional-pour-sauver-les-cetaces\\\/#primaryimage\"},\"thumbnailUrl\":\"https:\\\/\\\/projets-solidaires.la-guilde.org\\\/wp-content\\\/uploads\\\/2025\\\/08\\\/DSC05416-1.jpg\",\"keywords\":[\"biodiversit\u00e9\",\"gouvernance\",\"Martinique\",\"Antilles\",\"Oc\u00e9an\",\"c\u00e9tac\u00e9s\",\"Outre-mer\",\"COREOM\",\"Amazonie\"],\"articleSection\":[\"Actualit\u00e9 porteur\",\"Coreom\"],\"inLanguage\":\"en-GB\"},{\"@type\":\"WebPage\",\"@id\":\"https:\\\/\\\/projets-solidaires.la-guilde.org\\\/un-projet-regional-pour-sauver-les-cetaces\\\/\",\"url\":\"https:\\\/\\\/projets-solidaires.la-guilde.org\\\/un-projet-regional-pour-sauver-les-cetaces\\\/\",\"name\":\"Un projet de gouvernance r\u00e9gionale pour prot\u00e9ger les c\u00e9tac\u00e9s - Microprojet La Guilde\",\"isPartOf\":{\"@id\":\"https:\\\/\\\/projets-solidaires.la-guilde.org\\\/#website\"},\"primaryImageOfPage\":{\"@id\":\"https:\\\/\\\/projets-solidaires.la-guilde.org\\\/un-projet-regional-pour-sauver-les-cetaces\\\/#primaryimage\"},\"image\":{\"@id\":\"https:\\\/\\\/projets-solidaires.la-guilde.org\\\/un-projet-regional-pour-sauver-les-cetaces\\\/#primaryimage\"},\"thumbnailUrl\":\"https:\\\/\\\/projets-solidaires.la-guilde.org\\\/wp-content\\\/uploads\\\/2025\\\/08\\\/DSC05416-1.jpg\",\"datePublished\":\"2025-05-27T08:46:00+00:00\",\"dateModified\":\"2025-10-14T13:42:26+00:00\",\"breadcrumb\":{\"@id\":\"https:\\\/\\\/projets-solidaires.la-guilde.org\\\/un-projet-regional-pour-sauver-les-cetaces\\\/#breadcrumb\"},\"inLanguage\":\"en-GB\",\"potentialAction\":[{\"@type\":\"ReadAction\",\"target\":[\"https:\\\/\\\/projets-solidaires.la-guilde.org\\\/un-projet-regional-pour-sauver-les-cetaces\\\/\"]}]},{\"@type\":\"ImageObject\",\"inLanguage\":\"en-GB\",\"@id\":\"https:\\\/\\\/projets-solidaires.la-guilde.org\\\/un-projet-regional-pour-sauver-les-cetaces\\\/#primaryimage\",\"url\":\"https:\\\/\\\/projets-solidaires.la-guilde.org\\\/wp-content\\\/uploads\\\/2025\\\/08\\\/DSC05416-1.jpg\",\"contentUrl\":\"https:\\\/\\\/projets-solidaires.la-guilde.org\\\/wp-content\\\/uploads\\\/2025\\\/08\\\/DSC05416-1.jpg\",\"width\":1920,\"height\":1280},{\"@type\":\"BreadcrumbList\",\"@id\":\"https:\\\/\\\/projets-solidaires.la-guilde.org\\\/un-projet-regional-pour-sauver-les-cetaces\\\/#breadcrumb\",\"itemListElement\":[{\"@type\":\"ListItem\",\"position\":1,\"name\":\"Accueil\",\"item\":\"https:\\\/\\\/projets-solidaires.la-guilde.org\\\/\"},{\"@type\":\"ListItem\",\"position\":2,\"name\":\"Un projet de gouvernance r\u00e9gionale pour prot\u00e9ger les c\u00e9tac\u00e9s\"}]},{\"@type\":\"WebSite\",\"@id\":\"https:\\\/\\\/projets-solidaires.la-guilde.org\\\/#website\",\"url\":\"https:\\\/\\\/projets-solidaires.la-guilde.org\\\/\",\"name\":\"Microprojet La Guilde\",\"description\":\"\",\"publisher\":{\"@id\":\"https:\\\/\\\/projets-solidaires.la-guilde.org\\\/#organization\"},\"potentialAction\":[{\"@type\":\"SearchAction\",\"target\":{\"@type\":\"EntryPoint\",\"urlTemplate\":\"https:\\\/\\\/projets-solidaires.la-guilde.org\\\/?s={search_term_string}\"},\"query-input\":{\"@type\":\"PropertyValueSpecification\",\"valueRequired\":true,\"valueName\":\"search_term_string\"}}],\"inLanguage\":\"en-GB\"},{\"@type\":\"Organization\",\"@id\":\"https:\\\/\\\/projets-solidaires.la-guilde.org\\\/#organization\",\"name\":\"Microprojet La Guilde\",\"url\":\"https:\\\/\\\/projets-solidaires.la-guilde.org\\\/\",\"logo\":{\"@type\":\"ImageObject\",\"inLanguage\":\"en-GB\",\"@id\":\"https:\\\/\\\/projets-solidaires.la-guilde.org\\\/#\\\/schema\\\/logo\\\/image\\\/\",\"url\":\"https:\\\/\\\/projets-solidaires.la-guilde.org\\\/wp-content\\\/uploads\\\/2025\\\/05\\\/logo-la-guilde-projets-solidaires.png\",\"contentUrl\":\"https:\\\/\\\/projets-solidaires.la-guilde.org\\\/wp-content\\\/uploads\\\/2025\\\/05\\\/logo-la-guilde-projets-solidaires.png\",\"width\":396,\"height\":201,\"caption\":\"Microprojet La Guilde\"},\"image\":{\"@id\":\"https:\\\/\\\/projets-solidaires.la-guilde.org\\\/#\\\/schema\\\/logo\\\/image\\\/\"}},{\"@type\":\"Person\",\"@id\":\"https:\\\/\\\/projets-solidaires.la-guilde.org\\\/#\\\/schema\\\/person\\\/421d0c9c85fe814021accae2818eaabe\",\"name\":\"Angela Fontana\",\"image\":{\"@type\":\"ImageObject\",\"inLanguage\":\"en-GB\",\"@id\":\"https:\\\/\\\/secure.gravatar.com\\\/avatar\\\/f8b4587bed7a67c9c6ae12dbdf373c0d20adf69e7a479cab64ef75bdb1800294?s=96&d=mm&r=g\",\"url\":\"https:\\\/\\\/secure.gravatar.com\\\/avatar\\\/f8b4587bed7a67c9c6ae12dbdf373c0d20adf69e7a479cab64ef75bdb1800294?s=96&d=mm&r=g\",\"contentUrl\":\"https:\\\/\\\/secure.gravatar.com\\\/avatar\\\/f8b4587bed7a67c9c6ae12dbdf373c0d20adf69e7a479cab64ef75bdb1800294?s=96&d=mm&r=g\",\"caption\":\"Angela Fontana\"}}]}<\/script>\n<!-- \/ Yoast SEO plugin. -->","yoast_head_json":{"title":"A regional governance project to protect cetaceans - La Guilde microproject","robots":{"index":"index","follow":"follow","max-snippet":"max-snippet:-1","max-image-preview":"max-image-preview:large","max-video-preview":"max-video-preview:-1"},"canonical":"https:\/\/projets-solidaires.la-guilde.org\/en\/a-regional-project-to-save-cetaceans\/","schema":{"@context":"https:\/\/schema.org","@graph":[{"@type":"Article","@id":"https:\/\/projets-solidaires.la-guilde.org\/un-projet-regional-pour-sauver-les-cetaces\/#article","isPartOf":{"@id":"https:\/\/projets-solidaires.la-guilde.org\/un-projet-regional-pour-sauver-les-cetaces\/"},"author":{"name":"Angela Fontana","@id":"https:\/\/projets-solidaires.la-guilde.org\/#\/schema\/person\/421d0c9c85fe814021accae2818eaabe"},"headline":"Un projet de gouvernance r\u00e9gionale pour prot\u00e9ger les c\u00e9tac\u00e9s","datePublished":"2025-05-27T08:46:00+00:00","dateModified":"2025-10-14T13:42:26+00:00","mainEntityOfPage":{"@id":"https:\/\/projets-solidaires.la-guilde.org\/un-projet-regional-pour-sauver-les-cetaces\/"},"wordCount":505,"publisher":{"@id":"https:\/\/projets-solidaires.la-guilde.org\/#organization"},"image":{"@id":"https:\/\/projets-solidaires.la-guilde.org\/un-projet-regional-pour-sauver-les-cetaces\/#primaryimage"},"thumbnailUrl":"https:\/\/projets-solidaires.la-guilde.org\/wp-content\/uploads\/2025\/08\/DSC05416-1.jpg","keywords":["biodiversit\u00e9","gouvernance","Martinique","Antilles","Oc\u00e9an","c\u00e9tac\u00e9s","Outre-mer","COREOM","Amazonie"],"articleSection":["Actualit\u00e9 porteur","Coreom"],"inLanguage":"en-GB"},{"@type":"WebPage","@id":"https:\/\/projets-solidaires.la-guilde.org\/un-projet-regional-pour-sauver-les-cetaces\/","url":"https:\/\/projets-solidaires.la-guilde.org\/un-projet-regional-pour-sauver-les-cetaces\/","name":"A regional governance project to protect cetaceans - La Guilde microproject","isPartOf":{"@id":"https:\/\/projets-solidaires.la-guilde.org\/#website"},"primaryImageOfPage":{"@id":"https:\/\/projets-solidaires.la-guilde.org\/un-projet-regional-pour-sauver-les-cetaces\/#primaryimage"},"image":{"@id":"https:\/\/projets-solidaires.la-guilde.org\/un-projet-regional-pour-sauver-les-cetaces\/#primaryimage"},"thumbnailUrl":"https:\/\/projets-solidaires.la-guilde.org\/wp-content\/uploads\/2025\/08\/DSC05416-1.jpg","datePublished":"2025-05-27T08:46:00+00:00","dateModified":"2025-10-14T13:42:26+00:00","breadcrumb":{"@id":"https:\/\/projets-solidaires.la-guilde.org\/un-projet-regional-pour-sauver-les-cetaces\/#breadcrumb"},"inLanguage":"en-GB","potentialAction":[{"@type":"ReadAction","target":["https:\/\/projets-solidaires.la-guilde.org\/un-projet-regional-pour-sauver-les-cetaces\/"]}]},{"@type":"ImageObject","inLanguage":"en-GB","@id":"https:\/\/projets-solidaires.la-guilde.org\/un-projet-regional-pour-sauver-les-cetaces\/#primaryimage","url":"https:\/\/projets-solidaires.la-guilde.org\/wp-content\/uploads\/2025\/08\/DSC05416-1.jpg","contentUrl":"https:\/\/projets-solidaires.la-guilde.org\/wp-content\/uploads\/2025\/08\/DSC05416-1.jpg","width":1920,"height":1280},{"@type":"BreadcrumbList","@id":"https:\/\/projets-solidaires.la-guilde.org\/un-projet-regional-pour-sauver-les-cetaces\/#breadcrumb","itemListElement":[{"@type":"ListItem","position":1,"name":"Accueil","item":"https:\/\/projets-solidaires.la-guilde.org\/"},{"@type":"ListItem","position":2,"name":"Un projet de gouvernance r\u00e9gionale pour prot\u00e9ger les c\u00e9tac\u00e9s"}]},{"@type":"WebSite","@id":"https:\/\/projets-solidaires.la-guilde.org\/#website","url":"https:\/\/projets-solidaires.la-guilde.org\/","name":"La Guilde Microproject","description":"","publisher":{"@id":"https:\/\/projets-solidaires.la-guilde.org\/#organization"},"potentialAction":[{"@type":"SearchAction","target":{"@type":"EntryPoint","urlTemplate":"https:\/\/projets-solidaires.la-guilde.org\/?s={search_term_string}"},"query-input":{"@type":"PropertyValueSpecification","valueRequired":true,"valueName":"search_term_string"}}],"inLanguage":"en-GB"},{"@type":"Organization","@id":"https:\/\/projets-solidaires.la-guilde.org\/#organization","name":"La Guilde Microproject","url":"https:\/\/projets-solidaires.la-guilde.org\/","logo":{"@type":"ImageObject","inLanguage":"en-GB","@id":"https:\/\/projets-solidaires.la-guilde.org\/#\/schema\/logo\/image\/","url":"https:\/\/projets-solidaires.la-guilde.org\/wp-content\/uploads\/2025\/05\/logo-la-guilde-projets-solidaires.png","contentUrl":"https:\/\/projets-solidaires.la-guilde.org\/wp-content\/uploads\/2025\/05\/logo-la-guilde-projets-solidaires.png","width":396,"height":201,"caption":"Microprojet La Guilde"},"image":{"@id":"https:\/\/projets-solidaires.la-guilde.org\/#\/schema\/logo\/image\/"}},{"@type":"Person","@id":"https:\/\/projets-solidaires.la-guilde.org\/#\/schema\/person\/421d0c9c85fe814021accae2818eaabe","name":"Angela Fontana","image":{"@type":"ImageObject","inLanguage":"en-GB","@id":"https:\/\/secure.gravatar.com\/avatar\/f8b4587bed7a67c9c6ae12dbdf373c0d20adf69e7a479cab64ef75bdb1800294?s=96&d=mm&r=g","url":"https:\/\/secure.gravatar.com\/avatar\/f8b4587bed7a67c9c6ae12dbdf373c0d20adf69e7a479cab64ef75bdb1800294?s=96&d=mm&r=g","contentUrl":"https:\/\/secure.gravatar.com\/avatar\/f8b4587bed7a67c9c6ae12dbdf373c0d20adf69e7a479cab64ef75bdb1800294?s=96&d=mm&r=g","caption":"Angela Fontana"}}]}},"publishpress_future_action":{"enabled":false,"date":"2026-05-08 21:36:44","action":"change-status","newStatus":"draft","terms":[],"taxonomy":"category","extraData":[]},"publishpress_future_workflow_manual_trigger":{"enabledWorkflows":[]},"_links":{"self":[{"href":"https:\/\/projets-solidaires.la-guilde.org\/en\/wp-json\/wp\/v2\/posts\/3074","targetHints":{"allow":["GET"]}}],"collection":[{"href":"https:\/\/projets-solidaires.la-guilde.org\/en\/wp-json\/wp\/v2\/posts"}],"about":[{"href":"https:\/\/projets-solidaires.la-guilde.org\/en\/wp-json\/wp\/v2\/types\/post"}],"author":[{"embeddable":true,"href":"https:\/\/projets-solidaires.la-guilde.org\/en\/wp-json\/wp\/v2\/users\/5"}],"replies":[{"embeddable":true,"href":"https:\/\/projets-solidaires.la-guilde.org\/en\/wp-json\/wp\/v2\/comments?post=3074"}],"version-history":[{"count":0,"href":"https:\/\/projets-solidaires.la-guilde.org\/en\/wp-json\/wp\/v2\/posts\/3074\/revisions"}],"wp:featuredmedia":[{"embeddable":true,"href":"https:\/\/projets-solidaires.la-guilde.org\/en\/wp-json\/wp\/v2\/media\/3076"}],"wp:attachment":[{"href":"https:\/\/projets-solidaires.la-guilde.org\/en\/wp-json\/wp\/v2\/media?parent=3074"}],"wp:term":[{"taxonomy":"category","embeddable":true,"href":"https:\/\/projets-solidaires.la-guilde.org\/en\/wp-json\/wp\/v2\/categories?post=3074"},{"taxonomy":"post_tag","embeddable":true,"href":"https:\/\/projets-solidaires.la-guilde.org\/en\/wp-json\/wp\/v2\/tags?post=3074"}],"curies":[{"name":"wp","href":"https:\/\/api.w.org\/{rel}","templated":true}]}}