{"id":1979,"date":"2024-08-09T14:58:52","date_gmt":"2024-08-09T14:58:52","guid":{"rendered":"https:\/\/preprod.projets-solidaires.la-guilde.org\/?p=1979"},"modified":"2025-07-11T13:37:05","modified_gmt":"2025-07-11T13:37:05","slug":"2024-guild-training-calendar","status":"publish","type":"post","link":"https:\/\/projets-solidaires.la-guilde.org\/en\/2024-guild-training-calendar\/","title":{"rendered":"La Guilde&#039;s 2024 Training Calendar"},"content":{"rendered":"<p>The Guild announces the arrival of its&nbsp;<strong>training calendar for the year 2024<\/strong>. One of the main missions of La Guilde and its Microproject Pole is&nbsp;<strong>to support and train<\/strong>&nbsp;associations in demand on&nbsp;<strong>project management and cycle and on different themes<\/strong> <strong>specific <\/strong>within the framework of international solidarity and development. <\/p>\n\n\n\n<p>On this occasion, 6 modules will compose <strong>the first training cycle of the year 2024<\/strong>. They will be offered&nbsp;<strong>in person<\/strong>&nbsp;to&nbsp;<strong>associations of \u00cele-de-France<\/strong>, on the following dates:<\/p>\n\n\n\n<ul class=\"wp-block-list\">\n<li><strong>Income Generating Activities: Friday, April 26, 2023.<\/strong><\/li>\n\n\n\n<li><strong>Diagnosis and design of micro-development project<\/strong>&nbsp;:&nbsp;<strong>Friday, May 17, 2024<\/strong>&nbsp;;<\/li>\n\n\n\n<li><strong>Planning and implementation of a micro-development project<\/strong>&nbsp;:&nbsp;<strong>Friday, May 24, 2024<\/strong>;<\/li>\n\n\n\n<li><strong>Preparation of a budget and search for funding: Friday, May 31, 2024;<\/strong><\/li>\n\n\n\n<li><strong>Monitoring and evaluation of a micro-development project: Friday, June 7, 2024;<\/strong><\/li>\n\n\n\n<li><strong>Integrating agroecology into agricultural development microprojects: Friday, June 14, 2024.<\/strong><\/li>\n<\/ul>\n\n\n\n<p>To continue the year, we will offer <strong>a second training cycle at the end of 2024<\/strong>. They will also be offered in <strong>face-to-face <\/strong>to <strong>associations of \u00cele-de-France<\/strong>, on the following dates:<\/p>\n\n\n\n<ul class=\"wp-block-list\">\n<li><strong>Taking gender into account in micro-development projects: September 13, 2024<\/strong> ;<\/li>\n\n\n\n<li><strong>Diagnosis and design of micro-development project<\/strong>&nbsp;:&nbsp;<strong>Friday, November 15, 2024<\/strong>&nbsp;;<\/li>\n\n\n\n<li><strong>Planning and implementation of a micro-development project<\/strong>&nbsp;:&nbsp;<strong>Friday, November 22, 2024<\/strong>;<\/li>\n\n\n\n<li><strong>Budgeting and Fundraising: Friday, November 29, 2024;<\/strong><\/li>\n\n\n\n<li><strong>Monitoring and evaluation of a micro-development project: Friday, December 6, 2024;<\/strong><\/li>\n\n\n\n<li><strong>Income Generating Activities: Friday, December 13, 2024.<\/strong><\/li>\n<\/ul>\n\n\n\n<p>These training courses cover the different&nbsp;<strong>phases of the project cycle<\/strong>, the theoretical bases, the&nbsp;<strong>vocabulary<\/strong>&nbsp;around this theme and provide different&nbsp;<strong>tools<\/strong>&nbsp;very useful in project management that you can use again for your future projects. They are also an excellent way to prepare for the different&nbsp;<strong>calls for projects<\/strong>&nbsp;that La Guilde or other organizations may offer.<\/p>\n\n\n\n<p>All these trainings will take place in&nbsp;<strong>face-to-face<\/strong>. We will send the address where these training courses will take place to those who have registered for the modules. They will take place throughout the day on Friday from&nbsp;<strong>9:30 a.m. to 5 p.m.<\/strong>. These are paid training courses, the cost of which is&nbsp;<strong>40 \u20ac<\/strong>&nbsp;each.<\/p>\n\n\n\n<div class=\"wp-block-buttons is-content-justification-center is-layout-flex wp-container-core-buttons-is-layout-a89b3969 wp-block-buttons-is-layout-flex\">\n<div class=\"wp-block-button\"><a class=\"wp-block-button__link wp-element-button\" href=\"https:\/\/preprod.projets-solidaires.la-guilde.org\/wp-content\/uploads\/2025\/07\/La-Guilde-Programme-formations-2024-1.pdf\" target=\"_blank\" rel=\"noreferrer noopener\">Find the training catalog for the year 2024<\/a><\/div>\n<\/div>\n\n\n\n<p>To register, you can go directly to the Projets Solidaires website via the following link:\u00a0<a href=\"https:\/\/www.portailsolidaire.org\/formations\/\"><\/a><a href=\"https:\/\/preprod.projets-solidaires.la-guilde.org\/les-formations\/\">Training Agenda Archive \u2013 Microproject Site<\/a>. You can pay online on this page. If you cannot pay online and would like to register, please let us know by sending an email to: antonin.helias@la-guilde.org \/ heloise.ruban@la-guilde.org<\/p>\n\n\n\n<p><\/p>","protected":false},"excerpt":{"rendered":"<p>La Guilde vous annonce l\u2019arriv\u00e9e de son&nbsp;calendrier de formation pour l&rsquo;ann\u00e9e 2024. L\u2019une des missions principales de La Guilde et de son P\u00f4le Microprojet est&nbsp;d\u2019accompagner et former&nbsp;les associations en demande sur&nbsp;la gestion et le cycle de projet et sur diff\u00e9rentes th\u00e9matiques sp\u00e9cifiques dans le cadre de la solidarit\u00e9 internationale et du d\u00e9veloppement. A cette occasion, [&hellip;]<\/p>\n","protected":false},"author":2,"featured_media":1981,"comment_status":"open","ping_status":"open","sticky":false,"template":"","format":"standard","meta":{"inline_featured_image":false,"footnotes":""},"categories":[299],"tags":[],"class_list":["post-1979","post","type-post","status-publish","format-standard","has-post-thumbnail","hentry","category-formation"],"yoast_head":"<!-- This site is optimized with the Yoast SEO plugin v27.3 - https:\/\/yoast.com\/product\/yoast-seo-wordpress\/ -->\n<title>Calendrier de formations 2024 de La Guilde - Microprojet La Guilde<\/title>\n<meta name=\"robots\" content=\"index, follow, max-snippet:-1, max-image-preview:large, max-video-preview:-1\" \/>\n<link rel=\"canonical\" href=\"https:\/\/projets-solidaires.la-guilde.org\/en\/2024-guild-training-calendar\/\" \/>\n<script type=\"application\/ld+json\" class=\"yoast-schema-graph\">{\"@context\":\"https:\\\/\\\/schema.org\",\"@graph\":[{\"@type\":\"Article\",\"@id\":\"https:\\\/\\\/projets-solidaires.la-guilde.org\\\/calendrier-de-formations-2024-de-la-guilde\\\/#article\",\"isPartOf\":{\"@id\":\"https:\\\/\\\/projets-solidaires.la-guilde.org\\\/calendrier-de-formations-2024-de-la-guilde\\\/\"},\"author\":{\"name\":\"laguildemp\",\"@id\":\"https:\\\/\\\/projets-solidaires.la-guilde.org\\\/#\\\/schema\\\/person\\\/a1a7a8ab88783bd8e6164de7ec14b181\"},\"headline\":\"Calendrier de formations 2024 de La Guilde\",\"datePublished\":\"2024-08-09T14:58:52+00:00\",\"dateModified\":\"2025-07-11T13:37:05+00:00\",\"mainEntityOfPage\":{\"@id\":\"https:\\\/\\\/projets-solidaires.la-guilde.org\\\/calendrier-de-formations-2024-de-la-guilde\\\/\"},\"wordCount\":500,\"commentCount\":0,\"publisher\":{\"@id\":\"https:\\\/\\\/projets-solidaires.la-guilde.org\\\/#organization\"},\"image\":{\"@id\":\"https:\\\/\\\/projets-solidaires.la-guilde.org\\\/calendrier-de-formations-2024-de-la-guilde\\\/#primaryimage\"},\"thumbnailUrl\":\"https:\\\/\\\/projets-solidaires.la-guilde.org\\\/wp-content\\\/uploads\\\/2025\\\/07\\\/Guinee-Conakry-P.N.H.N-Douma-Fev.-2022-sechage-du-riz-1040x480-1.jpg\",\"articleSection\":[\"Formation\"],\"inLanguage\":\"en-GB\",\"potentialAction\":[{\"@type\":\"CommentAction\",\"name\":\"Comment\",\"target\":[\"https:\\\/\\\/projets-solidaires.la-guilde.org\\\/calendrier-de-formations-2024-de-la-guilde\\\/#respond\"]}]},{\"@type\":\"WebPage\",\"@id\":\"https:\\\/\\\/projets-solidaires.la-guilde.org\\\/calendrier-de-formations-2024-de-la-guilde\\\/\",\"url\":\"https:\\\/\\\/projets-solidaires.la-guilde.org\\\/calendrier-de-formations-2024-de-la-guilde\\\/\",\"name\":\"Calendrier de formations 2024 de La Guilde - Microprojet La Guilde\",\"isPartOf\":{\"@id\":\"https:\\\/\\\/projets-solidaires.la-guilde.org\\\/#website\"},\"primaryImageOfPage\":{\"@id\":\"https:\\\/\\\/projets-solidaires.la-guilde.org\\\/calendrier-de-formations-2024-de-la-guilde\\\/#primaryimage\"},\"image\":{\"@id\":\"https:\\\/\\\/projets-solidaires.la-guilde.org\\\/calendrier-de-formations-2024-de-la-guilde\\\/#primaryimage\"},\"thumbnailUrl\":\"https:\\\/\\\/projets-solidaires.la-guilde.org\\\/wp-content\\\/uploads\\\/2025\\\/07\\\/Guinee-Conakry-P.N.H.N-Douma-Fev.-2022-sechage-du-riz-1040x480-1.jpg\",\"datePublished\":\"2024-08-09T14:58:52+00:00\",\"dateModified\":\"2025-07-11T13:37:05+00:00\",\"breadcrumb\":{\"@id\":\"https:\\\/\\\/projets-solidaires.la-guilde.org\\\/calendrier-de-formations-2024-de-la-guilde\\\/#breadcrumb\"},\"inLanguage\":\"en-GB\",\"potentialAction\":[{\"@type\":\"ReadAction\",\"target\":[\"https:\\\/\\\/projets-solidaires.la-guilde.org\\\/calendrier-de-formations-2024-de-la-guilde\\\/\"]}]},{\"@type\":\"ImageObject\",\"inLanguage\":\"en-GB\",\"@id\":\"https:\\\/\\\/projets-solidaires.la-guilde.org\\\/calendrier-de-formations-2024-de-la-guilde\\\/#primaryimage\",\"url\":\"https:\\\/\\\/projets-solidaires.la-guilde.org\\\/wp-content\\\/uploads\\\/2025\\\/07\\\/Guinee-Conakry-P.N.H.N-Douma-Fev.-2022-sechage-du-riz-1040x480-1.jpg\",\"contentUrl\":\"https:\\\/\\\/projets-solidaires.la-guilde.org\\\/wp-content\\\/uploads\\\/2025\\\/07\\\/Guinee-Conakry-P.N.H.N-Douma-Fev.-2022-sechage-du-riz-1040x480-1.jpg\",\"width\":1040,\"height\":480},{\"@type\":\"BreadcrumbList\",\"@id\":\"https:\\\/\\\/projets-solidaires.la-guilde.org\\\/calendrier-de-formations-2024-de-la-guilde\\\/#breadcrumb\",\"itemListElement\":[{\"@type\":\"ListItem\",\"position\":1,\"name\":\"Accueil\",\"item\":\"https:\\\/\\\/projets-solidaires.la-guilde.org\\\/\"},{\"@type\":\"ListItem\",\"position\":2,\"name\":\"Calendrier de formations 2024 de La Guilde\"}]},{\"@type\":\"WebSite\",\"@id\":\"https:\\\/\\\/projets-solidaires.la-guilde.org\\\/#website\",\"url\":\"https:\\\/\\\/projets-solidaires.la-guilde.org\\\/\",\"name\":\"Microprojet La Guilde\",\"description\":\"\",\"publisher\":{\"@id\":\"https:\\\/\\\/projets-solidaires.la-guilde.org\\\/#organization\"},\"potentialAction\":[{\"@type\":\"SearchAction\",\"target\":{\"@type\":\"EntryPoint\",\"urlTemplate\":\"https:\\\/\\\/projets-solidaires.la-guilde.org\\\/?s={search_term_string}\"},\"query-input\":{\"@type\":\"PropertyValueSpecification\",\"valueRequired\":true,\"valueName\":\"search_term_string\"}}],\"inLanguage\":\"en-GB\"},{\"@type\":\"Organization\",\"@id\":\"https:\\\/\\\/projets-solidaires.la-guilde.org\\\/#organization\",\"name\":\"Microprojet La Guilde\",\"url\":\"https:\\\/\\\/projets-solidaires.la-guilde.org\\\/\",\"logo\":{\"@type\":\"ImageObject\",\"inLanguage\":\"en-GB\",\"@id\":\"https:\\\/\\\/projets-solidaires.la-guilde.org\\\/#\\\/schema\\\/logo\\\/image\\\/\",\"url\":\"https:\\\/\\\/projets-solidaires.la-guilde.org\\\/wp-content\\\/uploads\\\/2025\\\/05\\\/logo-la-guilde-projets-solidaires.png\",\"contentUrl\":\"https:\\\/\\\/projets-solidaires.la-guilde.org\\\/wp-content\\\/uploads\\\/2025\\\/05\\\/logo-la-guilde-projets-solidaires.png\",\"width\":396,\"height\":201,\"caption\":\"Microprojet La Guilde\"},\"image\":{\"@id\":\"https:\\\/\\\/projets-solidaires.la-guilde.org\\\/#\\\/schema\\\/logo\\\/image\\\/\"}},{\"@type\":\"Person\",\"@id\":\"https:\\\/\\\/projets-solidaires.la-guilde.org\\\/#\\\/schema\\\/person\\\/a1a7a8ab88783bd8e6164de7ec14b181\",\"name\":\"laguildemp\",\"image\":{\"@type\":\"ImageObject\",\"inLanguage\":\"en-GB\",\"@id\":\"https:\\\/\\\/secure.gravatar.com\\\/avatar\\\/5eb82fca917987808543c70328e7339a1c500ba9d2f9f1dd27a9e2e0f5b7c041?s=96&d=mm&r=g\",\"url\":\"https:\\\/\\\/secure.gravatar.com\\\/avatar\\\/5eb82fca917987808543c70328e7339a1c500ba9d2f9f1dd27a9e2e0f5b7c041?s=96&d=mm&r=g\",\"contentUrl\":\"https:\\\/\\\/secure.gravatar.com\\\/avatar\\\/5eb82fca917987808543c70328e7339a1c500ba9d2f9f1dd27a9e2e0f5b7c041?s=96&d=mm&r=g\",\"caption\":\"laguildemp\"}}]}<\/script>\n<!-- \/ Yoast SEO plugin. -->","yoast_head_json":{"title":"La Guilde 2024 Training Calendar - La Guilde Microproject","robots":{"index":"index","follow":"follow","max-snippet":"max-snippet:-1","max-image-preview":"max-image-preview:large","max-video-preview":"max-video-preview:-1"},"canonical":"https:\/\/projets-solidaires.la-guilde.org\/en\/2024-guild-training-calendar\/","schema":{"@context":"https:\/\/schema.org","@graph":[{"@type":"Article","@id":"https:\/\/projets-solidaires.la-guilde.org\/calendrier-de-formations-2024-de-la-guilde\/#article","isPartOf":{"@id":"https:\/\/projets-solidaires.la-guilde.org\/calendrier-de-formations-2024-de-la-guilde\/"},"author":{"name":"laguildemp","@id":"https:\/\/projets-solidaires.la-guilde.org\/#\/schema\/person\/a1a7a8ab88783bd8e6164de7ec14b181"},"headline":"Calendrier de formations 2024 de La Guilde","datePublished":"2024-08-09T14:58:52+00:00","dateModified":"2025-07-11T13:37:05+00:00","mainEntityOfPage":{"@id":"https:\/\/projets-solidaires.la-guilde.org\/calendrier-de-formations-2024-de-la-guilde\/"},"wordCount":500,"commentCount":0,"publisher":{"@id":"https:\/\/projets-solidaires.la-guilde.org\/#organization"},"image":{"@id":"https:\/\/projets-solidaires.la-guilde.org\/calendrier-de-formations-2024-de-la-guilde\/#primaryimage"},"thumbnailUrl":"https:\/\/projets-solidaires.la-guilde.org\/wp-content\/uploads\/2025\/07\/Guinee-Conakry-P.N.H.N-Douma-Fev.-2022-sechage-du-riz-1040x480-1.jpg","articleSection":["Formation"],"inLanguage":"en-GB","potentialAction":[{"@type":"CommentAction","name":"Comment","target":["https:\/\/projets-solidaires.la-guilde.org\/calendrier-de-formations-2024-de-la-guilde\/#respond"]}]},{"@type":"WebPage","@id":"https:\/\/projets-solidaires.la-guilde.org\/calendrier-de-formations-2024-de-la-guilde\/","url":"https:\/\/projets-solidaires.la-guilde.org\/calendrier-de-formations-2024-de-la-guilde\/","name":"La Guilde 2024 Training Calendar - La Guilde Microproject","isPartOf":{"@id":"https:\/\/projets-solidaires.la-guilde.org\/#website"},"primaryImageOfPage":{"@id":"https:\/\/projets-solidaires.la-guilde.org\/calendrier-de-formations-2024-de-la-guilde\/#primaryimage"},"image":{"@id":"https:\/\/projets-solidaires.la-guilde.org\/calendrier-de-formations-2024-de-la-guilde\/#primaryimage"},"thumbnailUrl":"https:\/\/projets-solidaires.la-guilde.org\/wp-content\/uploads\/2025\/07\/Guinee-Conakry-P.N.H.N-Douma-Fev.-2022-sechage-du-riz-1040x480-1.jpg","datePublished":"2024-08-09T14:58:52+00:00","dateModified":"2025-07-11T13:37:05+00:00","breadcrumb":{"@id":"https:\/\/projets-solidaires.la-guilde.org\/calendrier-de-formations-2024-de-la-guilde\/#breadcrumb"},"inLanguage":"en-GB","potentialAction":[{"@type":"ReadAction","target":["https:\/\/projets-solidaires.la-guilde.org\/calendrier-de-formations-2024-de-la-guilde\/"]}]},{"@type":"ImageObject","inLanguage":"en-GB","@id":"https:\/\/projets-solidaires.la-guilde.org\/calendrier-de-formations-2024-de-la-guilde\/#primaryimage","url":"https:\/\/projets-solidaires.la-guilde.org\/wp-content\/uploads\/2025\/07\/Guinee-Conakry-P.N.H.N-Douma-Fev.-2022-sechage-du-riz-1040x480-1.jpg","contentUrl":"https:\/\/projets-solidaires.la-guilde.org\/wp-content\/uploads\/2025\/07\/Guinee-Conakry-P.N.H.N-Douma-Fev.-2022-sechage-du-riz-1040x480-1.jpg","width":1040,"height":480},{"@type":"BreadcrumbList","@id":"https:\/\/projets-solidaires.la-guilde.org\/calendrier-de-formations-2024-de-la-guilde\/#breadcrumb","itemListElement":[{"@type":"ListItem","position":1,"name":"Accueil","item":"https:\/\/projets-solidaires.la-guilde.org\/"},{"@type":"ListItem","position":2,"name":"Calendrier de formations 2024 de La Guilde"}]},{"@type":"WebSite","@id":"https:\/\/projets-solidaires.la-guilde.org\/#website","url":"https:\/\/projets-solidaires.la-guilde.org\/","name":"La Guilde Microproject","description":"","publisher":{"@id":"https:\/\/projets-solidaires.la-guilde.org\/#organization"},"potentialAction":[{"@type":"SearchAction","target":{"@type":"EntryPoint","urlTemplate":"https:\/\/projets-solidaires.la-guilde.org\/?s={search_term_string}"},"query-input":{"@type":"PropertyValueSpecification","valueRequired":true,"valueName":"search_term_string"}}],"inLanguage":"en-GB"},{"@type":"Organization","@id":"https:\/\/projets-solidaires.la-guilde.org\/#organization","name":"La Guilde Microproject","url":"https:\/\/projets-solidaires.la-guilde.org\/","logo":{"@type":"ImageObject","inLanguage":"en-GB","@id":"https:\/\/projets-solidaires.la-guilde.org\/#\/schema\/logo\/image\/","url":"https:\/\/projets-solidaires.la-guilde.org\/wp-content\/uploads\/2025\/05\/logo-la-guilde-projets-solidaires.png","contentUrl":"https:\/\/projets-solidaires.la-guilde.org\/wp-content\/uploads\/2025\/05\/logo-la-guilde-projets-solidaires.png","width":396,"height":201,"caption":"Microprojet La Guilde"},"image":{"@id":"https:\/\/projets-solidaires.la-guilde.org\/#\/schema\/logo\/image\/"}},{"@type":"Person","@id":"https:\/\/projets-solidaires.la-guilde.org\/#\/schema\/person\/a1a7a8ab88783bd8e6164de7ec14b181","name":"laguildemp","image":{"@type":"ImageObject","inLanguage":"en-GB","@id":"https:\/\/secure.gravatar.com\/avatar\/5eb82fca917987808543c70328e7339a1c500ba9d2f9f1dd27a9e2e0f5b7c041?s=96&d=mm&r=g","url":"https:\/\/secure.gravatar.com\/avatar\/5eb82fca917987808543c70328e7339a1c500ba9d2f9f1dd27a9e2e0f5b7c041?s=96&d=mm&r=g","contentUrl":"https:\/\/secure.gravatar.com\/avatar\/5eb82fca917987808543c70328e7339a1c500ba9d2f9f1dd27a9e2e0f5b7c041?s=96&d=mm&r=g","caption":"laguildemp"}}]}},"publishpress_future_action":{"enabled":false,"date":"2026-05-08 15:24:29","action":"change-status","newStatus":"draft","terms":[],"taxonomy":"category","extraData":[]},"publishpress_future_workflow_manual_trigger":{"enabledWorkflows":[]},"_links":{"self":[{"href":"https:\/\/projets-solidaires.la-guilde.org\/en\/wp-json\/wp\/v2\/posts\/1979","targetHints":{"allow":["GET"]}}],"collection":[{"href":"https:\/\/projets-solidaires.la-guilde.org\/en\/wp-json\/wp\/v2\/posts"}],"about":[{"href":"https:\/\/projets-solidaires.la-guilde.org\/en\/wp-json\/wp\/v2\/types\/post"}],"author":[{"embeddable":true,"href":"https:\/\/projets-solidaires.la-guilde.org\/en\/wp-json\/wp\/v2\/users\/2"}],"replies":[{"embeddable":true,"href":"https:\/\/projets-solidaires.la-guilde.org\/en\/wp-json\/wp\/v2\/comments?post=1979"}],"version-history":[{"count":0,"href":"https:\/\/projets-solidaires.la-guilde.org\/en\/wp-json\/wp\/v2\/posts\/1979\/revisions"}],"wp:featuredmedia":[{"embeddable":true,"href":"https:\/\/projets-solidaires.la-guilde.org\/en\/wp-json\/wp\/v2\/media\/1981"}],"wp:attachment":[{"href":"https:\/\/projets-solidaires.la-guilde.org\/en\/wp-json\/wp\/v2\/media?parent=1979"}],"wp:term":[{"taxonomy":"category","embeddable":true,"href":"https:\/\/projets-solidaires.la-guilde.org\/en\/wp-json\/wp\/v2\/categories?post=1979"},{"taxonomy":"post_tag","embeddable":true,"href":"https:\/\/projets-solidaires.la-guilde.org\/en\/wp-json\/wp\/v2\/tags?post=1979"}],"curies":[{"name":"wp","href":"https:\/\/api.w.org\/{rel}","templated":true}]}}