{"id":1960,"date":"2024-07-09T14:15:11","date_gmt":"2024-07-09T14:15:11","guid":{"rendered":"https:\/\/preprod.projets-solidaires.la-guilde.org\/?p=1960"},"modified":"2025-07-11T13:36:39","modified_gmt":"2025-07-11T13:36:39","slug":"training-and-micro-projects-to-shape-the-initiatives-of-tomorrow","status":"publish","type":"post","link":"https:\/\/projets-solidaires.la-guilde.org\/en\/training-and-micro-projects-to-shape-the-initiatives-of-tomorrow\/","title":{"rendered":"Training and Microprojects: Training the initiatives of tomorrow"},"content":{"rendered":"<figure class=\"wp-block-image size-large\"><img fetchpriority=\"high\" decoding=\"async\" width=\"1024\" height=\"410\" src=\"https:\/\/preprod.projets-solidaires.la-guilde.org\/wp-content\/uploads\/2025\/07\/20240607_104126-1200x480-1-1024x410.jpg\" alt=\"\" class=\"wp-image-1962\" srcset=\"https:\/\/projets-solidaires.la-guilde.org\/wp-content\/uploads\/2025\/07\/20240607_104126-1200x480-1-1024x410.jpg 1024w, https:\/\/projets-solidaires.la-guilde.org\/wp-content\/uploads\/2025\/07\/20240607_104126-1200x480-1-300x120.jpg 300w, https:\/\/projets-solidaires.la-guilde.org\/wp-content\/uploads\/2025\/07\/20240607_104126-1200x480-1-768x307.jpg 768w, https:\/\/projets-solidaires.la-guilde.org\/wp-content\/uploads\/2025\/07\/20240607_104126-1200x480-1.jpg 1200w\" sizes=\"(max-width: 1024px) 100vw, 1024px\" \/><\/figure>\n\n\n\n<p>Workshop offered during the Monitoring and Evaluation training (07\/06\/2024)<\/p>\n\n\n\n<p><strong>Results of the first training cycle of the year 2024:<\/strong><\/p>\n\n\n\n<p>The months of April, May and June were the opportunity for La Guilde and the Microproject Center to launch the new training program for this year 2024. Having reached the end of this first cycle, we look back on these few weeks with the project leaders who came to attend the different modules.<\/p>\n\n\n\n<p>Organized within the Halle Pajol in the 18th arrondissement<sup>th<\/sup> arrondissement of Paris, these 6 days of training brought together 67 people representing 22 associations who came to learn more about project management and two more specific themes: Income Generating Activities and the Integration of Agroecology in Microprojects. Among these organizations, 10 already winning associations came to complete their theoretical background or to train more specifically on the theoretical modules offered. These moments also allow to welcome organizations that are starting out or that wish to supplement the support offered by the Microproject Center with additional tools and methodology.<\/p>\n\n\n\n<p>Feedback from associations allows us to measure the importance of these training courses, which attempt to combine theoretical contributions on project management with practical case studies to expose associations to the realities on the ground: &quot;The training includes a theoretical component and realistic practical cases that allow you to properly address the challenges of an Income Generating Activity&quot;; &quot;The training offers solid content with practical exercises that put you in real-life situations.&quot; The whole point of these modules is to put associations in a real-life situation by offering them the theoretical input necessary to support them in key stages of developing their project: &quot;Combining practice with theory after participating in the development of the budget for a project recently set up by our association&quot;; &quot;Very good content, clear and useful for putting together a funding application file.&quot; Of course, training alone is not enough. The concepts studied and worked on require specific adaptation to the specific project of the associations. Adaptation that the support system offered by the Microprojects Center can allow: \u201cThe content is very detailed. I found all the information I needed. These documents will allow me to revise with the possibility of returning to La Guilde in case of problems\u201d; \u201cI learned a lot of things. Being a novice in the subject, I appreciated it. The content was very rich. I will have to reread it, study it more thoroughly!\u201d<\/p>\n\n\n\n<p>This first cycle also allowed the organization of a new theoretical module, presented by Emmanuelle Patetsos, an agronomist who has worked in various NGOs (Terre &amp; Humanisme, FERT, GRET, CIRAD, etc.). Based on the Integration of Agroecology in Microprojects, this day allowed associations to understand the different social, economic, technical and environmental dimensions that make up agroecological projects. Several workshops, practical cases and activities complemented this module: &quot;This training offers content that is both technical (concrete examples), methodological and theoretical. It&#039;s very good because it allows for a comprehensive overview. The training was interesting because it used a few games to &quot;break the ice&quot; and practical cases to apply what we have seen. This allowed for moments of exchange.&quot;<\/p>\n\n\n\n<p>This assessment allows us to approach the rest of this 2024 training year with new features to offer to project leaders. A new theoretical module based on Gender Integration in Microprojects will be organized in September. The opening of calls for projects in Sport &amp; Development will allow associations to be able to train specifically on this theme with distance learning modules on Gender Integration in this type of project and on Child Protection.<\/p>\n\n\n\n<p><\/p>\n\n\n\n<div class=\"wp-block-buttons is-content-justification-center is-layout-flex wp-container-core-buttons-is-layout-a89b3969 wp-block-buttons-is-layout-flex\">\n<div class=\"wp-block-button\"><a class=\"wp-block-button__link wp-element-button\" href=\"https:\/\/preprod.projets-solidaires.la-guilde.org\/wp-content\/uploads\/2025\/07\/La-Guilde-Programme-formations-2024.pdf\" target=\"_blank\" rel=\"noreferrer noopener\">Find our 2024 training program<\/a><\/div>\n\n\n\n<div class=\"wp-block-button\"><a class=\"wp-block-button__link wp-element-button\" href=\"https:\/\/www.linkedin.com\/posts\/emmanuelle-patetsos-71aa63120_laguilde-formation-agroaezcologie-activity-7210924831884664832-b159?utm_source=share&amp;utm_medium=member_desktop\" target=\"_blank\" rel=\"noreferrer noopener\">Discover the images of the training on agroecology<\/a><\/div>\n<\/div>\n\n\n\n<p><\/p>","protected":false},"excerpt":{"rendered":"<p>Atelier de travail propos\u00e9 durant la formation Suivi et Evaluation (07\/06\/2024) Bilan du premier cycle de formations de l&rsquo;ann\u00e9e 2024 : Les mois d\u2019avril, mai et juin ont \u00e9t\u00e9 l\u2019occasion pour La Guilde et le P\u00f4le Microprojet de lancer le nouveau programme de formation de cette ann\u00e9e 2024. Arriv\u00e9 \u00e0 la fin de ce premier [&hellip;]<\/p>\n","protected":false},"author":2,"featured_media":1962,"comment_status":"open","ping_status":"open","sticky":false,"template":"","format":"standard","meta":{"inline_featured_image":false,"footnotes":""},"categories":[299],"tags":[],"class_list":["post-1960","post","type-post","status-publish","format-standard","has-post-thumbnail","hentry","category-formation"],"yoast_head":"<!-- This site is optimized with the Yoast SEO plugin v27.3 - https:\/\/yoast.com\/product\/yoast-seo-wordpress\/ -->\n<title>Formations et Microprojets : Former les initiatives de demain - Microprojet La Guilde<\/title>\n<meta name=\"robots\" content=\"index, follow, max-snippet:-1, max-image-preview:large, max-video-preview:-1\" \/>\n<link rel=\"canonical\" href=\"https:\/\/projets-solidaires.la-guilde.org\/en\/training-and-micro-projects-to-shape-the-initiatives-of-tomorrow\/\" \/>\n<script type=\"application\/ld+json\" class=\"yoast-schema-graph\">{\"@context\":\"https:\\\/\\\/schema.org\",\"@graph\":[{\"@type\":\"Article\",\"@id\":\"https:\\\/\\\/projets-solidaires.la-guilde.org\\\/formations-et-microprojets-former-les-initiatives-de-demain\\\/#article\",\"isPartOf\":{\"@id\":\"https:\\\/\\\/projets-solidaires.la-guilde.org\\\/formations-et-microprojets-former-les-initiatives-de-demain\\\/\"},\"author\":{\"name\":\"laguildemp\",\"@id\":\"https:\\\/\\\/projets-solidaires.la-guilde.org\\\/#\\\/schema\\\/person\\\/a1a7a8ab88783bd8e6164de7ec14b181\"},\"headline\":\"Formations et Microprojets : Former les initiatives de demain\",\"datePublished\":\"2024-07-09T14:15:11+00:00\",\"dateModified\":\"2025-07-11T13:36:39+00:00\",\"mainEntityOfPage\":{\"@id\":\"https:\\\/\\\/projets-solidaires.la-guilde.org\\\/formations-et-microprojets-former-les-initiatives-de-demain\\\/\"},\"wordCount\":764,\"commentCount\":0,\"publisher\":{\"@id\":\"https:\\\/\\\/projets-solidaires.la-guilde.org\\\/#organization\"},\"image\":{\"@id\":\"https:\\\/\\\/projets-solidaires.la-guilde.org\\\/formations-et-microprojets-former-les-initiatives-de-demain\\\/#primaryimage\"},\"thumbnailUrl\":\"https:\\\/\\\/projets-solidaires.la-guilde.org\\\/wp-content\\\/uploads\\\/2025\\\/07\\\/20240607_104126-1200x480-1.jpg\",\"articleSection\":[\"Formation\"],\"inLanguage\":\"en-GB\",\"potentialAction\":[{\"@type\":\"CommentAction\",\"name\":\"Comment\",\"target\":[\"https:\\\/\\\/projets-solidaires.la-guilde.org\\\/formations-et-microprojets-former-les-initiatives-de-demain\\\/#respond\"]}]},{\"@type\":\"WebPage\",\"@id\":\"https:\\\/\\\/projets-solidaires.la-guilde.org\\\/formations-et-microprojets-former-les-initiatives-de-demain\\\/\",\"url\":\"https:\\\/\\\/projets-solidaires.la-guilde.org\\\/formations-et-microprojets-former-les-initiatives-de-demain\\\/\",\"name\":\"Formations et Microprojets : Former les initiatives de demain - Microprojet La Guilde\",\"isPartOf\":{\"@id\":\"https:\\\/\\\/projets-solidaires.la-guilde.org\\\/#website\"},\"primaryImageOfPage\":{\"@id\":\"https:\\\/\\\/projets-solidaires.la-guilde.org\\\/formations-et-microprojets-former-les-initiatives-de-demain\\\/#primaryimage\"},\"image\":{\"@id\":\"https:\\\/\\\/projets-solidaires.la-guilde.org\\\/formations-et-microprojets-former-les-initiatives-de-demain\\\/#primaryimage\"},\"thumbnailUrl\":\"https:\\\/\\\/projets-solidaires.la-guilde.org\\\/wp-content\\\/uploads\\\/2025\\\/07\\\/20240607_104126-1200x480-1.jpg\",\"datePublished\":\"2024-07-09T14:15:11+00:00\",\"dateModified\":\"2025-07-11T13:36:39+00:00\",\"breadcrumb\":{\"@id\":\"https:\\\/\\\/projets-solidaires.la-guilde.org\\\/formations-et-microprojets-former-les-initiatives-de-demain\\\/#breadcrumb\"},\"inLanguage\":\"en-GB\",\"potentialAction\":[{\"@type\":\"ReadAction\",\"target\":[\"https:\\\/\\\/projets-solidaires.la-guilde.org\\\/formations-et-microprojets-former-les-initiatives-de-demain\\\/\"]}]},{\"@type\":\"ImageObject\",\"inLanguage\":\"en-GB\",\"@id\":\"https:\\\/\\\/projets-solidaires.la-guilde.org\\\/formations-et-microprojets-former-les-initiatives-de-demain\\\/#primaryimage\",\"url\":\"https:\\\/\\\/projets-solidaires.la-guilde.org\\\/wp-content\\\/uploads\\\/2025\\\/07\\\/20240607_104126-1200x480-1.jpg\",\"contentUrl\":\"https:\\\/\\\/projets-solidaires.la-guilde.org\\\/wp-content\\\/uploads\\\/2025\\\/07\\\/20240607_104126-1200x480-1.jpg\",\"width\":1200,\"height\":480},{\"@type\":\"BreadcrumbList\",\"@id\":\"https:\\\/\\\/projets-solidaires.la-guilde.org\\\/formations-et-microprojets-former-les-initiatives-de-demain\\\/#breadcrumb\",\"itemListElement\":[{\"@type\":\"ListItem\",\"position\":1,\"name\":\"Accueil\",\"item\":\"https:\\\/\\\/projets-solidaires.la-guilde.org\\\/\"},{\"@type\":\"ListItem\",\"position\":2,\"name\":\"Formations et Microprojets : Former les initiatives de demain\"}]},{\"@type\":\"WebSite\",\"@id\":\"https:\\\/\\\/projets-solidaires.la-guilde.org\\\/#website\",\"url\":\"https:\\\/\\\/projets-solidaires.la-guilde.org\\\/\",\"name\":\"Microprojet La Guilde\",\"description\":\"\",\"publisher\":{\"@id\":\"https:\\\/\\\/projets-solidaires.la-guilde.org\\\/#organization\"},\"potentialAction\":[{\"@type\":\"SearchAction\",\"target\":{\"@type\":\"EntryPoint\",\"urlTemplate\":\"https:\\\/\\\/projets-solidaires.la-guilde.org\\\/?s={search_term_string}\"},\"query-input\":{\"@type\":\"PropertyValueSpecification\",\"valueRequired\":true,\"valueName\":\"search_term_string\"}}],\"inLanguage\":\"en-GB\"},{\"@type\":\"Organization\",\"@id\":\"https:\\\/\\\/projets-solidaires.la-guilde.org\\\/#organization\",\"name\":\"Microprojet La Guilde\",\"url\":\"https:\\\/\\\/projets-solidaires.la-guilde.org\\\/\",\"logo\":{\"@type\":\"ImageObject\",\"inLanguage\":\"en-GB\",\"@id\":\"https:\\\/\\\/projets-solidaires.la-guilde.org\\\/#\\\/schema\\\/logo\\\/image\\\/\",\"url\":\"https:\\\/\\\/projets-solidaires.la-guilde.org\\\/wp-content\\\/uploads\\\/2025\\\/05\\\/logo-la-guilde-projets-solidaires.png\",\"contentUrl\":\"https:\\\/\\\/projets-solidaires.la-guilde.org\\\/wp-content\\\/uploads\\\/2025\\\/05\\\/logo-la-guilde-projets-solidaires.png\",\"width\":396,\"height\":201,\"caption\":\"Microprojet La Guilde\"},\"image\":{\"@id\":\"https:\\\/\\\/projets-solidaires.la-guilde.org\\\/#\\\/schema\\\/logo\\\/image\\\/\"}},{\"@type\":\"Person\",\"@id\":\"https:\\\/\\\/projets-solidaires.la-guilde.org\\\/#\\\/schema\\\/person\\\/a1a7a8ab88783bd8e6164de7ec14b181\",\"name\":\"laguildemp\",\"image\":{\"@type\":\"ImageObject\",\"inLanguage\":\"en-GB\",\"@id\":\"https:\\\/\\\/secure.gravatar.com\\\/avatar\\\/5eb82fca917987808543c70328e7339a1c500ba9d2f9f1dd27a9e2e0f5b7c041?s=96&d=mm&r=g\",\"url\":\"https:\\\/\\\/secure.gravatar.com\\\/avatar\\\/5eb82fca917987808543c70328e7339a1c500ba9d2f9f1dd27a9e2e0f5b7c041?s=96&d=mm&r=g\",\"contentUrl\":\"https:\\\/\\\/secure.gravatar.com\\\/avatar\\\/5eb82fca917987808543c70328e7339a1c500ba9d2f9f1dd27a9e2e0f5b7c041?s=96&d=mm&r=g\",\"caption\":\"laguildemp\"}}]}<\/script>\n<!-- \/ Yoast SEO plugin. -->","yoast_head_json":{"title":"Training and Micro-projects: Developing the initiatives of tomorrow - The Guild Micro-project","robots":{"index":"index","follow":"follow","max-snippet":"max-snippet:-1","max-image-preview":"max-image-preview:large","max-video-preview":"max-video-preview:-1"},"canonical":"https:\/\/projets-solidaires.la-guilde.org\/en\/training-and-micro-projects-to-shape-the-initiatives-of-tomorrow\/","schema":{"@context":"https:\/\/schema.org","@graph":[{"@type":"Article","@id":"https:\/\/projets-solidaires.la-guilde.org\/formations-et-microprojets-former-les-initiatives-de-demain\/#article","isPartOf":{"@id":"https:\/\/projets-solidaires.la-guilde.org\/formations-et-microprojets-former-les-initiatives-de-demain\/"},"author":{"name":"laguildemp","@id":"https:\/\/projets-solidaires.la-guilde.org\/#\/schema\/person\/a1a7a8ab88783bd8e6164de7ec14b181"},"headline":"Formations et Microprojets : Former les initiatives de demain","datePublished":"2024-07-09T14:15:11+00:00","dateModified":"2025-07-11T13:36:39+00:00","mainEntityOfPage":{"@id":"https:\/\/projets-solidaires.la-guilde.org\/formations-et-microprojets-former-les-initiatives-de-demain\/"},"wordCount":764,"commentCount":0,"publisher":{"@id":"https:\/\/projets-solidaires.la-guilde.org\/#organization"},"image":{"@id":"https:\/\/projets-solidaires.la-guilde.org\/formations-et-microprojets-former-les-initiatives-de-demain\/#primaryimage"},"thumbnailUrl":"https:\/\/projets-solidaires.la-guilde.org\/wp-content\/uploads\/2025\/07\/20240607_104126-1200x480-1.jpg","articleSection":["Formation"],"inLanguage":"en-GB","potentialAction":[{"@type":"CommentAction","name":"Comment","target":["https:\/\/projets-solidaires.la-guilde.org\/formations-et-microprojets-former-les-initiatives-de-demain\/#respond"]}]},{"@type":"WebPage","@id":"https:\/\/projets-solidaires.la-guilde.org\/formations-et-microprojets-former-les-initiatives-de-demain\/","url":"https:\/\/projets-solidaires.la-guilde.org\/formations-et-microprojets-former-les-initiatives-de-demain\/","name":"Training and Micro-projects: Developing the initiatives of tomorrow - The Guild Micro-project","isPartOf":{"@id":"https:\/\/projets-solidaires.la-guilde.org\/#website"},"primaryImageOfPage":{"@id":"https:\/\/projets-solidaires.la-guilde.org\/formations-et-microprojets-former-les-initiatives-de-demain\/#primaryimage"},"image":{"@id":"https:\/\/projets-solidaires.la-guilde.org\/formations-et-microprojets-former-les-initiatives-de-demain\/#primaryimage"},"thumbnailUrl":"https:\/\/projets-solidaires.la-guilde.org\/wp-content\/uploads\/2025\/07\/20240607_104126-1200x480-1.jpg","datePublished":"2024-07-09T14:15:11+00:00","dateModified":"2025-07-11T13:36:39+00:00","breadcrumb":{"@id":"https:\/\/projets-solidaires.la-guilde.org\/formations-et-microprojets-former-les-initiatives-de-demain\/#breadcrumb"},"inLanguage":"en-GB","potentialAction":[{"@type":"ReadAction","target":["https:\/\/projets-solidaires.la-guilde.org\/formations-et-microprojets-former-les-initiatives-de-demain\/"]}]},{"@type":"ImageObject","inLanguage":"en-GB","@id":"https:\/\/projets-solidaires.la-guilde.org\/formations-et-microprojets-former-les-initiatives-de-demain\/#primaryimage","url":"https:\/\/projets-solidaires.la-guilde.org\/wp-content\/uploads\/2025\/07\/20240607_104126-1200x480-1.jpg","contentUrl":"https:\/\/projets-solidaires.la-guilde.org\/wp-content\/uploads\/2025\/07\/20240607_104126-1200x480-1.jpg","width":1200,"height":480},{"@type":"BreadcrumbList","@id":"https:\/\/projets-solidaires.la-guilde.org\/formations-et-microprojets-former-les-initiatives-de-demain\/#breadcrumb","itemListElement":[{"@type":"ListItem","position":1,"name":"Accueil","item":"https:\/\/projets-solidaires.la-guilde.org\/"},{"@type":"ListItem","position":2,"name":"Formations et Microprojets : Former les initiatives de demain"}]},{"@type":"WebSite","@id":"https:\/\/projets-solidaires.la-guilde.org\/#website","url":"https:\/\/projets-solidaires.la-guilde.org\/","name":"La Guilde Microproject","description":"","publisher":{"@id":"https:\/\/projets-solidaires.la-guilde.org\/#organization"},"potentialAction":[{"@type":"SearchAction","target":{"@type":"EntryPoint","urlTemplate":"https:\/\/projets-solidaires.la-guilde.org\/?s={search_term_string}"},"query-input":{"@type":"PropertyValueSpecification","valueRequired":true,"valueName":"search_term_string"}}],"inLanguage":"en-GB"},{"@type":"Organization","@id":"https:\/\/projets-solidaires.la-guilde.org\/#organization","name":"La Guilde Microproject","url":"https:\/\/projets-solidaires.la-guilde.org\/","logo":{"@type":"ImageObject","inLanguage":"en-GB","@id":"https:\/\/projets-solidaires.la-guilde.org\/#\/schema\/logo\/image\/","url":"https:\/\/projets-solidaires.la-guilde.org\/wp-content\/uploads\/2025\/05\/logo-la-guilde-projets-solidaires.png","contentUrl":"https:\/\/projets-solidaires.la-guilde.org\/wp-content\/uploads\/2025\/05\/logo-la-guilde-projets-solidaires.png","width":396,"height":201,"caption":"Microprojet La Guilde"},"image":{"@id":"https:\/\/projets-solidaires.la-guilde.org\/#\/schema\/logo\/image\/"}},{"@type":"Person","@id":"https:\/\/projets-solidaires.la-guilde.org\/#\/schema\/person\/a1a7a8ab88783bd8e6164de7ec14b181","name":"laguildemp","image":{"@type":"ImageObject","inLanguage":"en-GB","@id":"https:\/\/secure.gravatar.com\/avatar\/5eb82fca917987808543c70328e7339a1c500ba9d2f9f1dd27a9e2e0f5b7c041?s=96&d=mm&r=g","url":"https:\/\/secure.gravatar.com\/avatar\/5eb82fca917987808543c70328e7339a1c500ba9d2f9f1dd27a9e2e0f5b7c041?s=96&d=mm&r=g","contentUrl":"https:\/\/secure.gravatar.com\/avatar\/5eb82fca917987808543c70328e7339a1c500ba9d2f9f1dd27a9e2e0f5b7c041?s=96&d=mm&r=g","caption":"laguildemp"}}]}},"publishpress_future_action":{"enabled":false,"date":"2026-05-06 14:01:04","action":"change-status","newStatus":"draft","terms":[],"taxonomy":"category","extraData":[]},"publishpress_future_workflow_manual_trigger":{"enabledWorkflows":[]},"_links":{"self":[{"href":"https:\/\/projets-solidaires.la-guilde.org\/en\/wp-json\/wp\/v2\/posts\/1960","targetHints":{"allow":["GET"]}}],"collection":[{"href":"https:\/\/projets-solidaires.la-guilde.org\/en\/wp-json\/wp\/v2\/posts"}],"about":[{"href":"https:\/\/projets-solidaires.la-guilde.org\/en\/wp-json\/wp\/v2\/types\/post"}],"author":[{"embeddable":true,"href":"https:\/\/projets-solidaires.la-guilde.org\/en\/wp-json\/wp\/v2\/users\/2"}],"replies":[{"embeddable":true,"href":"https:\/\/projets-solidaires.la-guilde.org\/en\/wp-json\/wp\/v2\/comments?post=1960"}],"version-history":[{"count":0,"href":"https:\/\/projets-solidaires.la-guilde.org\/en\/wp-json\/wp\/v2\/posts\/1960\/revisions"}],"wp:featuredmedia":[{"embeddable":true,"href":"https:\/\/projets-solidaires.la-guilde.org\/en\/wp-json\/wp\/v2\/media\/1962"}],"wp:attachment":[{"href":"https:\/\/projets-solidaires.la-guilde.org\/en\/wp-json\/wp\/v2\/media?parent=1960"}],"wp:term":[{"taxonomy":"category","embeddable":true,"href":"https:\/\/projets-solidaires.la-guilde.org\/en\/wp-json\/wp\/v2\/categories?post=1960"},{"taxonomy":"post_tag","embeddable":true,"href":"https:\/\/projets-solidaires.la-guilde.org\/en\/wp-json\/wp\/v2\/tags?post=1960"}],"curies":[{"name":"wp","href":"https:\/\/api.w.org\/{rel}","templated":true}]}}