{"id":1955,"date":"2024-11-09T13:59:12","date_gmt":"2024-11-09T13:59:12","guid":{"rendered":"https:\/\/preprod.projets-solidaires.la-guilde.org\/?p=1955"},"modified":"2025-09-17T08:32:10","modified_gmt":"2025-09-17T08:32:10","slug":"call-for-projects-fall-2024-the-guild","status":"publish","type":"post","link":"https:\/\/projets-solidaires.la-guilde.org\/en\/call-for-projects-fall-2024-the-guild\/","title":{"rendered":"Call for projects Fall 2024 \u2013 La Guilde"},"content":{"rendered":"<p><strong>The micro-project support program run by La Guilde in partnership with the French Development Agency (AFD), CIRRMA, RRMA and the Agir Sa Vie Foundation, is offering you a new call for multi-thematic projects to enable you to set up development projects. <\/strong><\/p>\n\n\n\n<div class=\"wp-block-buttons is-layout-flex wp-block-buttons-is-layout-flex\">\n<div class=\"wp-block-button\"><a class=\"wp-block-button__link wp-element-button\" href=\"https:\/\/www.portailsolidaire.org\/projets\/login\" target=\"_blank\" rel=\"noreferrer noopener\">Log in to your space<\/a><\/div>\n\n\n\n<div class=\"wp-block-button\"><a class=\"wp-block-button__link wp-element-button\" href=\"https:\/\/preprod.projets-solidaires.la-guilde.org\/wp-content\/uploads\/2025\/07\/Reglement-des-financements-Automne-2024.pdf\" target=\"_blank\" rel=\"noreferrer noopener\">Consult the rules of the call for projects<\/a><\/div>\n\n\n\n<div class=\"wp-block-button\"><a class=\"wp-block-button__link wp-element-button\" href=\"https:\/\/preprod.projets-solidaires.la-guilde.org\/contact\/\">Contact us!<\/a><\/div>\n<\/div>\n\n\n\n<p class=\"has-text-align-center\"><em>Don&#039;t wait until the last week to contact us, we are here to support you!<\/em><\/p>\n\n\n\n<hr class=\"wp-block-separator has-css-opacity\"\/>\n\n\n\n<h3 class=\"wp-block-heading\">Calendar<\/h3>\n\n\n\n<ul class=\"wp-block-list\">\n<li>Closing of the call for projects<strong> : September 12, 2024<\/strong> (11:59 p.m.)<\/li>\n\n\n\n<li><strong>Information meeting on Tuesday, July 23,<\/strong> from 4 p.m. to 6 p.m., <strong>or August 22<\/strong>, from 5 p.m. to 6:30 p.m., via videoconference. To register, please contact H\u00e9lo\u00efse Ruban at the following address: heloise.ruban@la-guilde.org.<\/li>\n<\/ul>\n\n\n\n<hr class=\"wp-block-separator has-css-opacity\"\/>\n\n\n\n<h3 class=\"wp-block-heading\">Funding<\/h3>\n\n\n\n<p><strong>Two funding thresholds are possible:<\/strong><br>1\/ <strong>Between \u20ac3,000 and \u20ac12,500<\/strong> : for all associations that meet the eligibility criteria<strong> <\/strong>;<br>2\/ <strong>Between 3,000 and 20,000\u20ac<\/strong> : for associations meeting the eligibility criteria which have already benefited from Microproject funding from La Guilde having produced a quality final report, AND whose annual N-1 income statement is greater than \u20ac50,000.<br>The grant awarded may in no case represent more than <strong>50% eligible expenses <\/strong>of the project, including local developments.<br>The remaining 50 % can be provided by own resources and\/or by other donors (minimum 25% of the project budget) and valuations (maximum 25% of the project budget).<\/p>\n\n\n\n<p><strong>These ineligible expenses can nevertheless be mentioned in the project budget but must be covered by another donor or by the association&#039;s own funds.<\/strong><\/p>\n\n\n\n<hr class=\"wp-block-separator has-css-opacity\"\/>\n\n\n\n<h3 class=\"wp-block-heading\">Eligibility criteria<\/h3>\n\n\n\n<h4 class=\"wp-block-heading\"><span style=\"background-color:rgba(0, 0, 0, 0)\" class=\"has-inline-color has-black-color\">The structure <\/span><\/h4>\n\n\n\n<ul class=\"wp-block-list\">\n<li>be governed by French law, under the 1901 law published in the official journal (or in the District Court for associations in Lorraine and Alsace),<\/li>\n\n\n\n<li>have more than 2 years of seniority on the closing date of the session have annual resources of less than 200,000 euros (N-1 income statements validated by the last General Meeting),<\/li>\n\n\n\n<li>have a legal existence and their own accounting (for regional branches of national structures),<\/li>\n\n\n\n<li>not to intervene within the framework of decentralized cooperation (twinning committees are not eligible).<\/li>\n<\/ul>\n\n\n\n<p>Associations that have already received one or more co-financings from La Guilde and whose projects are still underway will not be considered as priority. In the event that an association wishes to present a new project during this session, an interim or final assessment of the current project must have been submitted and validated by La Guilde teams before the final jury for the allocation of funds.<\/p>\n\n\n\n<h4 class=\"wp-block-heading\">The project<\/h4>\n\n\n\n<ul class=\"wp-block-list\">\n<li>be carried out in a country eligible for the OECD Development Assistance Committee (<a href=\"https:\/\/www.oecd.org\/fr\/topics\/sub-issues\/oda-eligibility-and-conditions\/dac-list-of-oda-recipients.html\">consult the list of eligible countries<\/a>). Projects in France and Mali<strong> <\/strong>are not eligible. For Burkina Faso and Niger, projects covering primarily the health, nutrition, water\/hygiene\/sanitation and youth sectors (and subject to validation by the AFD) are eligible.<\/li>\n\n\n\n<li>have an implementation period of between 1 and 3 years (including monitoring and evaluation phases)<\/li>\n\n\n\n<li>present future activities and not past or current ones (if activities have already taken place in the past, they should be summarized in the historical section of the project). Expenses will be eligible from the closing date of the call for projects.<\/li>\n\n\n\n<li>be co-constructed with a local partner (moral and not physical group: association, cooperative, management committee, etc.) and be the subject of a partnership agreement signed by each of the parties.<\/li>\n\n\n\n<li>concern all themes of development aid (access to water, health, agriculture, education, etc.). Projects using sport as development tools are eligible.<\/li>\n<\/ul>\n\n\n\n<h4 class=\"wp-block-heading has-text-color\" style=\"color:#f97660\"><mark style=\"background-color:rgba(0, 0, 0, 0)\" class=\"has-inline-color has-black-color\">Are not eligible<\/mark><\/h4>\n\n\n\n<p><strong>Projects are ineligible if their main theme relates to:<\/strong><\/p>\n\n\n\n<ul class=\"wp-block-list\">\n<li>of the emergency or immediate post-crisis,<\/li>\n\n\n\n<li>one-off projects,<\/li>\n\n\n\n<li>simple construction projects (without proven autonomy),<\/li>\n\n\n\n<li>feasibility studies, diagnostics,<\/li>\n\n\n\n<li>volunteering,<\/li>\n\n\n\n<li>sponsorship,<\/li>\n\n\n\n<li>youth or student work camps,<\/li>\n\n\n\n<li>productions of documentaries or artistic works,<\/li>\n\n\n\n<li>microfinance: micro-savings, micro-credit, micro-insurance.<\/li>\n<\/ul>\n\n\n\n<p><strong>Projects that have already received direct or indirect funding from (non-exhaustive lists) are not eligible:<\/strong><\/p>\n\n\n\n<p><strong>\u2013 from the Ministry of Europe and Foreign Affairs (MEAE):&nbsp;&nbsp;<\/strong><\/p>\n\n\n\n<ul class=\"wp-block-list\">\n<li>Financial arrangements of the French Embassies,<\/li>\n\n\n\n<li>Youth, International Solidarity \/ City, Life, Vacation-International Solidarity (JSI\/VVV-SI) schemes,<\/li>\n\n\n\n<li>Fonjep,<\/li>\n\n\n\n<li>Funds from the International Organization of the Francophonie from the MEAE.<\/li>\n<\/ul>\n\n\n\n<p><strong>\u2013 from the French Development Agency (AFD):&nbsp;<\/strong>&nbsp;<\/p>\n\n\n\n<ul class=\"wp-block-list\">\n<li>Forum of International Solidarity Organizations from Migration (FORIM) in particular via the Support Program for Projects of International Solidarity Organizations from Immigration (PRA\/OSIM),<\/li>\n\n\n\n<li>Small Initiatives Programme of the International Union for Conservation of Nature (IUCN),<\/li>\n\n\n\n<li>Family Farming Promotion Scheme in West Africa of the French Committee for International Solidarity (CFSI).<\/li>\n<\/ul>\n\n\n\n<hr class=\"wp-block-separator has-css-opacity is-style-default\"\/>\n\n\n\n<h3 class=\"wp-block-heading\">Selection criteria<\/h3>\n\n\n\n<p><strong>Particular attention will be paid to the following aspects:<\/strong><\/p>\n\n\n\n<ul class=\"wp-block-list\">\n<li>Relevance of the project: need expressed by the population, appropriate response, long-term objectives, etc.<\/li>\n\n\n\n<li>Local anchoring: partnerships\/collaboration with NGOs and other local associations, coordination with local policies, etc.<\/li>\n\n\n\n<li>Project sustainability: the project can continue, expand, be reproduced, it becomes autonomous in the medium term\u2026<\/li>\n\n\n\n<li>Proportionality between expenditure and expected results<\/li>\n\n\n\n<li>Ability to measure changes<\/li>\n\n\n\n<li>Involvement of beneficiaries throughout the project<\/li>\n\n\n\n<li>Taking into account cross-cutting themes (Gender, Youth, Environment).<\/li>\n\n\n\n<li>The mobilization of volunteers (International Solidarity Volunteers and International Civic Service) is encouraged.<\/li>\n<\/ul>\n\n\n\n<hr class=\"wp-block-separator has-css-opacity\"\/>\n\n\n\n<p class=\"has-text-align-center\"><strong>Funding applications are made exclusively online on the<a href=\"https:\/\/www.portailsolidaire.org\/projets\/login\" target=\"_blank\" rel=\"noreferrer noopener\"> Solidarity Portal<\/a>. To support you, we invite you to consult the <a href=\"https:\/\/www.portailsolidaire.org\/wp-content\/uploads\/2024\/02\/Tutoriel-de-depot-de-dossier-La-Guilde-2024.pdf\">deposit tutorial<\/a> attached file. <\/strong><\/p>\n\n\n\n<p class=\"has-text-align-center has-text-color\" style=\"color:#f97660\"><strong>Do not hesitate to contact us if you have any questions or if you would like support in your process.<\/strong><\/p>\n\n\n\n<div class=\"wp-block-buttons is-layout-flex wp-block-buttons-is-layout-flex\">\n<div class=\"wp-block-button\"><a class=\"wp-block-button__link wp-element-button\" href=\"https:\/\/www.portailsolidaire.org\/projets\/login\" target=\"_blank\" rel=\"noreferrer noopener\">Log in to your space<\/a><\/div>\n\n\n\n<div class=\"wp-block-button\"><a class=\"wp-block-button__link wp-element-button\" href=\"https:\/\/preprod.projets-solidaires.la-guilde.org\/wp-content\/uploads\/2025\/07\/Reglement-des-financements-Automne-2024.pdf\" target=\"_blank\" rel=\"noreferrer noopener\">Consult the rules of the call for projects<\/a><\/div>\n\n\n\n<div class=\"wp-block-button\"><a class=\"wp-block-button__link wp-element-button\" href=\"https:\/\/preprod.projets-solidaires.la-guilde.org\/contact\/\">Contact us!<\/a><\/div>\n<\/div>","protected":false},"excerpt":{"rendered":"<p>Le programme de soutien aux microprojets port\u00e9 par La Guilde en partenariat avec l&rsquo;Agence fran\u00e7aise de d\u00e9veloppement (AFD), la CIRRMA, les RRMA et la Fondation Agir Sa Vie, vous propose un nouvel appel \u00e0 projets multith\u00e9matiques afin de vous permettre de mettre en place des projets de d\u00e9veloppement. N&rsquo;attendez pas la derni\u00e8re semaine pour nous [&hellip;]<\/p>\n","protected":false},"author":2,"featured_media":1964,"comment_status":"open","ping_status":"open","sticky":false,"template":"","format":"standard","meta":{"inline_featured_image":false,"footnotes":""},"categories":[50],"tags":[],"class_list":["post-1955","post","type-post","status-publish","format-standard","has-post-thumbnail","hentry","category-appel-a-projet"],"yoast_head":"<!-- This site is optimized with the Yoast SEO plugin v27.3 - https:\/\/yoast.com\/product\/yoast-seo-wordpress\/ -->\n<title>Appel \u00e0 projets Automne 2024 - La Guilde - Microprojet La Guilde<\/title>\n<meta name=\"robots\" content=\"index, follow, max-snippet:-1, max-image-preview:large, max-video-preview:-1\" \/>\n<link rel=\"canonical\" href=\"https:\/\/projets-solidaires.la-guilde.org\/en\/call-for-projects-fall-2024-the-guild\/\" \/>\n<script type=\"application\/ld+json\" class=\"yoast-schema-graph\">{\"@context\":\"https:\\\/\\\/schema.org\",\"@graph\":[{\"@type\":\"Article\",\"@id\":\"https:\\\/\\\/projets-solidaires.la-guilde.org\\\/appel-a-projets-automne-2024-la-guilde\\\/#article\",\"isPartOf\":{\"@id\":\"https:\\\/\\\/projets-solidaires.la-guilde.org\\\/appel-a-projets-automne-2024-la-guilde\\\/\"},\"author\":{\"name\":\"laguildemp\",\"@id\":\"https:\\\/\\\/projets-solidaires.la-guilde.org\\\/#\\\/schema\\\/person\\\/a1a7a8ab88783bd8e6164de7ec14b181\"},\"headline\":\"Appel \u00e0 projets Automne 2024 &#8211; La Guilde\",\"datePublished\":\"2024-11-09T13:59:12+00:00\",\"dateModified\":\"2025-09-17T08:32:10+00:00\",\"mainEntityOfPage\":{\"@id\":\"https:\\\/\\\/projets-solidaires.la-guilde.org\\\/appel-a-projets-automne-2024-la-guilde\\\/\"},\"wordCount\":1069,\"commentCount\":0,\"publisher\":{\"@id\":\"https:\\\/\\\/projets-solidaires.la-guilde.org\\\/#organization\"},\"image\":{\"@id\":\"https:\\\/\\\/projets-solidaires.la-guilde.org\\\/appel-a-projets-automne-2024-la-guilde\\\/#primaryimage\"},\"thumbnailUrl\":\"https:\\\/\\\/projets-solidaires.la-guilde.org\\\/wp-content\\\/uploads\\\/2025\\\/07\\\/2024-01-0059-KIPEPEOS-FIlms-Atelier-Kipepeo-2021-3-1200x480-1.jpg\",\"articleSection\":[\"Appel \u00e0 projets\"],\"inLanguage\":\"en-GB\",\"potentialAction\":[{\"@type\":\"CommentAction\",\"name\":\"Comment\",\"target\":[\"https:\\\/\\\/projets-solidaires.la-guilde.org\\\/appel-a-projets-automne-2024-la-guilde\\\/#respond\"]}]},{\"@type\":\"WebPage\",\"@id\":\"https:\\\/\\\/projets-solidaires.la-guilde.org\\\/appel-a-projets-automne-2024-la-guilde\\\/\",\"url\":\"https:\\\/\\\/projets-solidaires.la-guilde.org\\\/appel-a-projets-automne-2024-la-guilde\\\/\",\"name\":\"Appel \u00e0 projets Automne 2024 - La Guilde - Microprojet La Guilde\",\"isPartOf\":{\"@id\":\"https:\\\/\\\/projets-solidaires.la-guilde.org\\\/#website\"},\"primaryImageOfPage\":{\"@id\":\"https:\\\/\\\/projets-solidaires.la-guilde.org\\\/appel-a-projets-automne-2024-la-guilde\\\/#primaryimage\"},\"image\":{\"@id\":\"https:\\\/\\\/projets-solidaires.la-guilde.org\\\/appel-a-projets-automne-2024-la-guilde\\\/#primaryimage\"},\"thumbnailUrl\":\"https:\\\/\\\/projets-solidaires.la-guilde.org\\\/wp-content\\\/uploads\\\/2025\\\/07\\\/2024-01-0059-KIPEPEOS-FIlms-Atelier-Kipepeo-2021-3-1200x480-1.jpg\",\"datePublished\":\"2024-11-09T13:59:12+00:00\",\"dateModified\":\"2025-09-17T08:32:10+00:00\",\"breadcrumb\":{\"@id\":\"https:\\\/\\\/projets-solidaires.la-guilde.org\\\/appel-a-projets-automne-2024-la-guilde\\\/#breadcrumb\"},\"inLanguage\":\"en-GB\",\"potentialAction\":[{\"@type\":\"ReadAction\",\"target\":[\"https:\\\/\\\/projets-solidaires.la-guilde.org\\\/appel-a-projets-automne-2024-la-guilde\\\/\"]}]},{\"@type\":\"ImageObject\",\"inLanguage\":\"en-GB\",\"@id\":\"https:\\\/\\\/projets-solidaires.la-guilde.org\\\/appel-a-projets-automne-2024-la-guilde\\\/#primaryimage\",\"url\":\"https:\\\/\\\/projets-solidaires.la-guilde.org\\\/wp-content\\\/uploads\\\/2025\\\/07\\\/2024-01-0059-KIPEPEOS-FIlms-Atelier-Kipepeo-2021-3-1200x480-1.jpg\",\"contentUrl\":\"https:\\\/\\\/projets-solidaires.la-guilde.org\\\/wp-content\\\/uploads\\\/2025\\\/07\\\/2024-01-0059-KIPEPEOS-FIlms-Atelier-Kipepeo-2021-3-1200x480-1.jpg\",\"width\":1200,\"height\":480},{\"@type\":\"BreadcrumbList\",\"@id\":\"https:\\\/\\\/projets-solidaires.la-guilde.org\\\/appel-a-projets-automne-2024-la-guilde\\\/#breadcrumb\",\"itemListElement\":[{\"@type\":\"ListItem\",\"position\":1,\"name\":\"Accueil\",\"item\":\"https:\\\/\\\/projets-solidaires.la-guilde.org\\\/\"},{\"@type\":\"ListItem\",\"position\":2,\"name\":\"Appel \u00e0 projets Automne 2024 &#8211; La Guilde\"}]},{\"@type\":\"WebSite\",\"@id\":\"https:\\\/\\\/projets-solidaires.la-guilde.org\\\/#website\",\"url\":\"https:\\\/\\\/projets-solidaires.la-guilde.org\\\/\",\"name\":\"Microprojet La Guilde\",\"description\":\"\",\"publisher\":{\"@id\":\"https:\\\/\\\/projets-solidaires.la-guilde.org\\\/#organization\"},\"potentialAction\":[{\"@type\":\"SearchAction\",\"target\":{\"@type\":\"EntryPoint\",\"urlTemplate\":\"https:\\\/\\\/projets-solidaires.la-guilde.org\\\/?s={search_term_string}\"},\"query-input\":{\"@type\":\"PropertyValueSpecification\",\"valueRequired\":true,\"valueName\":\"search_term_string\"}}],\"inLanguage\":\"en-GB\"},{\"@type\":\"Organization\",\"@id\":\"https:\\\/\\\/projets-solidaires.la-guilde.org\\\/#organization\",\"name\":\"Microprojet La Guilde\",\"url\":\"https:\\\/\\\/projets-solidaires.la-guilde.org\\\/\",\"logo\":{\"@type\":\"ImageObject\",\"inLanguage\":\"en-GB\",\"@id\":\"https:\\\/\\\/projets-solidaires.la-guilde.org\\\/#\\\/schema\\\/logo\\\/image\\\/\",\"url\":\"https:\\\/\\\/projets-solidaires.la-guilde.org\\\/wp-content\\\/uploads\\\/2025\\\/05\\\/logo-la-guilde-projets-solidaires.png\",\"contentUrl\":\"https:\\\/\\\/projets-solidaires.la-guilde.org\\\/wp-content\\\/uploads\\\/2025\\\/05\\\/logo-la-guilde-projets-solidaires.png\",\"width\":396,\"height\":201,\"caption\":\"Microprojet La Guilde\"},\"image\":{\"@id\":\"https:\\\/\\\/projets-solidaires.la-guilde.org\\\/#\\\/schema\\\/logo\\\/image\\\/\"}},{\"@type\":\"Person\",\"@id\":\"https:\\\/\\\/projets-solidaires.la-guilde.org\\\/#\\\/schema\\\/person\\\/a1a7a8ab88783bd8e6164de7ec14b181\",\"name\":\"laguildemp\",\"image\":{\"@type\":\"ImageObject\",\"inLanguage\":\"en-GB\",\"@id\":\"https:\\\/\\\/secure.gravatar.com\\\/avatar\\\/5eb82fca917987808543c70328e7339a1c500ba9d2f9f1dd27a9e2e0f5b7c041?s=96&d=mm&r=g\",\"url\":\"https:\\\/\\\/secure.gravatar.com\\\/avatar\\\/5eb82fca917987808543c70328e7339a1c500ba9d2f9f1dd27a9e2e0f5b7c041?s=96&d=mm&r=g\",\"contentUrl\":\"https:\\\/\\\/secure.gravatar.com\\\/avatar\\\/5eb82fca917987808543c70328e7339a1c500ba9d2f9f1dd27a9e2e0f5b7c041?s=96&d=mm&r=g\",\"caption\":\"laguildemp\"}}]}<\/script>\n<!-- \/ Yoast SEO plugin. -->","yoast_head_json":{"title":"Call for projects Fall 2024 - La Guilde - La Guilde microproject","robots":{"index":"index","follow":"follow","max-snippet":"max-snippet:-1","max-image-preview":"max-image-preview:large","max-video-preview":"max-video-preview:-1"},"canonical":"https:\/\/projets-solidaires.la-guilde.org\/en\/call-for-projects-fall-2024-the-guild\/","schema":{"@context":"https:\/\/schema.org","@graph":[{"@type":"Article","@id":"https:\/\/projets-solidaires.la-guilde.org\/appel-a-projets-automne-2024-la-guilde\/#article","isPartOf":{"@id":"https:\/\/projets-solidaires.la-guilde.org\/appel-a-projets-automne-2024-la-guilde\/"},"author":{"name":"laguildemp","@id":"https:\/\/projets-solidaires.la-guilde.org\/#\/schema\/person\/a1a7a8ab88783bd8e6164de7ec14b181"},"headline":"Appel \u00e0 projets Automne 2024 &#8211; La Guilde","datePublished":"2024-11-09T13:59:12+00:00","dateModified":"2025-09-17T08:32:10+00:00","mainEntityOfPage":{"@id":"https:\/\/projets-solidaires.la-guilde.org\/appel-a-projets-automne-2024-la-guilde\/"},"wordCount":1069,"commentCount":0,"publisher":{"@id":"https:\/\/projets-solidaires.la-guilde.org\/#organization"},"image":{"@id":"https:\/\/projets-solidaires.la-guilde.org\/appel-a-projets-automne-2024-la-guilde\/#primaryimage"},"thumbnailUrl":"https:\/\/projets-solidaires.la-guilde.org\/wp-content\/uploads\/2025\/07\/2024-01-0059-KIPEPEOS-FIlms-Atelier-Kipepeo-2021-3-1200x480-1.jpg","articleSection":["Appel \u00e0 projets"],"inLanguage":"en-GB","potentialAction":[{"@type":"CommentAction","name":"Comment","target":["https:\/\/projets-solidaires.la-guilde.org\/appel-a-projets-automne-2024-la-guilde\/#respond"]}]},{"@type":"WebPage","@id":"https:\/\/projets-solidaires.la-guilde.org\/appel-a-projets-automne-2024-la-guilde\/","url":"https:\/\/projets-solidaires.la-guilde.org\/appel-a-projets-automne-2024-la-guilde\/","name":"Call for projects Fall 2024 - La Guilde - La Guilde microproject","isPartOf":{"@id":"https:\/\/projets-solidaires.la-guilde.org\/#website"},"primaryImageOfPage":{"@id":"https:\/\/projets-solidaires.la-guilde.org\/appel-a-projets-automne-2024-la-guilde\/#primaryimage"},"image":{"@id":"https:\/\/projets-solidaires.la-guilde.org\/appel-a-projets-automne-2024-la-guilde\/#primaryimage"},"thumbnailUrl":"https:\/\/projets-solidaires.la-guilde.org\/wp-content\/uploads\/2025\/07\/2024-01-0059-KIPEPEOS-FIlms-Atelier-Kipepeo-2021-3-1200x480-1.jpg","datePublished":"2024-11-09T13:59:12+00:00","dateModified":"2025-09-17T08:32:10+00:00","breadcrumb":{"@id":"https:\/\/projets-solidaires.la-guilde.org\/appel-a-projets-automne-2024-la-guilde\/#breadcrumb"},"inLanguage":"en-GB","potentialAction":[{"@type":"ReadAction","target":["https:\/\/projets-solidaires.la-guilde.org\/appel-a-projets-automne-2024-la-guilde\/"]}]},{"@type":"ImageObject","inLanguage":"en-GB","@id":"https:\/\/projets-solidaires.la-guilde.org\/appel-a-projets-automne-2024-la-guilde\/#primaryimage","url":"https:\/\/projets-solidaires.la-guilde.org\/wp-content\/uploads\/2025\/07\/2024-01-0059-KIPEPEOS-FIlms-Atelier-Kipepeo-2021-3-1200x480-1.jpg","contentUrl":"https:\/\/projets-solidaires.la-guilde.org\/wp-content\/uploads\/2025\/07\/2024-01-0059-KIPEPEOS-FIlms-Atelier-Kipepeo-2021-3-1200x480-1.jpg","width":1200,"height":480},{"@type":"BreadcrumbList","@id":"https:\/\/projets-solidaires.la-guilde.org\/appel-a-projets-automne-2024-la-guilde\/#breadcrumb","itemListElement":[{"@type":"ListItem","position":1,"name":"Accueil","item":"https:\/\/projets-solidaires.la-guilde.org\/"},{"@type":"ListItem","position":2,"name":"Appel \u00e0 projets Automne 2024 &#8211; La Guilde"}]},{"@type":"WebSite","@id":"https:\/\/projets-solidaires.la-guilde.org\/#website","url":"https:\/\/projets-solidaires.la-guilde.org\/","name":"La Guilde Microproject","description":"","publisher":{"@id":"https:\/\/projets-solidaires.la-guilde.org\/#organization"},"potentialAction":[{"@type":"SearchAction","target":{"@type":"EntryPoint","urlTemplate":"https:\/\/projets-solidaires.la-guilde.org\/?s={search_term_string}"},"query-input":{"@type":"PropertyValueSpecification","valueRequired":true,"valueName":"search_term_string"}}],"inLanguage":"en-GB"},{"@type":"Organization","@id":"https:\/\/projets-solidaires.la-guilde.org\/#organization","name":"La Guilde Microproject","url":"https:\/\/projets-solidaires.la-guilde.org\/","logo":{"@type":"ImageObject","inLanguage":"en-GB","@id":"https:\/\/projets-solidaires.la-guilde.org\/#\/schema\/logo\/image\/","url":"https:\/\/projets-solidaires.la-guilde.org\/wp-content\/uploads\/2025\/05\/logo-la-guilde-projets-solidaires.png","contentUrl":"https:\/\/projets-solidaires.la-guilde.org\/wp-content\/uploads\/2025\/05\/logo-la-guilde-projets-solidaires.png","width":396,"height":201,"caption":"Microprojet La Guilde"},"image":{"@id":"https:\/\/projets-solidaires.la-guilde.org\/#\/schema\/logo\/image\/"}},{"@type":"Person","@id":"https:\/\/projets-solidaires.la-guilde.org\/#\/schema\/person\/a1a7a8ab88783bd8e6164de7ec14b181","name":"laguildemp","image":{"@type":"ImageObject","inLanguage":"en-GB","@id":"https:\/\/secure.gravatar.com\/avatar\/5eb82fca917987808543c70328e7339a1c500ba9d2f9f1dd27a9e2e0f5b7c041?s=96&d=mm&r=g","url":"https:\/\/secure.gravatar.com\/avatar\/5eb82fca917987808543c70328e7339a1c500ba9d2f9f1dd27a9e2e0f5b7c041?s=96&d=mm&r=g","contentUrl":"https:\/\/secure.gravatar.com\/avatar\/5eb82fca917987808543c70328e7339a1c500ba9d2f9f1dd27a9e2e0f5b7c041?s=96&d=mm&r=g","caption":"laguildemp"}}]}},"publishpress_future_action":{"enabled":false,"date":"2026-05-06 11:22:56","action":"change-status","newStatus":"draft","terms":[],"taxonomy":"category","extraData":[]},"publishpress_future_workflow_manual_trigger":{"enabledWorkflows":[]},"_links":{"self":[{"href":"https:\/\/projets-solidaires.la-guilde.org\/en\/wp-json\/wp\/v2\/posts\/1955","targetHints":{"allow":["GET"]}}],"collection":[{"href":"https:\/\/projets-solidaires.la-guilde.org\/en\/wp-json\/wp\/v2\/posts"}],"about":[{"href":"https:\/\/projets-solidaires.la-guilde.org\/en\/wp-json\/wp\/v2\/types\/post"}],"author":[{"embeddable":true,"href":"https:\/\/projets-solidaires.la-guilde.org\/en\/wp-json\/wp\/v2\/users\/2"}],"replies":[{"embeddable":true,"href":"https:\/\/projets-solidaires.la-guilde.org\/en\/wp-json\/wp\/v2\/comments?post=1955"}],"version-history":[{"count":0,"href":"https:\/\/projets-solidaires.la-guilde.org\/en\/wp-json\/wp\/v2\/posts\/1955\/revisions"}],"wp:featuredmedia":[{"embeddable":true,"href":"https:\/\/projets-solidaires.la-guilde.org\/en\/wp-json\/wp\/v2\/media\/1964"}],"wp:attachment":[{"href":"https:\/\/projets-solidaires.la-guilde.org\/en\/wp-json\/wp\/v2\/media?parent=1955"}],"wp:term":[{"taxonomy":"category","embeddable":true,"href":"https:\/\/projets-solidaires.la-guilde.org\/en\/wp-json\/wp\/v2\/categories?post=1955"},{"taxonomy":"post_tag","embeddable":true,"href":"https:\/\/projets-solidaires.la-guilde.org\/en\/wp-json\/wp\/v2\/tags?post=1955"}],"curies":[{"name":"wp","href":"https:\/\/api.w.org\/{rel}","templated":true}]}}