{"id":1942,"date":"2023-07-09T13:28:48","date_gmt":"2023-07-09T13:28:48","guid":{"rendered":"https:\/\/preprod.projets-solidaires.la-guilde.org\/?p=1942"},"modified":"2025-07-11T13:36:11","modified_gmt":"2025-07-11T13:36:11","slug":"the-return-of-guild-training","status":"publish","type":"post","link":"https:\/\/projets-solidaires.la-guilde.org\/en\/the-return-of-guild-training\/","title":{"rendered":"The return of La Guilde training courses"},"content":{"rendered":"<p>And it&#039;s almost back to school! <strong>Starting in September, La Guilde training sessions start again!<\/strong><\/p>\n\n\n\n<p>This second training cycle for the year 2024 complements the first which took place in the spring, and expands our catalog with, in particular, specific Sport and Development training which will take place online.<\/p>\n\n\n\n<p>The mission of La Guilde&#039;s Microprojects division is to<strong>support and train French associations<\/strong> of international solidarity around <strong>the management of their microprojects as well as various specific themes<\/strong> to development aid.<\/p>\n\n\n\n<p><\/p>\n\n\n\n<p>The training cycle consists of <strong> <span class=\"has-inline-color has-black-color\"><strong>general training<\/strong><\/span><\/strong>. <\/p>\n\n\n\n<p><span class=\"has-inline-color has-vivid-green-cyan-color\">Place : <\/span>Paris, <strong>in person<\/strong><\/p>\n\n\n\n<p><span class=\"has-inline-color has-vivid-green-cyan-color\">Schedules :<\/span><span class=\"has-inline-color has-luminous-vivid-orange-color\"> <\/span><strong>from 9:30 a.m. to 5 p.m.<\/strong><\/p>\n\n\n\n<p><span class=\"has-inline-color has-vivid-green-cyan-color\">Prices: <\/span><strong>\u20ac40 per person, per module<\/strong><\/p>\n\n\n\n<p>These training courses are offered on the following dates:<\/p>\n\n\n\n<ul class=\"wp-block-list\">\n<li><strong>Integrating gender into international solidarity projects: <span class=\"has-inline-color has-cyan-bluish-gray-color\">Friday, September 13, 2024<\/span><\/strong><\/li>\n\n\n\n<li><strong>Diagnosis and design of an international solidarity project: <span class=\"has-inline-color has-cyan-bluish-gray-color\">Friday, November 15, 2024<\/span><\/strong><\/li>\n\n\n\n<li><strong>Planning and implementation of an international solidarity project: <span class=\"has-inline-color has-cyan-bluish-gray-color\">Friday, November 22, 2024<\/span><\/strong><\/li>\n\n\n\n<li><strong>Establishing a budget and seeking funding:<span class=\"has-inline-color has-cyan-bluish-gray-color\"> Friday, November 29, 2024<\/span><\/strong><\/li>\n\n\n\n<li><strong>Monitoring and evaluation of an international solidarity project: <span class=\"has-inline-color has-cyan-bluish-gray-color\">Friday, December 6, 2024<\/span><\/strong><\/li>\n\n\n\n<li><strong>Income Generating Activities (IGA): <span class=\"has-inline-color has-cyan-bluish-gray-color\">Friday, December 13, 2024<\/span><\/strong><\/li>\n<\/ul>\n\n\n\n<div style=\"height:31px\" aria-hidden=\"true\" class=\"wp-block-spacer\"><\/div>\n\n\n\n<p>These participatory and interactive training sessions cover the various phases of the project cycle. They incorporate theoretical foundations, specific vocabulary, and practical exercises around each topic covered. Thanks to the knowledge and skills acquired and the tools available, you will also be better prepared to respond to calls for projects from La Guilde and other organizations.<\/p>\n\n\n\n<p>To register, please go directly to the <strong>Solidarity Portal<\/strong> via the following link: <a href=\"https:\/\/www.portailsolidaire.org\/formations\/\">Training Archive \u2013 Solidarity Portal<\/a>. You can pay online there. You can also register at the following address: <a href=\"mailto:antonin.helias@la-guilde.org\">antonin.helias@la-guilde.org<\/a> . You can make payment in person (cash or check) to Antonin H\u00e9lias on site, during the training. The address of these training courses will be communicated to you once you have registered for the training courses.<\/p>\n\n\n\n<p><\/p>\n\n\n\n<p>Also,<strong> the integration of<\/strong> <span class=\"has-inline-color has-black-color\"><strong>specific training in Sport and development<\/strong><\/span><strong> in the training cycle this semester is a new feature!<\/strong> Two types of training are available. <\/p>\n\n\n\n<p><span class=\"has-inline-color has-vivid-green-cyan-color\">For whom:<\/span> <strong>priority to associations with sports and development activities<\/strong><\/p>\n\n\n\n<p><span class=\"has-inline-color has-vivid-green-cyan-color\">LANGUAGES : <\/span><strong>in French and English<\/strong><\/p>\n\n\n\n<p><span class=\"has-inline-color has-vivid-green-cyan-color\">Schedules :<\/span> during <strong>half-days from 9:30 a.m. to 12:30 p.m.<\/strong><\/p>\n\n\n\n<p><span class=\"has-inline-color has-vivid-green-cyan-color\">Place :<strong> <\/strong><\/span><strong>remotely<\/strong><\/p>\n\n\n\n<p>These training courses will be offered on the following dates:<\/p>\n\n\n\n<ul class=\"wp-block-list\">\n<li>Sport, children&#039;s rights and child protection: <span class=\"has-inline-color has-vivid-green-cyan-color\">1 session in French and 1 session in English<\/span> THE <span class=\"has-inline-color has-cyan-bluish-gray-color\">Thursday, September 19<\/span> 2024 from 9:30 a.m. to 12:30 p.m. \/ <span class=\"has-inline-color has-vivid-green-cyan-color\">1 session in French and 1 session in English<\/span> THE<span class=\"has-inline-color has-cyan-bluish-gray-color\"> Thursday, October 10, 2024<\/span> from 9:30 a.m. to 12:30 p.m.<\/li>\n\n\n\n<li><strong>Integrating gender equality into sport for development projects \u2013 level 2: 1 session in <span class=\"has-inline-color has-vivid-green-cyan-color\">French<\/span> <\/strong><span class=\"has-inline-color has-black-color\">THE<\/span><strong><span class=\"has-inline-color has-cyan-bluish-gray-color\"> Friday, September 27, 2024 <\/span>from 9:30 a.m. to 12:30 p.m. \/ 1 session in <span class=\"has-inline-color has-vivid-green-cyan-color\">English<\/span> THE <span class=\"has-inline-color has-cyan-bluish-gray-color\">Wednesday, October 23, 2024<\/span> from 9:30 a.m. to 12:30 p.m.<\/strong><\/li>\n<\/ul>\n\n\n\n<p>These training courses will allow you to deepen your understanding of the Sport and Development approach, through the prism of child protection and gender equality. They are <strong>provided free online<\/strong>, using a link that will be sent to you after your registration. To register, you must send a <strong>email<\/strong> at the following addresses: <a href=\"mailto:auriane.buridard@la-guilde.org\">auriane.buridard@la-guilde.org<\/a> \/ <a href=\"mailto:martin.braud@la-guilde.org\">martin.braud@la-guilde.org<\/a> \/ <a href=\"mailto:contact@sportdeveloppement.org\">contact@sportdeveloppement.org<\/a> .<\/p>\n\n\n\n<p><\/p>\n\n\n\n<p><span class=\"has-inline-color has-vivid-red-color\">Please note: training courses may be cancelled or moved up to one week in advance if there are not enough participants.<\/span><\/p>\n\n\n\n<div class=\"wp-block-buttons is-content-justification-center is-layout-flex wp-container-core-buttons-is-layout-a89b3969 wp-block-buttons-is-layout-flex\">\n<div class=\"wp-block-button\"><a class=\"wp-block-button__link wp-element-button\" href=\"https:\/\/preprod.projets-solidaires.la-guilde.org\/wp-content\/uploads\/2025\/07\/Programme-formations-novembre-decembre-2024.pdf\" target=\"_blank\" rel=\"noreferrer noopener\">Find the training catalog for the second half of 2024<\/a><\/div>\n<\/div>\n\n\n\n<p><\/p>","protected":false},"excerpt":{"rendered":"<p>Et c&rsquo;est d\u00e9j\u00e0 bient\u00f4t la rentr\u00e9e ! A partir de septembre, les formations de La Guilde recommencent ! Ce second cycle de formation de l&rsquo;ann\u00e9e 2024 vient compl\u00e9ter le premier qui a eu lieu au printemps, et vient \u00e9largir notre catalogue avec notamment des formations sp\u00e9cifiques Sport et d\u00e9veloppement qui se d\u00e9rouleront en ligne. Le [&hellip;]<\/p>\n","protected":false},"author":2,"featured_media":1965,"comment_status":"open","ping_status":"open","sticky":false,"template":"","format":"standard","meta":{"inline_featured_image":false,"footnotes":""},"categories":[299],"tags":[],"class_list":["post-1942","post","type-post","status-publish","format-standard","has-post-thumbnail","hentry","category-formation"],"yoast_head":"<!-- This site is optimized with the Yoast SEO plugin v27.3 - https:\/\/yoast.com\/product\/yoast-seo-wordpress\/ -->\n<title>Le retour des formations de La Guilde - Microprojet La Guilde<\/title>\n<meta name=\"robots\" content=\"index, follow, max-snippet:-1, max-image-preview:large, max-video-preview:-1\" \/>\n<link rel=\"canonical\" href=\"https:\/\/projets-solidaires.la-guilde.org\/en\/the-return-of-guild-training\/\" \/>\n<script type=\"application\/ld+json\" class=\"yoast-schema-graph\">{\"@context\":\"https:\\\/\\\/schema.org\",\"@graph\":[{\"@type\":\"Article\",\"@id\":\"https:\\\/\\\/projets-solidaires.la-guilde.org\\\/le-retour-des-formations-de-la-guilde\\\/#article\",\"isPartOf\":{\"@id\":\"https:\\\/\\\/projets-solidaires.la-guilde.org\\\/le-retour-des-formations-de-la-guilde\\\/\"},\"author\":{\"name\":\"laguildemp\",\"@id\":\"https:\\\/\\\/projets-solidaires.la-guilde.org\\\/#\\\/schema\\\/person\\\/a1a7a8ab88783bd8e6164de7ec14b181\"},\"headline\":\"Le retour des formations de La Guilde\",\"datePublished\":\"2023-07-09T13:28:48+00:00\",\"dateModified\":\"2025-07-11T13:36:11+00:00\",\"mainEntityOfPage\":{\"@id\":\"https:\\\/\\\/projets-solidaires.la-guilde.org\\\/le-retour-des-formations-de-la-guilde\\\/\"},\"wordCount\":607,\"commentCount\":0,\"publisher\":{\"@id\":\"https:\\\/\\\/projets-solidaires.la-guilde.org\\\/#organization\"},\"image\":{\"@id\":\"https:\\\/\\\/projets-solidaires.la-guilde.org\\\/le-retour-des-formations-de-la-guilde\\\/#primaryimage\"},\"thumbnailUrl\":\"https:\\\/\\\/projets-solidaires.la-guilde.org\\\/wp-content\\\/uploads\\\/2025\\\/07\\\/Madagscar-Eau-de-coco-1-1200x480-1.jpg\",\"articleSection\":[\"Formation\"],\"inLanguage\":\"en-GB\",\"potentialAction\":[{\"@type\":\"CommentAction\",\"name\":\"Comment\",\"target\":[\"https:\\\/\\\/projets-solidaires.la-guilde.org\\\/le-retour-des-formations-de-la-guilde\\\/#respond\"]}]},{\"@type\":\"WebPage\",\"@id\":\"https:\\\/\\\/projets-solidaires.la-guilde.org\\\/le-retour-des-formations-de-la-guilde\\\/\",\"url\":\"https:\\\/\\\/projets-solidaires.la-guilde.org\\\/le-retour-des-formations-de-la-guilde\\\/\",\"name\":\"Le retour des formations de La Guilde - Microprojet La Guilde\",\"isPartOf\":{\"@id\":\"https:\\\/\\\/projets-solidaires.la-guilde.org\\\/#website\"},\"primaryImageOfPage\":{\"@id\":\"https:\\\/\\\/projets-solidaires.la-guilde.org\\\/le-retour-des-formations-de-la-guilde\\\/#primaryimage\"},\"image\":{\"@id\":\"https:\\\/\\\/projets-solidaires.la-guilde.org\\\/le-retour-des-formations-de-la-guilde\\\/#primaryimage\"},\"thumbnailUrl\":\"https:\\\/\\\/projets-solidaires.la-guilde.org\\\/wp-content\\\/uploads\\\/2025\\\/07\\\/Madagscar-Eau-de-coco-1-1200x480-1.jpg\",\"datePublished\":\"2023-07-09T13:28:48+00:00\",\"dateModified\":\"2025-07-11T13:36:11+00:00\",\"breadcrumb\":{\"@id\":\"https:\\\/\\\/projets-solidaires.la-guilde.org\\\/le-retour-des-formations-de-la-guilde\\\/#breadcrumb\"},\"inLanguage\":\"en-GB\",\"potentialAction\":[{\"@type\":\"ReadAction\",\"target\":[\"https:\\\/\\\/projets-solidaires.la-guilde.org\\\/le-retour-des-formations-de-la-guilde\\\/\"]}]},{\"@type\":\"ImageObject\",\"inLanguage\":\"en-GB\",\"@id\":\"https:\\\/\\\/projets-solidaires.la-guilde.org\\\/le-retour-des-formations-de-la-guilde\\\/#primaryimage\",\"url\":\"https:\\\/\\\/projets-solidaires.la-guilde.org\\\/wp-content\\\/uploads\\\/2025\\\/07\\\/Madagscar-Eau-de-coco-1-1200x480-1.jpg\",\"contentUrl\":\"https:\\\/\\\/projets-solidaires.la-guilde.org\\\/wp-content\\\/uploads\\\/2025\\\/07\\\/Madagscar-Eau-de-coco-1-1200x480-1.jpg\",\"width\":1200,\"height\":480},{\"@type\":\"BreadcrumbList\",\"@id\":\"https:\\\/\\\/projets-solidaires.la-guilde.org\\\/le-retour-des-formations-de-la-guilde\\\/#breadcrumb\",\"itemListElement\":[{\"@type\":\"ListItem\",\"position\":1,\"name\":\"Accueil\",\"item\":\"https:\\\/\\\/projets-solidaires.la-guilde.org\\\/\"},{\"@type\":\"ListItem\",\"position\":2,\"name\":\"Le retour des formations de La Guilde\"}]},{\"@type\":\"WebSite\",\"@id\":\"https:\\\/\\\/projets-solidaires.la-guilde.org\\\/#website\",\"url\":\"https:\\\/\\\/projets-solidaires.la-guilde.org\\\/\",\"name\":\"Microprojet La Guilde\",\"description\":\"\",\"publisher\":{\"@id\":\"https:\\\/\\\/projets-solidaires.la-guilde.org\\\/#organization\"},\"potentialAction\":[{\"@type\":\"SearchAction\",\"target\":{\"@type\":\"EntryPoint\",\"urlTemplate\":\"https:\\\/\\\/projets-solidaires.la-guilde.org\\\/?s={search_term_string}\"},\"query-input\":{\"@type\":\"PropertyValueSpecification\",\"valueRequired\":true,\"valueName\":\"search_term_string\"}}],\"inLanguage\":\"en-GB\"},{\"@type\":\"Organization\",\"@id\":\"https:\\\/\\\/projets-solidaires.la-guilde.org\\\/#organization\",\"name\":\"Microprojet La Guilde\",\"url\":\"https:\\\/\\\/projets-solidaires.la-guilde.org\\\/\",\"logo\":{\"@type\":\"ImageObject\",\"inLanguage\":\"en-GB\",\"@id\":\"https:\\\/\\\/projets-solidaires.la-guilde.org\\\/#\\\/schema\\\/logo\\\/image\\\/\",\"url\":\"https:\\\/\\\/projets-solidaires.la-guilde.org\\\/wp-content\\\/uploads\\\/2025\\\/05\\\/logo-la-guilde-projets-solidaires.png\",\"contentUrl\":\"https:\\\/\\\/projets-solidaires.la-guilde.org\\\/wp-content\\\/uploads\\\/2025\\\/05\\\/logo-la-guilde-projets-solidaires.png\",\"width\":396,\"height\":201,\"caption\":\"Microprojet La Guilde\"},\"image\":{\"@id\":\"https:\\\/\\\/projets-solidaires.la-guilde.org\\\/#\\\/schema\\\/logo\\\/image\\\/\"}},{\"@type\":\"Person\",\"@id\":\"https:\\\/\\\/projets-solidaires.la-guilde.org\\\/#\\\/schema\\\/person\\\/a1a7a8ab88783bd8e6164de7ec14b181\",\"name\":\"laguildemp\",\"image\":{\"@type\":\"ImageObject\",\"inLanguage\":\"en-GB\",\"@id\":\"https:\\\/\\\/secure.gravatar.com\\\/avatar\\\/5eb82fca917987808543c70328e7339a1c500ba9d2f9f1dd27a9e2e0f5b7c041?s=96&d=mm&r=g\",\"url\":\"https:\\\/\\\/secure.gravatar.com\\\/avatar\\\/5eb82fca917987808543c70328e7339a1c500ba9d2f9f1dd27a9e2e0f5b7c041?s=96&d=mm&r=g\",\"contentUrl\":\"https:\\\/\\\/secure.gravatar.com\\\/avatar\\\/5eb82fca917987808543c70328e7339a1c500ba9d2f9f1dd27a9e2e0f5b7c041?s=96&d=mm&r=g\",\"caption\":\"laguildemp\"}}]}<\/script>\n<!-- \/ Yoast SEO plugin. -->","yoast_head_json":{"title":"The return of La Guilde&#039;s training programs - La Guilde Microproject","robots":{"index":"index","follow":"follow","max-snippet":"max-snippet:-1","max-image-preview":"max-image-preview:large","max-video-preview":"max-video-preview:-1"},"canonical":"https:\/\/projets-solidaires.la-guilde.org\/en\/the-return-of-guild-training\/","schema":{"@context":"https:\/\/schema.org","@graph":[{"@type":"Article","@id":"https:\/\/projets-solidaires.la-guilde.org\/le-retour-des-formations-de-la-guilde\/#article","isPartOf":{"@id":"https:\/\/projets-solidaires.la-guilde.org\/le-retour-des-formations-de-la-guilde\/"},"author":{"name":"laguildemp","@id":"https:\/\/projets-solidaires.la-guilde.org\/#\/schema\/person\/a1a7a8ab88783bd8e6164de7ec14b181"},"headline":"Le retour des formations de La Guilde","datePublished":"2023-07-09T13:28:48+00:00","dateModified":"2025-07-11T13:36:11+00:00","mainEntityOfPage":{"@id":"https:\/\/projets-solidaires.la-guilde.org\/le-retour-des-formations-de-la-guilde\/"},"wordCount":607,"commentCount":0,"publisher":{"@id":"https:\/\/projets-solidaires.la-guilde.org\/#organization"},"image":{"@id":"https:\/\/projets-solidaires.la-guilde.org\/le-retour-des-formations-de-la-guilde\/#primaryimage"},"thumbnailUrl":"https:\/\/projets-solidaires.la-guilde.org\/wp-content\/uploads\/2025\/07\/Madagscar-Eau-de-coco-1-1200x480-1.jpg","articleSection":["Formation"],"inLanguage":"en-GB","potentialAction":[{"@type":"CommentAction","name":"Comment","target":["https:\/\/projets-solidaires.la-guilde.org\/le-retour-des-formations-de-la-guilde\/#respond"]}]},{"@type":"WebPage","@id":"https:\/\/projets-solidaires.la-guilde.org\/le-retour-des-formations-de-la-guilde\/","url":"https:\/\/projets-solidaires.la-guilde.org\/le-retour-des-formations-de-la-guilde\/","name":"The return of La Guilde&#039;s training programs - La Guilde Microproject","isPartOf":{"@id":"https:\/\/projets-solidaires.la-guilde.org\/#website"},"primaryImageOfPage":{"@id":"https:\/\/projets-solidaires.la-guilde.org\/le-retour-des-formations-de-la-guilde\/#primaryimage"},"image":{"@id":"https:\/\/projets-solidaires.la-guilde.org\/le-retour-des-formations-de-la-guilde\/#primaryimage"},"thumbnailUrl":"https:\/\/projets-solidaires.la-guilde.org\/wp-content\/uploads\/2025\/07\/Madagscar-Eau-de-coco-1-1200x480-1.jpg","datePublished":"2023-07-09T13:28:48+00:00","dateModified":"2025-07-11T13:36:11+00:00","breadcrumb":{"@id":"https:\/\/projets-solidaires.la-guilde.org\/le-retour-des-formations-de-la-guilde\/#breadcrumb"},"inLanguage":"en-GB","potentialAction":[{"@type":"ReadAction","target":["https:\/\/projets-solidaires.la-guilde.org\/le-retour-des-formations-de-la-guilde\/"]}]},{"@type":"ImageObject","inLanguage":"en-GB","@id":"https:\/\/projets-solidaires.la-guilde.org\/le-retour-des-formations-de-la-guilde\/#primaryimage","url":"https:\/\/projets-solidaires.la-guilde.org\/wp-content\/uploads\/2025\/07\/Madagscar-Eau-de-coco-1-1200x480-1.jpg","contentUrl":"https:\/\/projets-solidaires.la-guilde.org\/wp-content\/uploads\/2025\/07\/Madagscar-Eau-de-coco-1-1200x480-1.jpg","width":1200,"height":480},{"@type":"BreadcrumbList","@id":"https:\/\/projets-solidaires.la-guilde.org\/le-retour-des-formations-de-la-guilde\/#breadcrumb","itemListElement":[{"@type":"ListItem","position":1,"name":"Accueil","item":"https:\/\/projets-solidaires.la-guilde.org\/"},{"@type":"ListItem","position":2,"name":"Le retour des formations de La Guilde"}]},{"@type":"WebSite","@id":"https:\/\/projets-solidaires.la-guilde.org\/#website","url":"https:\/\/projets-solidaires.la-guilde.org\/","name":"La Guilde Microproject","description":"","publisher":{"@id":"https:\/\/projets-solidaires.la-guilde.org\/#organization"},"potentialAction":[{"@type":"SearchAction","target":{"@type":"EntryPoint","urlTemplate":"https:\/\/projets-solidaires.la-guilde.org\/?s={search_term_string}"},"query-input":{"@type":"PropertyValueSpecification","valueRequired":true,"valueName":"search_term_string"}}],"inLanguage":"en-GB"},{"@type":"Organization","@id":"https:\/\/projets-solidaires.la-guilde.org\/#organization","name":"La Guilde Microproject","url":"https:\/\/projets-solidaires.la-guilde.org\/","logo":{"@type":"ImageObject","inLanguage":"en-GB","@id":"https:\/\/projets-solidaires.la-guilde.org\/#\/schema\/logo\/image\/","url":"https:\/\/projets-solidaires.la-guilde.org\/wp-content\/uploads\/2025\/05\/logo-la-guilde-projets-solidaires.png","contentUrl":"https:\/\/projets-solidaires.la-guilde.org\/wp-content\/uploads\/2025\/05\/logo-la-guilde-projets-solidaires.png","width":396,"height":201,"caption":"Microprojet La Guilde"},"image":{"@id":"https:\/\/projets-solidaires.la-guilde.org\/#\/schema\/logo\/image\/"}},{"@type":"Person","@id":"https:\/\/projets-solidaires.la-guilde.org\/#\/schema\/person\/a1a7a8ab88783bd8e6164de7ec14b181","name":"laguildemp","image":{"@type":"ImageObject","inLanguage":"en-GB","@id":"https:\/\/secure.gravatar.com\/avatar\/5eb82fca917987808543c70328e7339a1c500ba9d2f9f1dd27a9e2e0f5b7c041?s=96&d=mm&r=g","url":"https:\/\/secure.gravatar.com\/avatar\/5eb82fca917987808543c70328e7339a1c500ba9d2f9f1dd27a9e2e0f5b7c041?s=96&d=mm&r=g","contentUrl":"https:\/\/secure.gravatar.com\/avatar\/5eb82fca917987808543c70328e7339a1c500ba9d2f9f1dd27a9e2e0f5b7c041?s=96&d=mm&r=g","caption":"laguildemp"}}]}},"publishpress_future_action":{"enabled":false,"date":"2026-05-08 16:40:09","action":"change-status","newStatus":"draft","terms":[],"taxonomy":"category","extraData":[]},"publishpress_future_workflow_manual_trigger":{"enabledWorkflows":[]},"_links":{"self":[{"href":"https:\/\/projets-solidaires.la-guilde.org\/en\/wp-json\/wp\/v2\/posts\/1942","targetHints":{"allow":["GET"]}}],"collection":[{"href":"https:\/\/projets-solidaires.la-guilde.org\/en\/wp-json\/wp\/v2\/posts"}],"about":[{"href":"https:\/\/projets-solidaires.la-guilde.org\/en\/wp-json\/wp\/v2\/types\/post"}],"author":[{"embeddable":true,"href":"https:\/\/projets-solidaires.la-guilde.org\/en\/wp-json\/wp\/v2\/users\/2"}],"replies":[{"embeddable":true,"href":"https:\/\/projets-solidaires.la-guilde.org\/en\/wp-json\/wp\/v2\/comments?post=1942"}],"version-history":[{"count":0,"href":"https:\/\/projets-solidaires.la-guilde.org\/en\/wp-json\/wp\/v2\/posts\/1942\/revisions"}],"wp:featuredmedia":[{"embeddable":true,"href":"https:\/\/projets-solidaires.la-guilde.org\/en\/wp-json\/wp\/v2\/media\/1965"}],"wp:attachment":[{"href":"https:\/\/projets-solidaires.la-guilde.org\/en\/wp-json\/wp\/v2\/media?parent=1942"}],"wp:term":[{"taxonomy":"category","embeddable":true,"href":"https:\/\/projets-solidaires.la-guilde.org\/en\/wp-json\/wp\/v2\/categories?post=1942"},{"taxonomy":"post_tag","embeddable":true,"href":"https:\/\/projets-solidaires.la-guilde.org\/en\/wp-json\/wp\/v2\/tags?post=1942"}],"curies":[{"name":"wp","href":"https:\/\/api.w.org\/{rel}","templated":true}]}}