{"id":1927,"date":"2024-07-09T12:45:51","date_gmt":"2024-07-09T12:45:51","guid":{"rendered":"https:\/\/preprod.projets-solidaires.la-guilde.org\/?p=1927"},"modified":"2025-10-14T08:30:16","modified_gmt":"2025-10-14T08:30:16","slug":"support-international-cooperation-of-overseas-associations-on-a-regional-scale","status":"publish","type":"post","link":"https:\/\/projets-solidaires.la-guilde.org\/en\/support-international-cooperation-of-overseas-associations-on-a-regional-scale\/","title":{"rendered":"Supporting international cooperation between French overseas associations at the regional level"},"content":{"rendered":"<p class=\"has-text-align-center\"><\/p>\n\n\n\n<h2 class=\"wp-block-heading has-text-align-center\">16 associations awarded the first call for projects of the COR\u00c9OM program<\/h2>\n\n\n\n<figure class=\"wp-block-image aligncenter size-large is-resized\"><img fetchpriority=\"high\" decoding=\"async\" width=\"1024\" height=\"497\" src=\"https:\/\/preprod.projets-solidaires.la-guilde.org\/wp-content\/uploads\/2025\/07\/image-1024x497.png\" alt=\"\" class=\"wp-image-1933\" style=\"width:435px;height:auto\" srcset=\"https:\/\/projets-solidaires.la-guilde.org\/wp-content\/uploads\/2025\/07\/image-1024x497.png 1024w, https:\/\/projets-solidaires.la-guilde.org\/wp-content\/uploads\/2025\/07\/image-300x146.png 300w, https:\/\/projets-solidaires.la-guilde.org\/wp-content\/uploads\/2025\/07\/image-768x373.png 768w, https:\/\/projets-solidaires.la-guilde.org\/wp-content\/uploads\/2025\/07\/image-1536x746.png 1536w, https:\/\/projets-solidaires.la-guilde.org\/wp-content\/uploads\/2025\/07\/image.png 1920w\" sizes=\"(max-width: 1024px) 100vw, 1024px\" \/><\/figure>\n\n\n\n<h2 class=\"wp-block-heading\">The essentials<\/h2>\n\n\n\n<p><strong><strong><strong><strong>Co-financed by the French Development Agency and the Fondation de France, the Overseas Regional Cooperation program (COR\u00c9OM) is implemented by the recognized public utility association La Guilde, an incubator of solidarity projects for nearly 40 years.<\/strong><\/strong><\/strong><\/strong>.<\/p>\n\n\n\n<ul class=\"wp-block-list\">\n<li>Launch in September 2024 of a call for projects to support regional cooperation and international solidarity initiatives led by associations of <strong>Guadeloupe, Guyana, Martinique, Mayotte<\/strong> and of <strong>There<\/strong> <strong>Meeting<\/strong>, in partnership with local structures.<\/li>\n<\/ul>\n\n\n\n<ul class=\"wp-block-list\">\n<li>With the support of the Interregional Conference of Regional Multi-Actor Networks (CIRRMA); Karib Horizon, 1<sup>er<\/sup> Overseas Regional Multi-Stakeholder Network; the Mayotte Environmental Education and Sustainable Development Network; and the support of the Unite Caribbean, 3A Conseils and D\u00e9veloppement Territoires Conseil structures.<\/li>\n<\/ul>\n\n\n\n<ul class=\"wp-block-list\">\n<li>Reception of more than <strong>100 expressions of interest<\/strong>, illustrating the richness of the associative fabric and the potential for regional and international cooperation in overseas territories.<\/li>\n<\/ul>\n\n\n\n<ul class=\"wp-block-list\">\n<li>Selection in December 2024 of <strong>16 winning projects for a total of \u20ac1M.<\/strong><\/li>\n<\/ul>\n\n\n\n<p class=\"has-text-align-center\">&#8212;&#8212;&#8212;&#8212;&#8212;&#8212;&#8212;&#8212;&#8212;&#8212;&#8212;<\/p>\n\n\n\n<p><strong>The grants awarded range from \u20ac28,000 to \u20ac120,000 per project, for a total amount of \u20ac1,062,579.<\/strong><\/p>\n\n\n\n<p>These projects, designed to take place on <strong>a maximum of 12 months<\/strong>, cover themes such as health, preservation of the environment and biodiversity, gender, culture, sport, urban planning, education in citizenship and international solidarity, etc. They will be deployed <strong>from February 2025 in a total of 16 countries<\/strong> different, mainly concentrated in the two regional basins (Indian Ocean and Caribbean\/Guiana Shelf).<br><br>The Guild and the various partners warmly thank all those involved in the support, the members of the selection committees involved in the various phases of instruction for their contribution to enriching the proposals and projects supported, and finally, naturally, for their investment, the <strong>107 organizations<\/strong> who have expressed interest in this initiative.<\/p>\n\n\n\n<div class=\"wp-block-columns is-layout-flex wp-container-core-columns-is-layout-28f84493 wp-block-columns-is-layout-flex\">\n<div class=\"wp-block-column is-vertically-aligned-center is-layout-flow wp-block-column-is-layout-flow\" style=\"flex-basis:50%\">\n<figure class=\"wp-block-image aligncenter size-full is-resized\"><img decoding=\"async\" src=\"https:\/\/www.portailsolidaire.org\/wp-content\/uploads\/2024\/09\/Logo_France_AFD_HD_RVB_FRA.png\" alt=\"\" class=\"wp-image-5541\" style=\"width:395px;height:178px\"\/><\/figure>\n<\/div>\n\n\n\n<div class=\"wp-block-column is-vertically-aligned-center is-layout-flow wp-block-column-is-layout-flow\" style=\"flex-basis:50%\">\n<figure class=\"wp-block-image aligncenter size-thumbnail is-resized\"><img decoding=\"async\" src=\"https:\/\/www.portailsolidaire.org\/wp-content\/uploads\/2024\/08\/278578507_358470846324201_7644276915520122889_n-150x150.jpg\" alt=\"Foundation of France logo\" class=\"wp-image-5484\" style=\"width:77px;height:77px\"\/><\/figure>\n<\/div>\n<\/div>\n\n\n\n<p><span style=\"color:#535659\" class=\"has-inline-color\">With the help of <\/span><\/p>\n\n\n\n<figure class=\"wp-block-image aligncenter size-full is-resized\"><img decoding=\"async\" src=\"https:\/\/www.portailsolidaire.org\/wp-content\/uploads\/2025\/01\/Capture-decran-2025-01-31-132919.png\" alt=\"\" class=\"wp-image-5862\"\/><\/figure>\n\n\n\n<div class=\"wp-block-group is-layout-flow wp-block-group-is-layout-flow\">\n<div class=\"wp-block-group is-layout-flow wp-block-group-is-layout-flow\">\n<div class=\"wp-block-group is-layout-flow wp-block-group-is-layout-flow\">\n<p class=\"has-text-align-center\">&#8212;&#8212;&#8212;&#8212;&#8212;&#8212;&#8212;&#8212;&#8212;&#8212;&#8212;<\/p>\n\n\n\n<p class=\"has-text-align-center\"><em>Discover the list of the 16 winning projects below<\/em><\/p>\n\n\n\n<p class=\"has-text-align-center\"><em>as well as a brief summary of their actions.<\/em><\/p>\n<\/div>\n\n\n\n<figure class=\"wp-block-image aligncenter size-full is-resized\"><img decoding=\"async\" src=\"https:\/\/www.portailsolidaire.org\/wp-content\/uploads\/2025\/01\/fleche.png\" alt=\"arrow\" class=\"wp-image-5843\" style=\"width:51px;height:auto\"\/><\/figure>\n<\/div>\n\n\n\n<figure class=\"wp-block-image aligncenter size-full\"><img decoding=\"async\" src=\"https:\/\/www.portailsolidaire.org\/wp-content\/uploads\/2025\/02\/Capture-decran-2025-02-06-103523.png\" alt=\"\" class=\"wp-image-5879\"\/><figcaption class=\"wp-element-caption\">List of the 16 winners of the COREOM call for projects <\/figcaption><\/figure>\n<\/div>\n\n\n\n<div class=\"wp-block-group is-layout-flow wp-block-group-is-layout-flow\">\n<div class=\"wp-block-group is-layout-flow wp-block-group-is-layout-flow\">\n<div class=\"wp-block-group is-layout-flow wp-block-group-is-layout-flow\">\n<div class=\"wp-block-group is-layout-flow wp-block-group-is-layout-flow\">\n<div class=\"wp-block-group is-layout-flow wp-block-group-is-layout-flow\">\n<div class=\"wp-block-group is-layout-flow wp-block-group-is-layout-flow\">\n<div class=\"wp-block-group is-layout-flow wp-block-group-is-layout-flow\">\n<h2 class=\"wp-block-heading\">The process<\/h2>\n\n\n\n<div class=\"wp-block-group is-layout-flow wp-block-group-is-layout-flow\">\n<p>Launched on September 10, 2024, the first phase, known as the \u201csimplified application,\u201d received 107 initiative notes in one month, distributed relatively equally between the \u201cIndian Ocean\u201d and \u201cAtlantic Ocean\u201d zones. This significant result demonstrates the interest of overseas associations in international cooperation and solidarity, as well as the dynamism of these actors, who are often not very visible outside their regional basins.<\/p>\n\n\n\n<p>Following a pre-selection committee, 41 associations meeting the eligibility criteria and guidelines presented by the system were invited to continue the application process by submitting a complete application. Each association was able to benefit from individualized support from local structures dedicated to the COR\u00c9OM program, for project development and the submission of grant applications.<\/p>\n\n\n\n<p>Each application submitted was then subjected to a four-part review process, first by the various program stakeholders and then by independent reviewers. The quality of the submitted projects was assessed based on various criteria (quality of initial needs analysis, relevance and coherence of the projects, capacity of the organizations and their partners to carry out the actions presented, governance of the project-leading association, etc.). In total, more than 40 reviewers contributed to the analysis of the applications received, providing a technical perspective as well as expertise on the dynamics of local development and international cooperation.<\/p>\n\n\n\n<p>Organized in Paris at the headquarters of the French Development Agency, the final selection committee was held on December 16, 2024, the day after the intense tropical cyclone Chido hit Mayotte. The committee brought together representatives from the AFD, the Fondation de France, and La Guilde, who had analyzed the applications, as well as the opinions expressed by the external instructors.<\/p>\n\n\n\n<p>Pending updated information on the situation on site, the committee was maintained and each file was presented and discussed among the various instructors. These discussions also provided an opportunity to put the expertise into perspective and suggest recommendations for each project.<\/p>\n<\/div>\n\n\n\n<p class=\"has-text-align-center\">More information and contact: <span class=\"has-inline-color has-vivid-cyan-blue-color\">coreom@la-guilde.org<\/span><\/p>\n\n\n\n<div class=\"wp-block-buttons is-content-justification-center is-layout-flex wp-container-core-buttons-is-layout-a89b3969 wp-block-buttons-is-layout-flex\">\n<div class=\"wp-block-button\"><a class=\"wp-block-button__link wp-element-button\">Download the official press release<\/a><\/div>\n<\/div>\n<\/div>\n<\/div>\n<\/div>\n<\/div>\n<\/div>\n<\/div>\n<\/div>\n\n\n\n<hr class=\"wp-block-separator has-css-opacity\"\/>\n\n\n\n<h2 class=\"wp-block-heading has-text-align-left\">Discover the winning projects<\/h2>\n\n\n\n<div class=\"wp-block-buttons is-content-justification-center is-layout-flex wp-container-core-buttons-is-layout-a89b3969 wp-block-buttons-is-layout-flex\"><\/div>\n\n\n\n<div class=\"wp-block-media-text alignwide is-stacked-on-mobile\" style=\"grid-template-columns:17% auto\"><figure class=\"wp-block-media-text__media\"><img decoding=\"async\" src=\"https:\/\/www.portailsolidaire.org\/wp-content\/uploads\/2025\/01\/Capture-decran-2025-01-29-123338.png\" alt=\"\" class=\"wp-image-5802 size-full\"\/><\/figure><div class=\"wp-block-media-text__content\">\n<p><strong>Bek La Barre Association | Reunion Island<\/strong><\/p>\n\n\n\n<p>In R\u00e9union Island, the Bek La Barre association has been using urban sports as a tool to mobilize young people towards their well-being since 2013. Following on from the first international cooperation actions initiated by the association in Soweto, South Africa, the project &quot;&nbsp;<em>Ubuntu Street Fit<\/em> \u00bb aims to support the development of street training in Umlazi, a township located southwest of Durban, to promote physical health, mental well-being and social cohesion among the young people who live there. Through the renovation of an existing site, the training of coaches in <em>street workout<\/em> and the exchange of practices between South African and Reunion Island athletes, the project aims to include sports practice and more particularly street training as a factor of personal development and socio-professional integration.<\/p>\n\n\n\n<p><em><em>The project is designed to last 10 months, for a total amount including valuations of 64,410 euros. The grant awarded by COR\u00c9OM amounts to 51,528 euros, or 80% of the total amount of the project.<\/em><\/em><\/p>\n\n\n\n<div class=\"wp-block-buttons is-content-justification-center is-layout-flex wp-container-core-buttons-is-layout-a89b3969 wp-block-buttons-is-layout-flex\">\n<div class=\"wp-block-button\"><a class=\"wp-block-button__link wp-element-button\" href=\"https:\/\/projets-solidaires.la-guilde.org\/wp-content\/uploads\/2025\/10\/BEK-LA-BARRE_PROJET-COREOM.pdf\">Discover the project sheet<\/a><\/div>\n<\/div>\n<\/div><\/div>\n\n\n\n<div class=\"wp-block-media-text alignwide has-media-on-the-right is-stacked-on-mobile\" style=\"grid-template-columns:auto 17%\"><div class=\"wp-block-media-text__content\">\n<p><strong>CEDEFOG Association \u2013 Guiana Forest Discovery Center | French Guiana<\/strong><\/p>\n\n\n\n<p>Through the project &quot;&nbsp;<em>Solidarity School Garden<\/em>&nbsp;\u00bb, the CEDEFOG association wishes to support the NGO SUWAMA, in Suriname in the relaunch of its educational solidarity garden program through the exchange and transmission of knowledge, know-how and technical skills in agronomy\/tropical agroforestry, management and preservation of biodiversity, permaculture, sustainable agriculture and the promotion\/use of local plants.<\/p>\n\n\n\n<p>With this project, CEDEFOG aims to actively participate in social integration and education for all, by promoting cultural and intergenerational diversity as well as the values of eco-citizenship and international solidarity. The project will also support the Kourou Child Welfare Agency in creating and maintaining a shared garden with young people and their host families, and five young people will be selected to participate in knowledge transfer workshops held in Suriname.<\/p>\n\n\n\n<p><em>The project is designed to last 11 months, for a total amount with valuations of 40,948 euros. The grant awarded by COR\u00c9OM amounts to 32,758 euros, or 80% of the total amount of the project.<\/em><\/p>\n\n\n\n<div class=\"wp-block-buttons is-content-justification-center is-layout-flex wp-container-core-buttons-is-layout-a89b3969 wp-block-buttons-is-layout-flex\">\n<div class=\"wp-block-button\"><a class=\"wp-block-button__link wp-element-button\" href=\"https:\/\/projets-solidaires.la-guilde.org\/wp-content\/uploads\/2025\/08\/Fiche_Projet_COREOM_CEDEFOG.pdf\">Discover the project sheet<\/a><\/div>\n<\/div>\n<\/div><figure class=\"wp-block-media-text__media\"><img decoding=\"async\" src=\"https:\/\/www.portailsolidaire.org\/wp-content\/uploads\/2025\/01\/CEDEFOG_Plantation-2_Credit-photo-E-Jeanty-768x1024.jpg\" alt=\"\" class=\"wp-image-5858 size-full\"\/><\/figure><\/div>\n\n\n\n<div class=\"wp-block-media-text alignwide is-stacked-on-mobile\" style=\"grid-template-columns:24% auto\"><figure class=\"wp-block-media-text__media\"><img decoding=\"async\" src=\"https:\/\/www.portailsolidaire.org\/wp-content\/uploads\/2025\/06\/WhatsApp-Image-2025-03-08-at-19.29.05-1024x768.jpeg\" alt=\"Participants preparing for a theater session\" class=\"wp-image-6066 size-full\"\/><\/figure><div class=\"wp-block-media-text__content\">\n<p><strong>Konbit | Martinique<\/strong><\/p>\n\n\n\n<p>The project &quot;<em> X=Y Theater&nbsp;<\/em>\u00bb aims to strengthen cooperation between organizations in Martinique and Saint Lucia working on issues of gender and gender-based and sexual violence (GBV). Through the sharing of innovative intervention methods, particularly social theater, the project aims to strengthen the links and intervention capacities of actors working on issues of gender and GBV. In the long term, the association aims to extend this practice to the entire Caribbean, by creating a sustainable regional network for the exchange of good practices on GBV and gender issues.<\/p>\n\n\n\n<p><em>The project is designed to last 11 months, for a total of<strong>total amount with valuations of 48,500 euros. The grant awarded by COR\u00c9OM amounts to 36,800 euros, or 76% of the total amount of the project.<\/strong><\/em><\/p>\n\n\n\n<div class=\"wp-block-buttons is-content-justification-center is-layout-flex wp-container-core-buttons-is-layout-a89b3969 wp-block-buttons-is-layout-flex\">\n<div class=\"wp-block-button\"><a class=\"wp-block-button__link wp-element-button\" href=\"https:\/\/projets-solidaires.la-guilde.org\/wp-content\/uploads\/2025\/08\/Fiche_Projet_COREOM_KONBIT.pdf\">Discover the project sheet<\/a><\/div>\n<\/div>\n<\/div><\/div>\n\n\n\n<div class=\"wp-block-group is-layout-flow wp-block-group-is-layout-flow\">\n<p><\/p>\n<\/div>\n\n\n\n<div class=\"wp-block-group is-layout-flow wp-block-group-is-layout-flow\">\n<div class=\"wp-block-media-text alignwide has-media-on-the-right is-stacked-on-mobile\" style=\"grid-template-columns:auto 28%\"><div class=\"wp-block-media-text__content\">\n<p><strong>Autism Reunion | Reunion Island<\/strong><\/p>\n\n\n\n<p>The project &quot; <em>Integrative approach to somatic care in autistic people<\/em>&nbsp;\u00bb aims to provide better access to care and improve the quality of life of autistic people and their caregivers. It is based on improving capacities through training general practitioners and specialists in the islands of Mauritius, Rodrigues, Madagascar, R\u00e9union and Mayotte, in the recognition of symptoms of somatic suffering in people with autism, as well as in their care, taking into account the specificities linked to autism spectrum disorders. This integrative approach is based on the joint use of conventional medicine, complementary medicine and \u201clifestyle\u201d medicine. In this same global approach, the project also integrates paramedical professionals so that they can improve their understanding and the response provided to the specific medical needs of this population.<\/p>\n\n\n\n<p><em>The project is designed to last 11 months, for a total amount including valuations of 83,622 euros. The grant awarded by COR\u00c9OM amounts to 66,898 euros, or 80% of the total amount of the project.<\/em><\/p>\n<\/div><figure class=\"wp-block-media-text__media\"><img decoding=\"async\" src=\"https:\/\/www.portailsolidaire.org\/wp-content\/uploads\/2025\/06\/IMG-20250407-WA0004-1024x768.jpg\" alt=\"Panel of participants at the World Autism Awareness Conference\" class=\"wp-image-6069 size-full\"\/><\/figure><\/div>\n<\/div>\n\n\n\n<div class=\"wp-block-buttons is-content-justification-center is-layout-flex wp-container-core-buttons-is-layout-a89b3969 wp-block-buttons-is-layout-flex\">\n<div class=\"wp-block-button\"><a class=\"wp-block-button__link wp-element-button\" href=\"https:\/\/projets-solidaires.la-guilde.org\/wp-content\/uploads\/2025\/08\/Fiche_Projet_COREOM_AUTISMEREUNION.pdf\">Discover the project sheet<\/a><\/div>\n<\/div>\n\n\n\n<div class=\"wp-block-media-text alignwide is-stacked-on-mobile\" style=\"grid-template-columns:28% auto\"><figure class=\"wp-block-media-text__media\"><img decoding=\"async\" width=\"960\" height=\"539\" src=\"https:\/\/projets-solidaires.la-guilde.org\/wp-content\/uploads\/2024\/07\/Photo-couverture-RS-ACP-Environnement.jpg\" alt=\"\" class=\"wp-image-4363 size-full\" srcset=\"https:\/\/projets-solidaires.la-guilde.org\/wp-content\/uploads\/2024\/07\/Photo-couverture-RS-ACP-Environnement.jpg 960w, https:\/\/projets-solidaires.la-guilde.org\/wp-content\/uploads\/2024\/07\/Photo-couverture-RS-ACP-Environnement-300x168.jpg 300w, https:\/\/projets-solidaires.la-guilde.org\/wp-content\/uploads\/2024\/07\/Photo-couverture-RS-ACP-Environnement-768x431.jpg 768w\" sizes=\"(max-width: 960px) 100vw, 960px\" \/><\/figure><div class=\"wp-block-media-text__content\">\n<p><strong><strong>ACP Environment | Guadeloupe<\/strong><\/strong><\/p>\n\n\n\n<p>The project &quot;<em>\u00a0Karibiodiv Dominica<\/em> \u00bb aims to strengthen the capacities of the Dominican partners of the ACP Environment association to develop an education and awareness program for the preservation of biodiversity. Based on support for the creation of educational tools and educational actions, knowledge sharing and field workshops, it aims to raise awareness among Dominican youth about the richness of biodiversity and the need to preserve fragile ecosystems in a Caribbean island context. The project also aims to contribute to strengthening cooperation between Guadeloupe and Dominica by creating a sustainable inter-island network between young Guadeloupeans and Dominicans, promoting the sharing of good conservation practices and monitoring and evaluation tools.<\/p>\n\n\n\n<p><em><em>The project is designed to last 11 months, for a total amount including valuations of 43,750 euros. The grant awarded by COR\u00c9OM amounts to 35,000 euros, or 80% of the total amount of the project.<\/em><\/em><\/p>\n<\/div><\/div>\n\n\n\n<div class=\"wp-block-buttons is-content-justification-center is-layout-flex wp-container-core-buttons-is-layout-a89b3969 wp-block-buttons-is-layout-flex\">\n<div class=\"wp-block-button\"><a class=\"wp-block-button__link wp-element-button\" href=\"https:\/\/projets-solidaires.la-guilde.org\/wp-content\/uploads\/2025\/07\/Fiche_Projet_COREOM_ACPENVIRONNEMENT.pdf\">Discover the project sheet<\/a><\/div>\n<\/div>\n\n\n\n<div class=\"wp-block-media-text alignwide has-media-on-the-right is-stacked-on-mobile\" style=\"grid-template-columns:auto 16%\"><div class=\"wp-block-media-text__content\">\n<p><strong>O&#039;SPHERE | Meeting<\/strong><\/p>\n\n\n\n<p>&quot;\u00a0<em>Antsanitia Sciences<\/em>&quot;, a collaborative project between the O-Sph\u00e8re association, the CCSTI Sciences R\u00e9union and the AMADA association, is based on access to culture and science to: develop young people&#039;s knowledge of biodiversity and their natural heritage; support the restoration and protection of natural habitats and biodiversity; reduce the geographical isolation experienced by the village community of Antsanitia.<\/p>\n\n\n\n<p>It is based on an educational project focused on the deployment of educational areas, the establishment of educational workshops and the organization of ecological activities and projects. It also plans to contribute to the dissemination of scientific culture by replicating the R\u00e9union Science Film Festival in Madagascar.<\/p>\n\n\n\n<p><em>The project is designed to last 11 months, for a total amount with valuations of 71,419 euros. The grant awarded by COR\u00c9OM amounts to 54,819 euros, or 77% of the total amount of the project.<\/em><\/p>\n\n\n\n<div class=\"wp-block-buttons is-content-justification-center is-layout-flex wp-container-core-buttons-is-layout-a89b3969 wp-block-buttons-is-layout-flex\">\n<div class=\"wp-block-button\"><a class=\"wp-block-button__link wp-element-button\" href=\"https:\/\/projets-solidaires.la-guilde.org\/wp-content\/uploads\/2025\/09\/Fiche_Projet_COREOM_OSPHERE.pdf\">Discover the project sheet<\/a><\/div>\n<\/div>\n<\/div><figure class=\"wp-block-media-text__media\"><img decoding=\"async\" src=\"https:\/\/www.portailsolidaire.org\/wp-content\/uploads\/2025\/01\/OSPHERE_Initiation-au-dessin-naturaliste-768x1024.jpg\" alt=\"\" class=\"wp-image-5854 size-full\"\/><\/figure><\/div>\n\n\n\n<div class=\"wp-block-group is-layout-flow wp-block-group-is-layout-flow\">\n<div class=\"wp-block-media-text alignwide is-stacked-on-mobile\" style=\"grid-template-columns:28% auto\"><figure class=\"wp-block-media-text__media\"><img decoding=\"async\" width=\"700\" height=\"1024\" src=\"https:\/\/projets-solidaires.la-guilde.org\/wp-content\/uploads\/2024\/07\/maurice-sept-700x1024.jpg\" alt=\"\" class=\"wp-image-4362 size-full\" srcset=\"https:\/\/projets-solidaires.la-guilde.org\/wp-content\/uploads\/2024\/07\/maurice-sept-700x1024.jpg 700w, https:\/\/projets-solidaires.la-guilde.org\/wp-content\/uploads\/2024\/07\/maurice-sept-205x300.jpg 205w, https:\/\/projets-solidaires.la-guilde.org\/wp-content\/uploads\/2024\/07\/maurice-sept-768x1123.jpg 768w, https:\/\/projets-solidaires.la-guilde.org\/wp-content\/uploads\/2024\/07\/maurice-sept.jpg 875w\" sizes=\"(max-width: 700px) 100vw, 700px\" \/><\/figure><div class=\"wp-block-media-text__content\">\n<p><strong>Agency for Equality between Women and Men | Reunion<\/strong><\/p>\n\n\n\n<p>The project &quot;\u00a0<em>Let&#039;s dare to try mixed sports in the Indian Ocean<\/em>\u00a0\u00bb is based on the conviction that sport constitutes a universal lever for educating the values of equality, mutual respect and cooperation. This project adopts a coordinated approach to promote diversity in sport and strengthen gender equality dynamics in the Indian Ocean region, while supporting a reflection on the organization of more gender-balanced sporting events in the &#039;Indian Ocean&#039; zone in the run-up to the island games planned for 2027.<strong>.<\/strong><\/p>\n\n\n\n<p>It is based on: raising awareness and mobilizing local stakeholders to lay the foundations for collective reflection on diversity in sport; promoting good practices and strengthening the skills of the sports movement and educational stakeholders for an egalitarian approach in physical and sports education and education in mutual respect; strengthening the network of stakeholders in the Indian Ocean countries (Madagascar, Mauritius, Comoros, R\u00e9union, Mayotte) for sustainable cooperation in favor of greater equality in sport.<\/p>\n\n\n\n<p><em>The project is designed to last 11 months, for a total amount with valuations of 149,560 euros. The grant awarded by COR\u00c9OM amounts to 119,000 euros, or 80% of the total amount of the project.<\/em><\/p>\n<\/div><\/div>\n<\/div>\n\n\n\n<div class=\"wp-block-buttons is-content-justification-center is-layout-flex wp-container-core-buttons-is-layout-a89b3969 wp-block-buttons-is-layout-flex\">\n<div class=\"wp-block-button\"><a class=\"wp-block-button__link wp-element-button\" href=\"https:\/\/projets-solidaires.la-guilde.org\/wp-content\/uploads\/2025\/10\/CHANCEGAL_PROJET-COREOM.pdf\">Discover the project sheet<\/a><\/div>\n<\/div>\n\n\n\n<div class=\"wp-block-media-text alignwide has-media-on-the-right is-stacked-on-mobile\" style=\"grid-template-columns:auto 30%\"><div class=\"wp-block-media-text__content\">\n<p><strong>ART.TERRE Mayotte | Mayotte<\/strong><\/p>\n\n\n\n<p>With its low environmental impact, its short supply chain, the immediate availability of raw materials and its ability to promote local know-how and mobilize regional labor, the &#039;stabilized compressed earth brick&#039; developed in Mayotte represents a major asset for local and regional construction in the face of the challenges of ecological transition and the shortage of quarry materials used in the manufacture of concrete.<\/p>\n\n\n\n<p>The project &quot;&nbsp;<em>Amateco&nbsp;<\/em>&quot;, led by a consortium composed of Art.Terre Mayotte and CRAterre, in partnership with the National Housing Agency and the National Laboratory of Public Works and Building of the Union of the Comoros, aims to contribute to the revival of the earth brick industry in the Comoros, which was aborted in 2010. It is based on strengthening the skills of those involved in the industry to promote their professionalization while promoting local know-how and training young people. The long-term objective is also to encourage construction sites to be part of a more sustainable local development dynamic. <\/p>\n\n\n\n<p><em>The project is designed to last 11 months, for a total amount with valuations of 84,373 euros. The grant awarded by COR\u00c9OM amounts to 67,431 euros, or 80% of the total amount of the project.<\/em>.<\/p>\n\n\n\n<div class=\"wp-block-buttons is-content-justification-center is-layout-flex wp-container-core-buttons-is-layout-a89b3969 wp-block-buttons-is-layout-flex\">\n<div class=\"wp-block-button\"><a class=\"wp-block-button__link wp-element-button\" href=\"https:\/\/projets-solidaires.la-guilde.org\/wp-content\/uploads\/2025\/08\/Fiche_Projet_COREOM_ARTTERRE.pdf\">Discover the project sheet<\/a><\/div>\n<\/div>\n<\/div><figure class=\"wp-block-media-text__media\"><img decoding=\"async\" src=\"https:\/\/www.portailsolidaire.org\/wp-content\/uploads\/2025\/01\/Capture-decran-2025-01-31-134000.png\" alt=\"\" class=\"wp-image-5864 size-full\"\/><\/figure><\/div>\n\n\n\n<div class=\"wp-block-media-text alignwide is-stacked-on-mobile\" style=\"grid-template-columns:18% auto\"><figure class=\"wp-block-media-text__media\"><img decoding=\"async\" src=\"https:\/\/www.portailsolidaire.org\/wp-content\/uploads\/2025\/01\/IMG_4566-768x1024.jpeg\" alt=\"\" class=\"wp-image-5859 size-full\"\/><\/figure><div class=\"wp-block-media-text__content\">\n<p><strong>Caribbean Cetacean Society<\/strong><\/p>\n\n\n\n<p>The project &quot;<em>&nbsp;Dolphin Pani Frontiers<\/em>&nbsp;\u00bb aims to strengthen cetacean conservation in the Lesser Antilles, targeting Montserrat, Dominica, Saint Lucia, Saint Vincent and the Grenadines, and Grenada. It aims to fill scientific gaps through the collection of standardized data; to strengthen the local capacities of stakeholders to sustainably manage these ecosystems through the promotion of sustainable practices such as responsible tourism; and to harmonize conservation efforts by contributing to the creation of shared governance for marine resources at the regional level.<\/p>\n\n\n\n<p>Conducted in collaboration with Ripples to Waves and the Dominica Sperm Whale Project, &quot;Dolphin Pani Frontiers&quot; aims to support the acquisition of knowledge about cetaceans in the program countries, to raise awareness and mobilize different audiences in favor of biodiversity protection and finally to strengthen local governance and support for public policies in favor of ocean preservation.<\/p>\n\n\n\n<p><em>The project is designed to last 10 months, for a total amount with valuations of 141,698 euros. The grant awarded by COR\u00c9OM amounts to 113,348 euros, or 80% of the total amount of the project.<\/em><\/p>\n\n\n\n<div class=\"wp-block-buttons is-content-justification-center is-layout-flex wp-container-core-buttons-is-layout-a89b3969 wp-block-buttons-is-layout-flex\">\n<div class=\"wp-block-button\"><a class=\"wp-block-button__link wp-element-button\" href=\"https:\/\/projets-solidaires.la-guilde.org\/wp-content\/uploads\/2025\/08\/Fiche_Projet_COREOM_CCS.pdf\">Discover the project sheet<\/a><\/div>\n<\/div>\n<\/div><\/div>\n\n\n\n<div class=\"wp-block-media-text alignwide has-media-on-the-right is-stacked-on-mobile\" style=\"grid-template-columns:auto 25%\"><div class=\"wp-block-media-text__content\">\n<p><strong><strong>Zofi Association | Martinique<\/strong><\/strong><\/p>\n\n\n\n<p>Resulting from a shared observation between cultural actors from Martinique, Saint Lucia and Dominica on the training needs and new economic models in the sector, the project &quot;&nbsp;<em>An Ba Lanm\u00e8: what binds us<\/em>&nbsp;\u00bb proposes an innovative approach aimed at revitalizing the cultural and economic links between these three territories while ensuring the preservation of Caribbean intangible cultural heritage.<\/p>\n\n\n\n<p>By mobilizing art and culture, this project aims to strengthen Caribbean cultural cooperation, to respond to the challenges of training and professional integration of young artists and to contribute to the economic development of the sector in a sustainable manner.&nbsp;<\/p>\n\n\n\n<p><em><em>The project is designed to last 11 months, for a total amount with valuations of 165,600 euros. The grant awarded by COR\u00c9OM amounts to 120,000 euros, or 72% of the total amount of the project.<\/em><\/em><\/p>\n\n\n\n<div class=\"wp-block-buttons is-content-justification-center is-layout-flex wp-container-core-buttons-is-layout-a89b3969 wp-block-buttons-is-layout-flex\">\n<div class=\"wp-block-button\"><a class=\"wp-block-button__link wp-element-button\" href=\"https:\/\/projets-solidaires.la-guilde.org\/wp-content\/uploads\/2025\/08\/Fiche_Projet_COREOM_ZOFI.pdf\">Discover the project sheet<\/a><\/div>\n<\/div>\n<\/div><figure class=\"wp-block-media-text__media\"><img loading=\"lazy\" decoding=\"async\" width=\"1009\" height=\"589\" src=\"https:\/\/projets-solidaires.la-guilde.org\/wp-content\/uploads\/2025\/10\/Mission-exploratoire_Zofi-Dominique.jpg\" alt=\"\" class=\"wp-image-4364 size-full\" srcset=\"https:\/\/projets-solidaires.la-guilde.org\/wp-content\/uploads\/2025\/10\/Mission-exploratoire_Zofi-Dominique.jpg 1009w, https:\/\/projets-solidaires.la-guilde.org\/wp-content\/uploads\/2025\/10\/Mission-exploratoire_Zofi-Dominique-300x175.jpg 300w, https:\/\/projets-solidaires.la-guilde.org\/wp-content\/uploads\/2025\/10\/Mission-exploratoire_Zofi-Dominique-768x448.jpg 768w\" sizes=\"(max-width: 1009px) 100vw, 1009px\" \/><\/figure><\/div>\n\n\n\n<div class=\"wp-block-buttons is-content-justification-center is-layout-flex wp-container-core-buttons-is-layout-a89b3969 wp-block-buttons-is-layout-flex\"><\/div>\n\n\n\n<div class=\"wp-block-media-text alignwide is-stacked-on-mobile is-vertically-aligned-center\" style=\"grid-template-columns:25% auto\"><figure class=\"wp-block-media-text__media\"><img decoding=\"async\" src=\"https:\/\/www.portailsolidaire.org\/wp-content\/uploads\/2025\/01\/GEPOG-savanes-1024x680.jpg\" alt=\"\" class=\"wp-image-5853 size-full\"\/><\/figure><div class=\"wp-block-media-text__content\">\n<p><strong>Group for the Study and Protection of Birds in Guyana (GEPOG) | Guyana<\/strong><\/p>\n\n\n\n<p>GEPOG and the South Rupununi Conservation Society in Guyana have been working for over 10 years to study and preserve the savannah ecosystem in consultation with local communities and stakeholders. The project&nbsp;<em>Regional cooperation between Guyana and Guyana for the preservation of savannas&nbsp;<\/em>\u00bb builds on their partnership to strengthen regional cooperation between the two territories. It is based on the organization of technical exchange missions and specific thematic meetings on the protection of biodiversity and savannahs in Guyana and French Guiana; the networking of partners from each association and the provision of resources and tools to promote the replication of scientific studies, participatory and community projects and environmental education projects.<\/p>\n\n\n\n<p><em>The project is being built over a period of 11 months, for a total amount including valuations of 47,820 euros. The grant awarded by COR\u00c9OM amounts to 38,256 euros, or 80% of the total amount of the project.<\/em><\/p>\n\n\n\n<div class=\"wp-block-buttons is-content-justification-center is-layout-flex wp-container-core-buttons-is-layout-a89b3969 wp-block-buttons-is-layout-flex\">\n<div class=\"wp-block-button\"><a class=\"wp-block-button__link wp-element-button\" href=\"https:\/\/projets-solidaires.la-guilde.org\/wp-content\/uploads\/2025\/08\/Fiche_Projet_COREOM_GEPOG.pdf\">Discover the project sheet<\/a><\/div>\n<\/div>\n<\/div><\/div>\n\n\n\n<div class=\"wp-block-media-text alignwide has-media-on-the-right is-stacked-on-mobile is-vertically-aligned-center\" style=\"grid-template-columns:auto 25%\"><div class=\"wp-block-media-text__content\">\n<p><strong><strong>House of Photography Guyana-Amazonia -MAZ (<strong><strong>Head in the pictures<\/strong><\/strong>) | French Guiana<\/strong><\/strong><\/p>\n\n\n\n<p>&quot;<em>&nbsp;Paneiro Luminoso<\/em>&nbsp;\u00bb, a collaborative project between the Maison de la photographie Guyane-Amazonie and the photography collective FotoAtiva de Bel\u00e9m, embodies a vision of education where art, and more specifically photography, are tools for resilience and territorial transformation to address social and environmental challenges, while promoting local identities. It values the local environment as a source of education, while stimulating personal expression and critical thinking through practical workshops around photography and light.<\/p>\n\n\n\n<p>By adapting national educational programs to the realities of remote or marginalized Amazonian populations through the introduction of an interdisciplinary educational system in the school setting, Maleta Luminosa aims to reconnect these communities to their identity and their territory in order to contribute to their resilience.<\/p>\n\n\n\n<p><em>The project is being built over a period of 11 months, for a total amount with valuations of 128,990 euros. The grant awarded by COR\u00c9OM amounts to 84,589 euros, or 66% of the total amount of the project.<\/em><\/p>\n\n\n\n<p><\/p>\n\n\n\n<div class=\"wp-block-buttons is-content-justification-center is-layout-flex wp-container-core-buttons-is-layout-a89b3969 wp-block-buttons-is-layout-flex\">\n<div class=\"wp-block-button\"><a class=\"wp-block-button__link wp-element-button\" href=\"https:\/\/projets-solidaires.la-guilde.org\/wp-content\/uploads\/2025\/10\/Fiche_Projet_COREOM_MAZ.pdf\">Discover the project sheet<\/a><\/div>\n<\/div>\n<\/div><figure class=\"wp-block-media-text__media\"><img loading=\"lazy\" decoding=\"async\" width=\"1024\" height=\"683\" src=\"https:\/\/projets-solidaires.la-guilde.org\/wp-content\/uploads\/2024\/07\/Mallette-pedagogique-citoyennete-a-lecole-1024x683.webp\" alt=\"\" class=\"wp-image-4365 size-full\" srcset=\"https:\/\/projets-solidaires.la-guilde.org\/wp-content\/uploads\/2024\/07\/Mallette-pedagogique-citoyennete-a-lecole-1024x683.webp 1024w, https:\/\/projets-solidaires.la-guilde.org\/wp-content\/uploads\/2024\/07\/Mallette-pedagogique-citoyennete-a-lecole-300x200.webp 300w, https:\/\/projets-solidaires.la-guilde.org\/wp-content\/uploads\/2024\/07\/Mallette-pedagogique-citoyennete-a-lecole-768x512.webp 768w, https:\/\/projets-solidaires.la-guilde.org\/wp-content\/uploads\/2024\/07\/Mallette-pedagogique-citoyennete-a-lecole-1536x1024.webp 1536w, https:\/\/projets-solidaires.la-guilde.org\/wp-content\/uploads\/2024\/07\/Mallette-pedagogique-citoyennete-a-lecole.webp 1920w\" sizes=\"(max-width: 1024px) 100vw, 1024px\" \/><\/figure><\/div>\n\n\n\n<div class=\"wp-block-media-text alignwide is-stacked-on-mobile\" style=\"grid-template-columns:30% auto\"><figure class=\"wp-block-media-text__media\"><img decoding=\"async\" src=\"https:\/\/www.portailsolidaire.org\/wp-content\/uploads\/2025\/01\/Event-7-animation-peda-2021.07.151-1024x682.jpg\" alt=\"NRG-pedagogy-project\" class=\"wp-image-5813 size-full\"\/><\/figure><div class=\"wp-block-media-text__content\">\n<p><strong>Nature Rights Guyana | Guyana<\/strong><\/p>\n\n\n\n<p>&quot;&nbsp;<em>Trans-Amazonia Agroforestry System (SAF)<\/em>&nbsp;\u00bb is a cooperation project between French Guiana and the regions of Amapa and Para (Macapa and Bel\u00e9m) in Brazil, based on a partnership between Nature Rights Guyane, the Forest Knowledge Network, and the Tom\u00e9 A\u00e7u Agricultural Cooperative. Its objectives are to promote syntropic agroforestry practices and support local initiatives that implement these sustainable agricultural systems.<\/p>\n\n\n\n<p>&quot;SAF Trans-Amazonia&quot; has three main objectives: supporting local initiatives and increasing the skills of local stakeholders; raising awareness of the challenges of preserving forest ecosystems through sustainable agricultural models; and strengthening cooperation dynamics between French Guiana and the Amazonian states of Brazil in the face of these challenges. It also includes an agronomic component supported by the National Institute for Research on Agriculture, Food and the Environment Antilles-Guyane and its Brazilian counterpart, Embrapa.<\/p>\n\n\n\n<p><em>The project is being built over a period of 11 months, for a total amount including valuations of 102,300 euros. The grant awarded by COR\u00c9OM amounts to 74,300 euros, or 66% of the total amount of the project.<\/em><\/p>\n\n\n\n<div class=\"wp-block-buttons is-content-justification-center is-layout-flex wp-container-core-buttons-is-layout-a89b3969 wp-block-buttons-is-layout-flex\">\n<div class=\"wp-block-button\"><a class=\"wp-block-button__link wp-element-button\" href=\"https:\/\/projets-solidaires.la-guilde.org\/wp-content\/uploads\/2025\/08\/Fiche_Projet_COREOM_NATURERIGHTS.pdf\">Discover the project sheet<\/a><\/div>\n<\/div>\n<\/div><\/div>\n\n\n\n<div class=\"wp-block-media-text alignwide is-stacked-on-mobile\" style=\"grid-template-columns:30% auto\"><figure class=\"wp-block-media-text__media\"><img decoding=\"async\" src=\"https:\/\/www.portailsolidaire.org\/wp-content\/uploads\/2025\/01\/Capture-decran-2025-01-31-135005.png\" alt=\"\" class=\"wp-image-5865 size-full\"\/><\/figure><div class=\"wp-block-media-text__content\">\n<p><strong>F&#039;KR\u00c9YOL | Martinique<\/strong><\/p>\n\n\n\n<p>Faced with the observation of a marginalization of Creole languages and cultural practices in educational systems and in public life, the project &quot;&nbsp;<em>Karakolor<\/em>&nbsp;\u00bb aims to promote multilingualism through linguistic and cultural exploration in several Creole-speaking countries in the Caribbean and Africa.&nbsp;<\/p>\n\n\n\n<p>Through a series of workshops, meetings and artistic events, the project aims to: promote Creole languages in the target countries and strengthen their integration into local educational programs; strengthen the oratory and linguistic skills of young people and adults as well as intergenerational and cultural links within Creole-speaking communities and stimulate creative expression in Creole languages in the artistic sector, thus contributing to the international recognition of Creole cultural practices and their influence beyond their borders.<\/p>\n\n\n\n<p><em>The project is being built over a period of 11 months, for a total amount including valuations of 147,000 euros. The grant awarded by COR\u00c9OM amounts to 60,000 euros, or 37% of the total amount of the project.<\/em><\/p>\n\n\n\n<div class=\"wp-block-buttons is-content-justification-center is-layout-flex wp-container-core-buttons-is-layout-a89b3969 wp-block-buttons-is-layout-flex\">\n<div class=\"wp-block-button\"><a class=\"wp-block-button__link wp-element-button\" href=\"https:\/\/projets-solidaires.la-guilde.org\/wp-content\/uploads\/2025\/09\/Fiche_Projet_COREOM_FKREYOL.pdf\">Discover the project sheet<\/a><\/div>\n<\/div>\n<\/div><\/div>\n\n\n\n<div class=\"wp-block-media-text alignwide has-media-on-the-right is-stacked-on-mobile\" style=\"grid-template-columns:auto 30%\"><div class=\"wp-block-media-text__content\">\n<p><strong>Kazyadance \u2013 The Kingdom | Mayotte<\/strong><\/p>\n\n\n\n<p>Since 2019, the Kazyadance association has been offering an artistic laboratory in its premises in Mayotte aimed at supporting the research and professionalization of young Mahorais in the performing arts professions. The project &quot;&nbsp;<em>TransENdanse<\/em>&quot; is part of the continuity of this laboratory, by integrating a component of international solidarity with the Democratic Republic of Congo.<\/p>\n\n\n\n<p>In partnership with Kongodrama, a cultural association in Kinshasa, TransENdanses aims to support young Congolese and Mahoran people in an original creative process aimed at professional integration. It complements the educational and artistic approach already proposed by Kazyadance, by allowing young people to acquire skills related to artistic creation, project development, and the conduct of artistic and cultural education activities by exploring the aesthetics of other countries. Through this process, it is also intended to facilitate their acquisition of related skills developed through these activities (confidence and self-esteem, interpersonal skills, open-mindedness, discipline and humility, attention to others, etc.) by mobilizing in particular the tools and methods of education for citizenship and international solidarity.<\/p>\n\n\n\n<p><em>The project is being built over a period of 11 months, for a total amount with valuations of 121,841 euros. The grant awarded by COR\u00c9OM amounts to 79,724 euros, or 65% of the total amount of the project.<\/em><\/p>\n\n\n\n<div class=\"wp-block-buttons is-content-justification-center is-layout-flex wp-container-core-buttons-is-layout-a89b3969 wp-block-buttons-is-layout-flex\">\n<div class=\"wp-block-button\"><a class=\"wp-block-button__link wp-element-button\" href=\"https:\/\/projets-solidaires.la-guilde.org\/wp-content\/uploads\/2025\/10\/Fiche_Projet_COREOM_KAZYADANSE.pdf\">Discover the project sheet<\/a><\/div>\n<\/div>\n<\/div><figure class=\"wp-block-media-text__media\"><img decoding=\"async\" src=\"https:\/\/www.portailsolidaire.org\/wp-content\/uploads\/2025\/01\/Kazyadance_RDF_Labo-1024x677.png\" alt=\"\" class=\"wp-image-5857 size-full\"\/><\/figure><\/div>\n\n\n\n<div class=\"wp-block-media-text alignwide is-stacked-on-mobile\" style=\"grid-template-columns:15% auto\"><figure class=\"wp-block-media-text__media\"><img decoding=\"async\" src=\"https:\/\/www.portailsolidaire.org\/wp-content\/uploads\/2025\/01\/Ass-Tsiky-Bel-128-683x1024.jpg\" alt=\"tsiky-project-first-aid\" class=\"wp-image-5811 size-full\"\/><\/figure><div class=\"wp-block-media-text__content\">\n<p><strong>Tsiky | Reunion Island<\/strong><\/p>\n\n\n\n<p>In Madagascar, where 55% of the population lives more than 5 km from a health center, domestic and school accidents represent a major cause of infant mortality. Faced with these challenges, the project &quot; <em>Access to first aid in primary schools in Majunga<\/em> \u00bb aims to improve child safety in the Boeny region by increasing access to emergency care. Deployed in partnership with local health and education institutions, it is based on training teachers and medical staff in first aid; passing it on to students to increase accident prevention; and equipping them with durable emergency kits.<\/p>\n\n\n\n<p><em>The project is being built over a period of 11 months, for a total amount including valuations of 35,160 euros. The grant awarded by COR\u00c9OM amounts to 28,128 euros, or 80% of the total amount of the project.<\/em><\/p>\n<\/div><\/div>\n\n\n\n<div class=\"wp-block-buttons is-content-justification-center is-layout-flex wp-container-core-buttons-is-layout-a89b3969 wp-block-buttons-is-layout-flex\">\n<div class=\"wp-block-button\"><a class=\"wp-block-button__link wp-element-button\" href=\"https:\/\/projets-solidaires.la-guilde.org\/wp-content\/uploads\/2025\/10\/TSIKY_PROJET-COREOM.pdf\">Discover the project sheet<\/a><\/div>\n<\/div>\n\n\n\n<p><\/p>","protected":false},"excerpt":{"rendered":"<p>16 associations laur\u00e9ates du premier appel \u00e0 projets du programme COR\u00c9OM L&rsquo;essentiel Cofinanc\u00e9 par l\u2019Agence fran\u00e7aise de d\u00e9veloppement et la Fondation de France, le programme de Coop\u00e9rations r\u00e9gionales ultramarines (COR\u00c9OM) est mis en \u0153uvre par l\u2019association reconnue d\u2019utilit\u00e9 publique La Guilde, incubatrice de projets solidaires depuis pr\u00e8s de 40 ans. &#8212;&#8212;&#8212;&#8212;&#8212;&#8212;&#8212;&#8212;&#8212;&#8212;&#8212; Les subventions attribu\u00e9es vont [&hellip;]<\/p>\n","protected":false},"author":2,"featured_media":1932,"comment_status":"open","ping_status":"open","sticky":false,"template":"","format":"standard","meta":{"inline_featured_image":false,"footnotes":""},"categories":[39,50,1006],"tags":[],"class_list":["post-1927","post","type-post","status-publish","format-standard","has-post-thumbnail","hentry","category-actualite-porteur","category-appel-a-projet","category-laureat"],"yoast_head":"<!-- This site is optimized with the Yoast SEO plugin v27.3 - https:\/\/yoast.com\/product\/yoast-seo-wordpress\/ -->\n<title>Soutenir la coop\u00e9ration internationale des associations ultramarines fran\u00e7aises \u00e0 l\u2019\u00e9chelle r\u00e9gionale - Microprojet La Guilde<\/title>\n<meta name=\"description\" content=\"D\u00e9couvrez les 16 associations laur\u00e9ates du premier appel \u00e0 projets du programme Coop\u00e9rations R\u00e9gionales des Outre-Mer | COR\u00c9OM\" \/>\n<meta name=\"robots\" content=\"index, follow, max-snippet:-1, max-image-preview:large, max-video-preview:-1\" \/>\n<link rel=\"canonical\" href=\"https:\/\/projets-solidaires.la-guilde.org\/en\/support-international-cooperation-of-overseas-associations-on-a-regional-scale\/\" \/>\n<script type=\"application\/ld+json\" class=\"yoast-schema-graph\">{\"@context\":\"https:\\\/\\\/schema.org\",\"@graph\":[{\"@type\":\"Article\",\"@id\":\"https:\\\/\\\/projets-solidaires.la-guilde.org\\\/soutenir-la-cooperation-internationale-des-associations-ultramarines-a-echelle-regionale\\\/#article\",\"isPartOf\":{\"@id\":\"https:\\\/\\\/projets-solidaires.la-guilde.org\\\/soutenir-la-cooperation-internationale-des-associations-ultramarines-a-echelle-regionale\\\/\"},\"author\":{\"name\":\"laguildemp\",\"@id\":\"https:\\\/\\\/projets-solidaires.la-guilde.org\\\/#\\\/schema\\\/person\\\/a1a7a8ab88783bd8e6164de7ec14b181\"},\"headline\":\"Soutenir la coop\u00e9ration internationale des associations ultramarines fran\u00e7aises \u00e0 l\u2019\u00e9chelle r\u00e9gionale\",\"datePublished\":\"2024-07-09T12:45:51+00:00\",\"dateModified\":\"2025-10-14T08:30:16+00:00\",\"mainEntityOfPage\":{\"@id\":\"https:\\\/\\\/projets-solidaires.la-guilde.org\\\/soutenir-la-cooperation-internationale-des-associations-ultramarines-a-echelle-regionale\\\/\"},\"wordCount\":4036,\"commentCount\":0,\"publisher\":{\"@id\":\"https:\\\/\\\/projets-solidaires.la-guilde.org\\\/#organization\"},\"image\":{\"@id\":\"https:\\\/\\\/projets-solidaires.la-guilde.org\\\/soutenir-la-cooperation-internationale-des-associations-ultramarines-a-echelle-regionale\\\/#primaryimage\"},\"thumbnailUrl\":\"https:\\\/\\\/projets-solidaires.la-guilde.org\\\/wp-content\\\/uploads\\\/2025\\\/07\\\/Logo-officiel-2.png\",\"articleSection\":[\"Actualit\u00e9 porteur\",\"Appel \u00e0 projets\",\"Laur\u00e9at\"],\"inLanguage\":\"en-GB\",\"potentialAction\":[{\"@type\":\"CommentAction\",\"name\":\"Comment\",\"target\":[\"https:\\\/\\\/projets-solidaires.la-guilde.org\\\/soutenir-la-cooperation-internationale-des-associations-ultramarines-a-echelle-regionale\\\/#respond\"]}]},{\"@type\":\"WebPage\",\"@id\":\"https:\\\/\\\/projets-solidaires.la-guilde.org\\\/soutenir-la-cooperation-internationale-des-associations-ultramarines-a-echelle-regionale\\\/\",\"url\":\"https:\\\/\\\/projets-solidaires.la-guilde.org\\\/soutenir-la-cooperation-internationale-des-associations-ultramarines-a-echelle-regionale\\\/\",\"name\":\"Soutenir la coop\u00e9ration internationale des associations ultramarines fran\u00e7aises \u00e0 l\u2019\u00e9chelle r\u00e9gionale - Microprojet La Guilde\",\"isPartOf\":{\"@id\":\"https:\\\/\\\/projets-solidaires.la-guilde.org\\\/#website\"},\"primaryImageOfPage\":{\"@id\":\"https:\\\/\\\/projets-solidaires.la-guilde.org\\\/soutenir-la-cooperation-internationale-des-associations-ultramarines-a-echelle-regionale\\\/#primaryimage\"},\"image\":{\"@id\":\"https:\\\/\\\/projets-solidaires.la-guilde.org\\\/soutenir-la-cooperation-internationale-des-associations-ultramarines-a-echelle-regionale\\\/#primaryimage\"},\"thumbnailUrl\":\"https:\\\/\\\/projets-solidaires.la-guilde.org\\\/wp-content\\\/uploads\\\/2025\\\/07\\\/Logo-officiel-2.png\",\"datePublished\":\"2024-07-09T12:45:51+00:00\",\"dateModified\":\"2025-10-14T08:30:16+00:00\",\"description\":\"D\u00e9couvrez les 16 associations laur\u00e9ates du premier appel \u00e0 projets du programme Coop\u00e9rations R\u00e9gionales des Outre-Mer | COR\u00c9OM\",\"breadcrumb\":{\"@id\":\"https:\\\/\\\/projets-solidaires.la-guilde.org\\\/soutenir-la-cooperation-internationale-des-associations-ultramarines-a-echelle-regionale\\\/#breadcrumb\"},\"inLanguage\":\"en-GB\",\"potentialAction\":[{\"@type\":\"ReadAction\",\"target\":[\"https:\\\/\\\/projets-solidaires.la-guilde.org\\\/soutenir-la-cooperation-internationale-des-associations-ultramarines-a-echelle-regionale\\\/\"]}]},{\"@type\":\"ImageObject\",\"inLanguage\":\"en-GB\",\"@id\":\"https:\\\/\\\/projets-solidaires.la-guilde.org\\\/soutenir-la-cooperation-internationale-des-associations-ultramarines-a-echelle-regionale\\\/#primaryimage\",\"url\":\"https:\\\/\\\/projets-solidaires.la-guilde.org\\\/wp-content\\\/uploads\\\/2025\\\/07\\\/Logo-officiel-2.png\",\"contentUrl\":\"https:\\\/\\\/projets-solidaires.la-guilde.org\\\/wp-content\\\/uploads\\\/2025\\\/07\\\/Logo-officiel-2.png\",\"width\":1920,\"height\":932},{\"@type\":\"BreadcrumbList\",\"@id\":\"https:\\\/\\\/projets-solidaires.la-guilde.org\\\/soutenir-la-cooperation-internationale-des-associations-ultramarines-a-echelle-regionale\\\/#breadcrumb\",\"itemListElement\":[{\"@type\":\"ListItem\",\"position\":1,\"name\":\"Accueil\",\"item\":\"https:\\\/\\\/projets-solidaires.la-guilde.org\\\/\"},{\"@type\":\"ListItem\",\"position\":2,\"name\":\"Soutenir la coop\u00e9ration internationale des associations ultramarines fran\u00e7aises \u00e0 l\u2019\u00e9chelle r\u00e9gionale\"}]},{\"@type\":\"WebSite\",\"@id\":\"https:\\\/\\\/projets-solidaires.la-guilde.org\\\/#website\",\"url\":\"https:\\\/\\\/projets-solidaires.la-guilde.org\\\/\",\"name\":\"Microprojet La Guilde\",\"description\":\"\",\"publisher\":{\"@id\":\"https:\\\/\\\/projets-solidaires.la-guilde.org\\\/#organization\"},\"potentialAction\":[{\"@type\":\"SearchAction\",\"target\":{\"@type\":\"EntryPoint\",\"urlTemplate\":\"https:\\\/\\\/projets-solidaires.la-guilde.org\\\/?s={search_term_string}\"},\"query-input\":{\"@type\":\"PropertyValueSpecification\",\"valueRequired\":true,\"valueName\":\"search_term_string\"}}],\"inLanguage\":\"en-GB\"},{\"@type\":\"Organization\",\"@id\":\"https:\\\/\\\/projets-solidaires.la-guilde.org\\\/#organization\",\"name\":\"Microprojet La Guilde\",\"url\":\"https:\\\/\\\/projets-solidaires.la-guilde.org\\\/\",\"logo\":{\"@type\":\"ImageObject\",\"inLanguage\":\"en-GB\",\"@id\":\"https:\\\/\\\/projets-solidaires.la-guilde.org\\\/#\\\/schema\\\/logo\\\/image\\\/\",\"url\":\"https:\\\/\\\/projets-solidaires.la-guilde.org\\\/wp-content\\\/uploads\\\/2025\\\/05\\\/logo-la-guilde-projets-solidaires.png\",\"contentUrl\":\"https:\\\/\\\/projets-solidaires.la-guilde.org\\\/wp-content\\\/uploads\\\/2025\\\/05\\\/logo-la-guilde-projets-solidaires.png\",\"width\":396,\"height\":201,\"caption\":\"Microprojet La Guilde\"},\"image\":{\"@id\":\"https:\\\/\\\/projets-solidaires.la-guilde.org\\\/#\\\/schema\\\/logo\\\/image\\\/\"}},{\"@type\":\"Person\",\"@id\":\"https:\\\/\\\/projets-solidaires.la-guilde.org\\\/#\\\/schema\\\/person\\\/a1a7a8ab88783bd8e6164de7ec14b181\",\"name\":\"laguildemp\",\"image\":{\"@type\":\"ImageObject\",\"inLanguage\":\"en-GB\",\"@id\":\"https:\\\/\\\/secure.gravatar.com\\\/avatar\\\/5eb82fca917987808543c70328e7339a1c500ba9d2f9f1dd27a9e2e0f5b7c041?s=96&d=mm&r=g\",\"url\":\"https:\\\/\\\/secure.gravatar.com\\\/avatar\\\/5eb82fca917987808543c70328e7339a1c500ba9d2f9f1dd27a9e2e0f5b7c041?s=96&d=mm&r=g\",\"contentUrl\":\"https:\\\/\\\/secure.gravatar.com\\\/avatar\\\/5eb82fca917987808543c70328e7339a1c500ba9d2f9f1dd27a9e2e0f5b7c041?s=96&d=mm&r=g\",\"caption\":\"laguildemp\"}}]}<\/script>\n<!-- \/ Yoast SEO plugin. -->","yoast_head_json":{"title":"Supporting international cooperation between French overseas associations at the regional level - La Guilde microproject","description":"Discover the 16 winning associations of the first call for projects of the Overseas Regional Cooperation program | COR\u00c9OM","robots":{"index":"index","follow":"follow","max-snippet":"max-snippet:-1","max-image-preview":"max-image-preview:large","max-video-preview":"max-video-preview:-1"},"canonical":"https:\/\/projets-solidaires.la-guilde.org\/en\/support-international-cooperation-of-overseas-associations-on-a-regional-scale\/","schema":{"@context":"https:\/\/schema.org","@graph":[{"@type":"Article","@id":"https:\/\/projets-solidaires.la-guilde.org\/soutenir-la-cooperation-internationale-des-associations-ultramarines-a-echelle-regionale\/#article","isPartOf":{"@id":"https:\/\/projets-solidaires.la-guilde.org\/soutenir-la-cooperation-internationale-des-associations-ultramarines-a-echelle-regionale\/"},"author":{"name":"laguildemp","@id":"https:\/\/projets-solidaires.la-guilde.org\/#\/schema\/person\/a1a7a8ab88783bd8e6164de7ec14b181"},"headline":"Soutenir la coop\u00e9ration internationale des associations ultramarines fran\u00e7aises \u00e0 l\u2019\u00e9chelle r\u00e9gionale","datePublished":"2024-07-09T12:45:51+00:00","dateModified":"2025-10-14T08:30:16+00:00","mainEntityOfPage":{"@id":"https:\/\/projets-solidaires.la-guilde.org\/soutenir-la-cooperation-internationale-des-associations-ultramarines-a-echelle-regionale\/"},"wordCount":4036,"commentCount":0,"publisher":{"@id":"https:\/\/projets-solidaires.la-guilde.org\/#organization"},"image":{"@id":"https:\/\/projets-solidaires.la-guilde.org\/soutenir-la-cooperation-internationale-des-associations-ultramarines-a-echelle-regionale\/#primaryimage"},"thumbnailUrl":"https:\/\/projets-solidaires.la-guilde.org\/wp-content\/uploads\/2025\/07\/Logo-officiel-2.png","articleSection":["Actualit\u00e9 porteur","Appel \u00e0 projets","Laur\u00e9at"],"inLanguage":"en-GB","potentialAction":[{"@type":"CommentAction","name":"Comment","target":["https:\/\/projets-solidaires.la-guilde.org\/soutenir-la-cooperation-internationale-des-associations-ultramarines-a-echelle-regionale\/#respond"]}]},{"@type":"WebPage","@id":"https:\/\/projets-solidaires.la-guilde.org\/soutenir-la-cooperation-internationale-des-associations-ultramarines-a-echelle-regionale\/","url":"https:\/\/projets-solidaires.la-guilde.org\/soutenir-la-cooperation-internationale-des-associations-ultramarines-a-echelle-regionale\/","name":"Supporting international cooperation between French overseas associations at the regional level - La Guilde microproject","isPartOf":{"@id":"https:\/\/projets-solidaires.la-guilde.org\/#website"},"primaryImageOfPage":{"@id":"https:\/\/projets-solidaires.la-guilde.org\/soutenir-la-cooperation-internationale-des-associations-ultramarines-a-echelle-regionale\/#primaryimage"},"image":{"@id":"https:\/\/projets-solidaires.la-guilde.org\/soutenir-la-cooperation-internationale-des-associations-ultramarines-a-echelle-regionale\/#primaryimage"},"thumbnailUrl":"https:\/\/projets-solidaires.la-guilde.org\/wp-content\/uploads\/2025\/07\/Logo-officiel-2.png","datePublished":"2024-07-09T12:45:51+00:00","dateModified":"2025-10-14T08:30:16+00:00","description":"Discover the 16 winning associations of the first call for projects of the Overseas Regional Cooperation program | COR\u00c9OM","breadcrumb":{"@id":"https:\/\/projets-solidaires.la-guilde.org\/soutenir-la-cooperation-internationale-des-associations-ultramarines-a-echelle-regionale\/#breadcrumb"},"inLanguage":"en-GB","potentialAction":[{"@type":"ReadAction","target":["https:\/\/projets-solidaires.la-guilde.org\/soutenir-la-cooperation-internationale-des-associations-ultramarines-a-echelle-regionale\/"]}]},{"@type":"ImageObject","inLanguage":"en-GB","@id":"https:\/\/projets-solidaires.la-guilde.org\/soutenir-la-cooperation-internationale-des-associations-ultramarines-a-echelle-regionale\/#primaryimage","url":"https:\/\/projets-solidaires.la-guilde.org\/wp-content\/uploads\/2025\/07\/Logo-officiel-2.png","contentUrl":"https:\/\/projets-solidaires.la-guilde.org\/wp-content\/uploads\/2025\/07\/Logo-officiel-2.png","width":1920,"height":932},{"@type":"BreadcrumbList","@id":"https:\/\/projets-solidaires.la-guilde.org\/soutenir-la-cooperation-internationale-des-associations-ultramarines-a-echelle-regionale\/#breadcrumb","itemListElement":[{"@type":"ListItem","position":1,"name":"Accueil","item":"https:\/\/projets-solidaires.la-guilde.org\/"},{"@type":"ListItem","position":2,"name":"Soutenir la coop\u00e9ration internationale des associations ultramarines fran\u00e7aises \u00e0 l\u2019\u00e9chelle r\u00e9gionale"}]},{"@type":"WebSite","@id":"https:\/\/projets-solidaires.la-guilde.org\/#website","url":"https:\/\/projets-solidaires.la-guilde.org\/","name":"La Guilde Microproject","description":"","publisher":{"@id":"https:\/\/projets-solidaires.la-guilde.org\/#organization"},"potentialAction":[{"@type":"SearchAction","target":{"@type":"EntryPoint","urlTemplate":"https:\/\/projets-solidaires.la-guilde.org\/?s={search_term_string}"},"query-input":{"@type":"PropertyValueSpecification","valueRequired":true,"valueName":"search_term_string"}}],"inLanguage":"en-GB"},{"@type":"Organization","@id":"https:\/\/projets-solidaires.la-guilde.org\/#organization","name":"La Guilde Microproject","url":"https:\/\/projets-solidaires.la-guilde.org\/","logo":{"@type":"ImageObject","inLanguage":"en-GB","@id":"https:\/\/projets-solidaires.la-guilde.org\/#\/schema\/logo\/image\/","url":"https:\/\/projets-solidaires.la-guilde.org\/wp-content\/uploads\/2025\/05\/logo-la-guilde-projets-solidaires.png","contentUrl":"https:\/\/projets-solidaires.la-guilde.org\/wp-content\/uploads\/2025\/05\/logo-la-guilde-projets-solidaires.png","width":396,"height":201,"caption":"Microprojet La Guilde"},"image":{"@id":"https:\/\/projets-solidaires.la-guilde.org\/#\/schema\/logo\/image\/"}},{"@type":"Person","@id":"https:\/\/projets-solidaires.la-guilde.org\/#\/schema\/person\/a1a7a8ab88783bd8e6164de7ec14b181","name":"laguildemp","image":{"@type":"ImageObject","inLanguage":"en-GB","@id":"https:\/\/secure.gravatar.com\/avatar\/5eb82fca917987808543c70328e7339a1c500ba9d2f9f1dd27a9e2e0f5b7c041?s=96&d=mm&r=g","url":"https:\/\/secure.gravatar.com\/avatar\/5eb82fca917987808543c70328e7339a1c500ba9d2f9f1dd27a9e2e0f5b7c041?s=96&d=mm&r=g","contentUrl":"https:\/\/secure.gravatar.com\/avatar\/5eb82fca917987808543c70328e7339a1c500ba9d2f9f1dd27a9e2e0f5b7c041?s=96&d=mm&r=g","caption":"laguildemp"}}]}},"publishpress_future_action":{"enabled":false,"date":"2026-05-06 11:31:37","action":"change-status","newStatus":"draft","terms":[],"taxonomy":"category","extraData":[]},"publishpress_future_workflow_manual_trigger":{"enabledWorkflows":[]},"_links":{"self":[{"href":"https:\/\/projets-solidaires.la-guilde.org\/en\/wp-json\/wp\/v2\/posts\/1927","targetHints":{"allow":["GET"]}}],"collection":[{"href":"https:\/\/projets-solidaires.la-guilde.org\/en\/wp-json\/wp\/v2\/posts"}],"about":[{"href":"https:\/\/projets-solidaires.la-guilde.org\/en\/wp-json\/wp\/v2\/types\/post"}],"author":[{"embeddable":true,"href":"https:\/\/projets-solidaires.la-guilde.org\/en\/wp-json\/wp\/v2\/users\/2"}],"replies":[{"embeddable":true,"href":"https:\/\/projets-solidaires.la-guilde.org\/en\/wp-json\/wp\/v2\/comments?post=1927"}],"version-history":[{"count":0,"href":"https:\/\/projets-solidaires.la-guilde.org\/en\/wp-json\/wp\/v2\/posts\/1927\/revisions"}],"wp:featuredmedia":[{"embeddable":true,"href":"https:\/\/projets-solidaires.la-guilde.org\/en\/wp-json\/wp\/v2\/media\/1932"}],"wp:attachment":[{"href":"https:\/\/projets-solidaires.la-guilde.org\/en\/wp-json\/wp\/v2\/media?parent=1927"}],"wp:term":[{"taxonomy":"category","embeddable":true,"href":"https:\/\/projets-solidaires.la-guilde.org\/en\/wp-json\/wp\/v2\/categories?post=1927"},{"taxonomy":"post_tag","embeddable":true,"href":"https:\/\/projets-solidaires.la-guilde.org\/en\/wp-json\/wp\/v2\/tags?post=1927"}],"curies":[{"name":"wp","href":"https:\/\/api.w.org\/{rel}","templated":true}]}}